{"id":59774,"date":"2024-11-07T14:08:26","date_gmt":"2024-11-07T13:08:26","guid":{"rendered":"https:\/\/www.africanchallenges.com\/?p=59774"},"modified":"2024-11-07T14:10:03","modified_gmt":"2024-11-07T13:10:03","slug":"tunisie-le-ministere-du-transport-annonce-une-serie-de-limogeages-au-sein-de-la-compagnie-nationale-tunisair","status":"publish","type":"post","link":"https:\/\/www.africanchallenges.com\/?p=59774","title":{"rendered":"Tunisie: Le minist\u00e8re du Transport annonce une s\u00e9rie de limogeages au sein de la compagnie nationale Tunisair"},"content":{"rendered":"\n<p class=\"wp-block-paragraph\">Le minist\u00e8re du Transport a annonc\u00e9, en date du 6 novembre 2024, le licenciement des responsables suivants :<\/p>\n\n\n\n<p class=\"wp-block-paragraph\">&#8211; Le responsable de la gestion de Tunisair<\/p>\n\n\n\n<p class=\"wp-block-paragraph\">&#8211; Le directeur g\u00e9n\u00e9ral de Tunisair Technics<\/p>\n\n\n\n<p class=\"wp-block-paragraph\">&#8211; Le directeur g\u00e9n\u00e9ral de Tunisie Catering<\/p>\n\n\n\n<p class=\"wp-block-paragraph\">&#8211; Le secr\u00e9taire g\u00e9n\u00e9ral de Tunisair<\/p>\n\n\n\n<p class=\"wp-block-paragraph\">&#8211; Le responsable de la direction centrale du produit.<\/p>\n\n\n\n<p class=\"wp-block-paragraph\">Le minist\u00e8re du transport a pr\u00e9cis\u00e9 que ces d\u00e9cisions r\u00e9sultent d&rsquo;une gestion d\u00e9faillante au sein du groupe Tunisair, ainsi que de choix arbitraires et irresponsables de la part des dirigeants, ayant entra\u00een\u00e9 des perturbations des vols entre le 1er et le 5 novembre 2024. La m\u00eame source a qualifi\u00e9 ces agissements d&rsquo;atteinte aux infrastructures publiques et au droit des citoyens de voyager dans des conditions ad\u00e9quates.<\/p>\n\n\n\n<p class=\"wp-block-paragraph\">Le communiqu\u00e9 a \u00e9galement fait \u00e9tat d&rsquo;un plan de sauvetage de l&rsquo;entreprise qui sera prochainement mis en \u0153uvre, incluant une restructuration de la compagnie a\u00e9rienne. De plus, le minist\u00e8re du Transport a annonc\u00e9 le lancement d&rsquo;un nouveau mod\u00e8le de gouvernance adapt\u00e9 aux besoins de l&rsquo;entreprise, ainsi qu&rsquo;une rationalisation des ressources humaines. Concernant le trafic a\u00e9rien, l&rsquo;entreprise s&rsquo;engagera \u00e0 \u00e9tablir un calendrier de vols r\u00e9gulier et \u00e0 am\u00e9liorer la qualit\u00e9 des services.<\/p>\n\n\n\n<p class=\"wp-block-paragraph\">Le minist\u00e8re a indiqu\u00e9 que d&rsquo;autres mesures, t\u00e9moignant de l&rsquo;engagement de l&rsquo;\u00c9tat envers Tunisair, seront bient\u00f4t communiqu\u00e9es.<\/p>\n\n\n\n<p class=\"wp-block-paragraph\">Des perturbations significatives ont \u00e9t\u00e9 enregistr\u00e9es dans les vols de la compagnie nationale Tunisair les 1er, 2, 3 et 4 novembre 2024, suscitant l&rsquo;indignation des passagers. Le ministre du Transport a effectu\u00e9 une visite inopin\u00e9e dans la nuit du 2 novembre, o\u00f9 il a observ\u00e9 \u00ab\u00a0certaines lacunes dans les services de catering, leur qualit\u00e9 et les conditions d&rsquo;approvisionnement, pouvant compromettre la s\u00e9curit\u00e9 des avions et de l&rsquo;\u00e9quipement\u00a0\u00bb.<\/p>\n\n\n\n<p class=\"wp-block-paragraph\">Le ministre a \u00e9galement not\u00e9, selon la m\u00eame source, un manque de vigilance dans le suivi op\u00e9rationnel et sur le terrain, ce qui entra\u00eene des retards dans les vols programm\u00e9s. Il a rappel\u00e9 que le secteur du transport a\u00e9rien, en raison de sa sensibilit\u00e9 et de ses sp\u00e9cificit\u00e9s, exige une gestion efficace, moderne et rigoureuse, en rompant avec les m\u00e9thodes obsol\u00e8tes.<\/p>\n","protected":false},"excerpt":{"rendered":"<p>Le minist\u00e8re du Transport a annonc\u00e9, en date du 6 novembre 2024, le licenciement des responsables suivants : &#8211; Le responsable de la gestion de Tunisair &#8211; Le directeur g\u00e9n\u00e9ral de Tunisair Technics &#8211; Le directeur g\u00e9n\u00e9ral de Tunisie Catering &#8211; Le secr\u00e9taire g\u00e9n\u00e9ral de Tunisair &#8211; Le responsable de la direction centrale du produit. [&hellip;]<\/p>\n","protected":false},"author":4,"featured_media":53796,"comment_status":"open","ping_status":"closed","sticky":false,"template":"","format":"standard","meta":{"content-type":"","jnews-multi-image_gallery":[],"jnews_single_post":{"subtitle":"","format":"standard","video":"","gallery":"","source_name":"","source_url":"","via_name":"","via_url":"","override_template":"0","override":[{"template":"1","single_blog_custom":"","parallax":"1","fullscreen":"1","layout":"right-sidebar","sidebar":"default-sidebar","second_sidebar":"default-sidebar","sticky_sidebar":"1","share_position":"top","share_float_style":"share-monocrhome","show_share_counter":"1","show_view_counter":"1","show_featured":"1","show_post_meta":"1","show_post_author":"1","show_post_author_image":"1","show_post_date":"1","post_date_format":"default","post_date_format_custom":"Y\/m\/d","show_post_category":"1","show_post_reading_time":"0","post_reading_time_wpm":"300","show_zoom_button":"0","zoom_button_out_step":"2","zoom_button_in_step":"3","show_post_tag":"1","show_prev_next_post":"1","show_popup_post":"1","number_popup_post":"1","show_author_box":"0","show_post_related":"0","show_inline_post_related":"0"}],"override_image_size":"0","image_override":[{"single_post_thumbnail_size":"crop-500","single_post_gallery_size":"crop-500"}],"trending_post":"0","trending_post_position":"meta","trending_post_label":"Trending","sponsored_post":"0","sponsored_post_label":"Sponsored by","sponsored_post_name":"","sponsored_post_url":"","sponsored_post_logo_enable":"0","sponsored_post_logo":"","sponsored_post_desc":"","disable_ad":"0"},"jnews_primary_category":{"id":"","hide":""},"jnews_override_bookmark_settings":[],"jnews_review":[],"enable_review":"","type":"","name":"","summary":"","brand":"","sku":"","good":[],"bad":[],"score_override":"","override_value":"","rating":[],"price":[],"jnews_post_split":[],"footnotes":""},"categories":[2],"tags":[6449,1763,924,54],"class_list":["post-59774","post","type-post","status-publish","format-standard","has-post-thumbnail","hentry","category-news-politique","tag-limogeages","tag-ministere-du-transport","tag-tunisair","tag-tunisie"],"_links":{"self":[{"href":"https:\/\/www.africanchallenges.com\/index.php?rest_route=\/wp\/v2\/posts\/59774","targetHints":{"allow":["GET"]}}],"collection":[{"href":"https:\/\/www.africanchallenges.com\/index.php?rest_route=\/wp\/v2\/posts"}],"about":[{"href":"https:\/\/www.africanchallenges.com\/index.php?rest_route=\/wp\/v2\/types\/post"}],"author":[{"embeddable":true,"href":"https:\/\/www.africanchallenges.com\/index.php?rest_route=\/wp\/v2\/users\/4"}],"replies":[{"embeddable":true,"href":"https:\/\/www.africanchallenges.com\/index.php?rest_route=%2Fwp%2Fv2%2Fcomments&post=59774"}],"version-history":[{"count":3,"href":"https:\/\/www.africanchallenges.com\/index.php?rest_route=\/wp\/v2\/posts\/59774\/revisions"}],"predecessor-version":[{"id":59778,"href":"https:\/\/www.africanchallenges.com\/index.php?rest_route=\/wp\/v2\/posts\/59774\/revisions\/59778"}],"wp:featuredmedia":[{"embeddable":true,"href":"https:\/\/www.africanchallenges.com\/index.php?rest_route=\/wp\/v2\/media\/53796"}],"wp:attachment":[{"href":"https:\/\/www.africanchallenges.com\/index.php?rest_route=%2Fwp%2Fv2%2Fmedia&parent=59774"}],"wp:term":[{"taxonomy":"category","embeddable":true,"href":"https:\/\/www.africanchallenges.com\/index.php?rest_route=%2Fwp%2Fv2%2Fcategories&post=59774"},{"taxonomy":"post_tag","embeddable":true,"href":"https:\/\/www.africanchallenges.com\/index.php?rest_route=%2Fwp%2Fv2%2Ftags&post=59774"}],"curies":[{"name":"wp","href":"https:\/\/api.w.org\/{rel}","templated":true}]}}