{"id":59737,"date":"2024-11-06T13:16:00","date_gmt":"2024-11-06T12:16:00","guid":{"rendered":"https:\/\/www.africanchallenges.com\/?p=59737"},"modified":"2024-11-06T13:20:50","modified_gmt":"2024-11-06T12:20:50","slug":"tunisie-le-chef-de-letat-recoit-un-appel-telephonique-de-son-altesse-royale-le-prince-mohammed-bin-salman-bin-abdulaziz-al-saud-prince-heritier-et-premier-ministre-du-royaume-darabie-sao","status":"publish","type":"post","link":"https:\/\/www.africanchallenges.com\/?p=59737","title":{"rendered":"Tunisie : Le chef de l&rsquo;Etat re\u00e7oit un appel t\u00e9l\u00e9phonique de Son Altesse Royale le Prince Mohammed bin Salman bin Abdulaziz Al Saud, Prince h\u00e9ritier et Premier ministre du Royaume d\u2019Arabie saoudite"},"content":{"rendered":"\n<p class=\"wp-block-paragraph\">Le 4 novembre 2024, le Pr\u00e9sident de la R\u00e9publique, Ka\u00efs Sa\u00efed, a re\u00e7u un appel t\u00e9l\u00e9phonique de son fr\u00e8re, Son Altesse Royale le Prince Mohammed bin Salman bin Abdulaziz Al Saud, Prince h\u00e9ritier et Premier ministre du Royaume d\u2019Arabie saoudite. <\/p>\n\n\n\n<p class=\"wp-block-paragraph\">Au cours de cet \u00e9change, le Prince a renouvel\u00e9 ses f\u00e9licitations \u00e0 l&rsquo;occasion de la r\u00e9\u00e9lection de Ka\u00efs Sa\u00efed \u00e0 la pr\u00e9sidence. Cet appel a \u00e9galement permis de r\u00e9affirmer la volont\u00e9 commune de renforcer les liens de fraternit\u00e9 et de coop\u00e9ration entre les deux nations et leurs peuples respectifs.<\/p>\n","protected":false},"excerpt":{"rendered":"<p>Le 4 novembre 2024, le Pr\u00e9sident de la R\u00e9publique, Ka\u00efs Sa\u00efed, a re\u00e7u un appel t\u00e9l\u00e9phonique de son fr\u00e8re, Son Altesse Royale le Prince Mohammed bin Salman bin Abdulaziz Al Saud, Prince h\u00e9ritier et Premier ministre du Royaume d\u2019Arabie saoudite. Au cours de cet \u00e9change, le Prince a renouvel\u00e9 ses f\u00e9licitations \u00e0 l&rsquo;occasion de la [&hellip;]<\/p>\n","protected":false},"author":4,"featured_media":59738,"comment_status":"open","ping_status":"closed","sticky":false,"template":"","format":"standard","meta":{"content-type":"","jnews-multi-image_gallery":[],"jnews_single_post":{"subtitle":"","format":"standard","video":"","gallery":"","source_name":"","source_url":"","via_name":"","via_url":"","override_template":"0","override":[{"template":"1","single_blog_custom":"","parallax":"1","fullscreen":"1","layout":"right-sidebar","sidebar":"default-sidebar","second_sidebar":"default-sidebar","sticky_sidebar":"1","share_position":"top","share_float_style":"share-monocrhome","show_share_counter":"1","show_view_counter":"1","show_featured":"1","show_post_meta":"1","show_post_author":"1","show_post_author_image":"1","show_post_date":"1","post_date_format":"default","post_date_format_custom":"Y\/m\/d","show_post_category":"1","show_post_reading_time":"0","post_reading_time_wpm":"300","show_zoom_button":"0","zoom_button_out_step":"2","zoom_button_in_step":"3","show_post_tag":"1","show_prev_next_post":"1","show_popup_post":"1","number_popup_post":"1","show_author_box":"0","show_post_related":"0","show_inline_post_related":"0"}],"override_image_size":"0","image_override":[{"single_post_thumbnail_size":"crop-500","single_post_gallery_size":"crop-500"}],"trending_post":"0","trending_post_position":"meta","trending_post_label":"Trending","sponsored_post":"0","sponsored_post_label":"Sponsored by","sponsored_post_name":"","sponsored_post_url":"","sponsored_post_logo_enable":"0","sponsored_post_logo":"","sponsored_post_desc":"","disable_ad":"0"},"jnews_primary_category":{"id":"","hide":""},"jnews_override_bookmark_settings":[],"jnews_review":[],"enable_review":"","type":"","name":"","summary":"","brand":"","sku":"","good":[],"bad":[],"score_override":"","override_value":"","rating":[],"price":[],"jnews_post_split":[],"footnotes":""},"categories":[2],"tags":[3712,10043,13017],"class_list":["post-59737","post","type-post","status-publish","format-standard","has-post-thumbnail","hentry","category-news-politique","tag-kais-saied-2","tag-mohammed-bin-salman-bin-abdulaziz-al-saud","tag-reelection"],"_links":{"self":[{"href":"https:\/\/www.africanchallenges.com\/index.php?rest_route=\/wp\/v2\/posts\/59737","targetHints":{"allow":["GET"]}}],"collection":[{"href":"https:\/\/www.africanchallenges.com\/index.php?rest_route=\/wp\/v2\/posts"}],"about":[{"href":"https:\/\/www.africanchallenges.com\/index.php?rest_route=\/wp\/v2\/types\/post"}],"author":[{"embeddable":true,"href":"https:\/\/www.africanchallenges.com\/index.php?rest_route=\/wp\/v2\/users\/4"}],"replies":[{"embeddable":true,"href":"https:\/\/www.africanchallenges.com\/index.php?rest_route=%2Fwp%2Fv2%2Fcomments&post=59737"}],"version-history":[{"count":1,"href":"https:\/\/www.africanchallenges.com\/index.php?rest_route=\/wp\/v2\/posts\/59737\/revisions"}],"predecessor-version":[{"id":59739,"href":"https:\/\/www.africanchallenges.com\/index.php?rest_route=\/wp\/v2\/posts\/59737\/revisions\/59739"}],"wp:featuredmedia":[{"embeddable":true,"href":"https:\/\/www.africanchallenges.com\/index.php?rest_route=\/wp\/v2\/media\/59738"}],"wp:attachment":[{"href":"https:\/\/www.africanchallenges.com\/index.php?rest_route=%2Fwp%2Fv2%2Fmedia&parent=59737"}],"wp:term":[{"taxonomy":"category","embeddable":true,"href":"https:\/\/www.africanchallenges.com\/index.php?rest_route=%2Fwp%2Fv2%2Fcategories&post=59737"},{"taxonomy":"post_tag","embeddable":true,"href":"https:\/\/www.africanchallenges.com\/index.php?rest_route=%2Fwp%2Fv2%2Ftags&post=59737"}],"curies":[{"name":"wp","href":"https:\/\/api.w.org\/{rel}","templated":true}]}}