{"id":59642,"date":"2024-10-30T20:46:50","date_gmt":"2024-10-30T19:46:50","guid":{"rendered":"https:\/\/www.africanchallenges.com\/?p=59642"},"modified":"2024-10-30T20:51:55","modified_gmt":"2024-10-30T19:51:55","slug":"lambassade-de-turquie-en-tunisie-celebre-le-101e-anniversaire-de-la-proclamation-de-la-republique-turque","status":"publish","type":"post","link":"https:\/\/www.africanchallenges.com\/?p=59642","title":{"rendered":"L\u2019ambassade de Turquie en Tunisie c\u00e9l\u00e8bre le 101\u00e8 anniversaire de la proclamation de la R\u00e9publique turque"},"content":{"rendered":"\n<p class=\"wp-block-paragraph\">L&rsquo;ambassadeur de la R\u00e9publique de Turquie, Ahmet Misbah Demircan a tenu une r\u00e9ception, le mardi 29 octobre 2024, pour c\u00e9l\u00e9brer le 101e anniversaire de la R\u00e9publique, en pr\u00e9sence du ministre de l&rsquo;Environnement, M. Habib Abid, ainsi que M.Mohamed Ben Ayed, Secr\u00e9taire d&rsquo;\u00c9tat aupr\u00e8s du Ministre des Affaires Etrang\u00e8res, de la Migration et des Tunisiens \u00e0 l&rsquo;Etranger et de diverses personnalit\u00e9s politiques.<\/p>\n\n\n\n<p class=\"wp-block-paragraph\">La soir\u00e9e a \u00e9t\u00e9 inaugur\u00e9e par un discours comm\u00e9moratif prononc\u00e9 par le pr\u00e9sident Recep Tayyip Erdo\u011fan, \u00e0 l&rsquo;occasion de cette c\u00e9l\u00e9bration marquante, &nbsp;qui a \u00e9t\u00e9 enregistr\u00e9.<\/p>\n\n\n\n<p class=\"wp-block-paragraph\">\u00ab\u00a0Au nom de mon pays et de ma nation, j&rsquo;adresse mes remerciements les plus sinc\u00e8res \u00e0 tous nos amis qui partagent notre joie, ici et dans diff\u00e9rentes r\u00e9gions du monde. Aujourd&rsquo;hui, nous sommes remplis de bonheur et de fiert\u00e9 l\u00e9gitime alors que nous c\u00e9l\u00e9brons le premier anniversaire du nouveau si\u00e8cle de notre R\u00e9publique\u00a0\u00bb, s&rsquo;est-il f\u00e9licit\u00e9.<\/p>\n\n\n\n<p class=\"wp-block-paragraph\">Erdogan a exprim\u00e9 sa gratitude aux figures fondatrices de la R\u00e9publique, en particulier au fondateur, Mustafa Kemal Ataturk, qui a honor\u00e9 la Turquie en la d\u00e9signant comme le dernier et durable maillon d&rsquo;une cha\u00eene d&rsquo;\u00c9tats dont l&rsquo;h\u00e9ritage s&rsquo;\u00e9tend sur des milliers d&rsquo;ann\u00e9es.<\/p>\n\n\n\n<p class=\"wp-block-paragraph\">Il a pri\u00e9 pour la cl\u00e9mence envers les martyrs et les v\u00e9t\u00e9rans qui ont vers\u00e9 leur sang pour l&rsquo;ind\u00e9pendance et l&rsquo;avenir de la patrie, de Malazgirt jusqu&rsquo;\u00e0 nos jours.<\/p>\n\n\n\n<p class=\"wp-block-paragraph\">\u00ab\u00a0Chacun de nos fr\u00e8res tomb\u00e9s au champ d&rsquo;honneur, comme on entre dans une roseraie pour notre ind\u00e9pendance, en particulier les martyrs que nous avons perdus lors de l&rsquo;attaque contre le si\u00e8ge des Industries a\u00e9rospatiales turques (TAI), la principale entit\u00e9 de notre industrie de d\u00e9fense, vivra toujours dans nos c\u0153urs. Nous sommes d\u00e9termin\u00e9s \u00e0 d\u00e9fendre \u00e9ternellement une T\u00fcrkiye ind\u00e9pendante, forte, honorable et prosp\u00e8re, h\u00e9ritage de nos \u00c9tats, des Seldjoukides aux Ottomans, et finalement \u00e0 la R\u00e9publique sur le sol anatolien\u00a0\u00bb, a-t-il ajout\u00e9.<\/p>\n\n\n\n<p class=\"wp-block-paragraph\">Il a &nbsp;poursuit&nbsp;: &nbsp;\u00ab\u00a0Notre nation poss\u00e8de une tradition \u00e9tatique profond\u00e9ment enracin\u00e9e de plus de 2 200 ans, symbolis\u00e9e par les 16 \u00e9toiles du sceau pr\u00e9sidentiel. \u00c0 l&rsquo;int\u00e9rieur de nos fronti\u00e8res, dans notre r\u00e9gion et dans le monde entier, nous adopterons plus fermement la perspective historique de notre nation et nos valeurs civilisationnelles pour \u00e9tablir la paix, la tranquillit\u00e9, la s\u00e9curit\u00e9 et la justice. Ni les organisations terroristes, ni ceux qui cherchent \u00e0 inonder notre r\u00e9gion de sang et de feu par leurs ambitions expansionnistes, ni les imp\u00e9rialistes qui les soutiennent et les encouragent, ne peuvent nous emp\u00eacher d&rsquo;atteindre les objectifs de notre lutte\u00a0\u00bb.<\/p>\n\n\n\n<p class=\"wp-block-paragraph\">Erdogan a exprim\u00e9 son engagement \u00e0 \u0153uvrer sans rel\u00e2che afin de propulser la Turquie vers le niveau des civilisations modernes, en s&rsquo;attaquant \u00e0 chaque lacune de mani\u00e8re syst\u00e9matique.<\/p>\n\n\n\n<p class=\"wp-block-paragraph\">\u00ab\u00a0Avec le soutien de notre nation, au cours de cette p\u00e9riode que nous avons laiss\u00e9e derri\u00e8re nous, nous avons fait des sacrifices importants, d\u00e9mantel\u00e9 d&rsquo;innombrables complots et pi\u00e8ges sournois, d\u00e9jou\u00e9 de nombreuses attaques perfides et obtenu des victoires vraiment importantes\u00a0\u00bb, a-t-il not\u00e9.<\/p>\n\n\n\n<p class=\"wp-block-paragraph\">Erdogan a \u00e9galement affirm\u00e9 que la Turquie est sur le point d&rsquo;entrer dans une phase o\u00f9 les efforts d\u00e9ploy\u00e9s dans divers secteurs, allant de la s\u00e9curit\u00e9 \u00e0 la technologie, en passant par la diplomatie et l&rsquo;\u00e9conomie, commenceront \u00e0 porter leurs fruits.<\/p>\n\n\n\n<p class=\"wp-block-paragraph\">\u00ab\u00a0Nous sommes sur le point de r\u00e9aliser le brillant avenir que nous appelons le Si\u00e8cle de la Turquie, et il ne reste que quelques obstacles \u00e0 surmonter. Nous sommes conscients des d\u00e9fis auxquels notre peuple a \u00e9t\u00e9 confront\u00e9 au cours des six derni\u00e8res ann\u00e9es, en raison des efforts d\u00e9ploy\u00e9s pour saper notre pays dans des domaines tels que la stabilit\u00e9 \u00e9conomique, notamment par le biais de menaces pour la s\u00e9curit\u00e9\u00a0\u00bb, a pr\u00e9cis\u00e9 le Pr\u00e9sident turc.<\/p>\n\n\n\n<p class=\"wp-block-paragraph\">Il a ajout\u00e9 : \u00ab\u00a0Nous savons \u00e9galement qu&rsquo;apr\u00e8s 40 ans d&rsquo;\u00e9puisement de notre \u00e9nergie, de corrosion de notre unit\u00e9 et de d\u00e9tournement de nos objectifs, nous devons enfin enterrer le fl\u00e9au du terrorisme dans l&rsquo;histoire avec tous les moyens dont nous disposons. Nous voulons ouvrir toutes grandes les portes d&rsquo;une Turquie o\u00f9 nous pourrons cultiver la joie au lieu de la tristesse, partager la prosp\u00e9rit\u00e9 au lieu des difficult\u00e9s et nourrir l&rsquo;espoir au lieu du pessimisme\u00a0\u00bb.<\/p>\n\n\n\n<p class=\"wp-block-paragraph\">Le Pr\u00e9sident turc a conclut : \u00ab\u00a0Avec l&rsquo;aide de Dieu, la sagesse et le soutien de notre peuple, ainsi que la force politique et militaire de notre pays, nous sommes d\u00e9termin\u00e9s \u00e0 sortir de cette nouvelle \u00e8re avec une R\u00e9publique encore plus forte. Je suis convaincu que tous nos citoyens, quelles que soient leur origine, leurs croyances ou leurs positions politiques, et tous nos amis dans le monde entier se tiendront \u00e0 nos c\u00f4t\u00e9s dans cette lutte historique\u00a0\u00bb.<\/p>\n\n\n\n<p class=\"wp-block-paragraph\"><\/p>\n\n\n\n<figure class=\"wp-block-gallery has-nested-images columns-default is-cropped wp-block-gallery-1 is-layout-flex wp-block-gallery-is-layout-flex\">\n<figure class=\"wp-block-image size-large\"><img fetchpriority=\"high\" decoding=\"async\" width=\"1024\" height=\"461\" data-id=\"59647\" src=\"https:\/\/www.africanchallenges.com\/wp-content\/uploads\/2024\/10\/turquie1-1024x461.jpg\" alt=\"\" class=\"wp-image-59647\" srcset=\"https:\/\/www.africanchallenges.com\/wp-content\/uploads\/2024\/10\/turquie1-1024x461.jpg 1024w, https:\/\/www.africanchallenges.com\/wp-content\/uploads\/2024\/10\/turquie1-300x135.jpg 300w, https:\/\/www.africanchallenges.com\/wp-content\/uploads\/2024\/10\/turquie1-768x346.jpg 768w, https:\/\/www.africanchallenges.com\/wp-content\/uploads\/2024\/10\/turquie1-1536x691.jpg 1536w, https:\/\/www.africanchallenges.com\/wp-content\/uploads\/2024\/10\/turquie1-750x338.jpg 750w, https:\/\/www.africanchallenges.com\/wp-content\/uploads\/2024\/10\/turquie1-1140x513.jpg 1140w, https:\/\/www.africanchallenges.com\/wp-content\/uploads\/2024\/10\/turquie1.jpg 2040w\" sizes=\"(max-width: 1024px) 100vw, 1024px\" \/><\/figure>\n\n\n\n<figure class=\"wp-block-image size-large\"><img decoding=\"async\" width=\"615\" height=\"277\" data-id=\"59644\" src=\"https:\/\/www.africanchallenges.com\/wp-content\/uploads\/2024\/10\/turquie2-1.jpg\" alt=\"\" class=\"wp-image-59644\" srcset=\"https:\/\/www.africanchallenges.com\/wp-content\/uploads\/2024\/10\/turquie2-1.jpg 615w, https:\/\/www.africanchallenges.com\/wp-content\/uploads\/2024\/10\/turquie2-1-300x135.jpg 300w\" sizes=\"(max-width: 615px) 100vw, 615px\" \/><\/figure>\n\n\n\n<figure class=\"wp-block-image size-large\"><img decoding=\"async\" width=\"615\" height=\"277\" data-id=\"59645\" src=\"https:\/\/www.africanchallenges.com\/wp-content\/uploads\/2024\/10\/turquie3.jpg\" alt=\"\" class=\"wp-image-59645\" srcset=\"https:\/\/www.africanchallenges.com\/wp-content\/uploads\/2024\/10\/turquie3.jpg 615w, https:\/\/www.africanchallenges.com\/wp-content\/uploads\/2024\/10\/turquie3-300x135.jpg 300w\" sizes=\"(max-width: 615px) 100vw, 615px\" \/><\/figure>\n\n\n\n<figure class=\"wp-block-image size-large\"><img loading=\"lazy\" decoding=\"async\" width=\"615\" height=\"277\" data-id=\"59646\" src=\"https:\/\/www.africanchallenges.com\/wp-content\/uploads\/2024\/10\/turquie4.jpg\" alt=\"\" class=\"wp-image-59646\" srcset=\"https:\/\/www.africanchallenges.com\/wp-content\/uploads\/2024\/10\/turquie4.jpg 615w, https:\/\/www.africanchallenges.com\/wp-content\/uploads\/2024\/10\/turquie4-300x135.jpg 300w\" sizes=\"(max-width: 615px) 100vw, 615px\" \/><\/figure>\n\n\n\n<figure class=\"wp-block-image size-large\"><img loading=\"lazy\" decoding=\"async\" width=\"461\" height=\"1024\" data-id=\"59648\" src=\"https:\/\/www.africanchallenges.com\/wp-content\/uploads\/2024\/10\/turquie5-461x1024.jpg\" alt=\"\" class=\"wp-image-59648\" srcset=\"https:\/\/www.africanchallenges.com\/wp-content\/uploads\/2024\/10\/turquie5-461x1024.jpg 461w, https:\/\/www.africanchallenges.com\/wp-content\/uploads\/2024\/10\/turquie5-135x300.jpg 135w, https:\/\/www.africanchallenges.com\/wp-content\/uploads\/2024\/10\/turquie5.jpg 615w\" sizes=\"(max-width: 461px) 100vw, 461px\" \/><\/figure>\n\n\n\n<figure class=\"wp-block-image size-large\"><img loading=\"lazy\" decoding=\"async\" width=\"1024\" height=\"461\" data-id=\"59649\" src=\"https:\/\/www.africanchallenges.com\/wp-content\/uploads\/2024\/10\/Turquie6-1024x461.jpg\" alt=\"\" class=\"wp-image-59649\" srcset=\"https:\/\/www.africanchallenges.com\/wp-content\/uploads\/2024\/10\/Turquie6-1024x461.jpg 1024w, https:\/\/www.africanchallenges.com\/wp-content\/uploads\/2024\/10\/Turquie6-300x135.jpg 300w, https:\/\/www.africanchallenges.com\/wp-content\/uploads\/2024\/10\/Turquie6-768x346.jpg 768w, https:\/\/www.africanchallenges.com\/wp-content\/uploads\/2024\/10\/Turquie6-1536x691.jpg 1536w, https:\/\/www.africanchallenges.com\/wp-content\/uploads\/2024\/10\/Turquie6-750x338.jpg 750w, https:\/\/www.africanchallenges.com\/wp-content\/uploads\/2024\/10\/Turquie6-1140x513.jpg 1140w, https:\/\/www.africanchallenges.com\/wp-content\/uploads\/2024\/10\/Turquie6.jpg 2040w\" sizes=\"(max-width: 1024px) 100vw, 1024px\" \/><\/figure>\n<\/figure>\n\n\n\n<p class=\"wp-block-paragraph\">L&rsquo;ambassadeur de la R\u00e9publique de Turquie en Tunisie, Ahmet Misbah Demircan a commenc\u00e9 son discours en f\u00e9licitant les personnes pr\u00e9sentes et en saluant leur participation. Il  a rendu hommage au fondateur de la R\u00e9publique turque,Mustafa Kemal Ataturk ainsi qu&rsquo;aux martyrs.<\/p>\n\n\n\n<p class=\"wp-block-paragraph\">\u00ab La Turquie traverse une p\u00e9riode significative de son histoire, marqu\u00e9e par des avanc\u00e9es dans l&rsquo;enseignement, la culture, l&rsquo;innovation technologique, la politique \u00e9trang\u00e8re et l&rsquo;industrie de d\u00e9fense sous la pr\u00e9sidence d&rsquo;Erdogan. \u00bb<\/p>\n\n\n\n<p class=\"wp-block-paragraph\">Il a \u00e9galement salu\u00e9 la Tunisie, la qualifiant de \u00ab belle terre \u00bb, o\u00f9 il a appris la langue arabe durant son enfance, il y a pr\u00e8s de 30 ans. Il a exprim\u00e9 son honneur d&rsquo;\u00eatre ambassadeur, le 15 mars 2024.<\/p>\n\n\n\n<p class=\"wp-block-paragraph\">Ahmet Misbah Demircan a soulign\u00e9 les liens entre les deux nations, b\u00e2tis par les deux peuples au fil des si\u00e8cles. En \u00e9voquant l&rsquo;histoire, il a mentionn\u00e9 Hannibal et le philosophe Averro\u00e8s du 14\u00e8me si\u00e8cle, ainsi que l&rsquo;appui militaire et l&rsquo;\u00e9poque des Beys. Il a \u00e9galement cit\u00e9 Saladin, qui a contribu\u00e9 \u00e0 la marine tunisienne et a re\u00e7u le titre de Tunisien. Enfin, il a rappel\u00e9 le cadre historique du 7 mars 1965, en r\u00e9f\u00e9rence \u00e0 Habib Bourguiba.<\/p>\n\n\n\n<p class=\"wp-block-paragraph\">Le diplomate turc a exprim\u00e9 le d\u00e9sir de son pays de d\u00e9velopper le partenariat, en mettant particuli\u00e8rement l&rsquo;accent sur le partage des visites officielles et l&rsquo;investissement dans les domaines de l&rsquo;enseignement, de la culture, de l&rsquo;art, du sport et du d\u00e9veloppement durable, \u00e0 travers des projets communs.<\/p>\n\n\n\n<p class=\"wp-block-paragraph\">Suite de la r\u00e9\u00e9lection du pr\u00e9sident Kais Saied, il a exprim\u00e9 ses v\u0153ux de bonheur et de prosp\u00e9rit\u00e9 pour le peuple tunisien.<\/p>\n\n\n\n<p class=\"wp-block-paragraph\">Le commerce et la culture constituent les premiers domaines de collaboration et de partenariat gagnant-gagnant. Dans ce contexte, il a indiqu\u00e9 que le volume des \u00e9changes commerciaux entre les deux pays, \u00e9tait de 630 millions de dollars, et il est pass\u00e9 \u00e0 1,5 milliard de dollars en 2023.<\/p>\n\n\n\n<p class=\"wp-block-paragraph\">La Turquie souhaite renforcer l&rsquo;investissement ; au cours des sept derniers mois, plus de 400 hommes d&rsquo;affaires turcs ont visit\u00e9 la Tunisie au cours des six derniers mois, tandis que 180 hommes d\u2019affaires tunisiens se sont rendus en Turquie.<\/p>\n\n\n\n<p class=\"wp-block-paragraph\">En tant qu&rsquo;\u00c9tat qui accorde des aides humanitaires sans distinction de race ou de religion, la Turquie vise \u00e0 r\u00e9soudre les conflits internationaux par des solutions pacifiques et \u00e0 lutter contre les assassinats \u00e0 Gaza, au Liban, en Syrie, en Ukraine et dans d&rsquo;autres pays du monde.<\/p>\n\n\n\n<p class=\"wp-block-paragraph\">L&rsquo;ambassadeur a fermement condamn\u00e9 la r\u00e9cente attaque terroriste survenue en Turquie la semaine derni\u00e8re et a rendu hommage aux victimes de cet attentat.<\/p>\n\n\n\n<p class=\"wp-block-paragraph\">&nbsp;Il a soulign\u00e9 l&rsquo;importance d&rsquo;une coop\u00e9ration mondiale et r\u00e9gionale pour \u00e9laborer des solutions internationales face \u00e0 des enjeux tels que la migration irr\u00e9guli\u00e8re, le changement climatique et les in\u00e9galit\u00e9s.<\/p>\n\n\n\n<p class=\"wp-block-paragraph\">\u00ab&nbsp;La Turquie continuera, \u00e0 travers sa politique \u00e9trang\u00e8re, \u00e0 assumer son r\u00f4le de leader humanitaire en \u0153uvrant pour un monde d\u00e9velopp\u00e9&nbsp;\u00bb.<\/p>\n\n\n\n<p class=\"wp-block-paragraph\">Ahmet Misbah Demircan , a \u00e9galement exprim\u00e9 sa gratitude envers les autorit\u00e9s tunisiennes et les ressortissants turcs.<\/p>\n\n\n\n<p class=\"wp-block-paragraph\">De son c\u00f4t\u00e9, le ministre de l\u2019Environnement tunisien, Habib Abid, a exprim\u00e9 ses v\u0153ux au peuple turc, soulignant que les relations diplomatiques entre la Tunisie et la Turquie remontent \u00e0 1936. Il a \u00e9voqu\u00e9 le respect mutuel et le renforcement des relations politiques, ainsi que la coop\u00e9ration bilat\u00e9rale dans des domaines d\u2019int\u00e9r\u00eat commun. La Tunisie accorde une grande importance \u00e0 la compr\u00e9hension par ses partenaires des efforts qu&rsquo;elle d\u00e9ploie pour consolider son processus d\u00e9mocratique et surmonter, en s\u2019appuyant sur \u00ab nos propres moyens \u00bb, les d\u00e9fis \u00e9conomiques et sociaux auxquels elle fait face depuis plus d\u2019une d\u00e9cennie.<\/p>\n\n\n\n<p class=\"wp-block-paragraph\">Il a \u00e9galement soulign\u00e9 l&rsquo;importance de relever ensemble les d\u00e9fis dans le cadre commercial, en r\u00e9f\u00e9rence \u00e0 la signature, le 3 d\u00e9cembre 2021, par les ministres du commerce des deux pays , d\u2019une d\u00e9cision visaant \u00e0 r\u00e9viser l\u2019accord de libre-\u00e9change.<\/p>\n\n\n\n<p class=\"wp-block-paragraph\">Le ministre a f\u00e9licit\u00e9 la qualit\u00e9 de la coop\u00e9ration militaire entre les deux pays dans un contexte g\u00e9opolitique en pleine mutation.<\/p>\n\n\n\n<p class=\"wp-block-paragraph\">De plus, il a condamn\u00e9 les g\u00e9nocides perp\u00e9tr\u00e9s contre les civils dans les territoires occup\u00e9s, notamment au Liban et en Iran, appelant \u00e0 une action urgente de la communaut\u00e9 internationale pour imposer un cessez-le-feu imm\u00e9diat et r\u00e9tablir la paix et la s\u00e9curit\u00e9 dans une r\u00e9gion de plus en plus menac\u00e9e.<\/p>\n\n\n\n<p class=\"wp-block-paragraph\">&nbsp;Au nom du gouvernement tunisien, il a r\u00e9it\u00e9r\u00e9 l\u2019importance de promouvoir un partenariat gagnant-gagnant dans tous les domaines entre la Tunisie et la Turquie.<\/p>\n","protected":false},"excerpt":{"rendered":"<p>L&rsquo;ambassadeur de la R\u00e9publique de Turquie, Ahmet Misbah Demircan a tenu une r\u00e9ception, le mardi 29 octobre 2024, pour c\u00e9l\u00e9brer le 101e anniversaire de la R\u00e9publique, en pr\u00e9sence du ministre de l&rsquo;Environnement, M. Habib Abid, ainsi que M.Mohamed Ben Ayed, Secr\u00e9taire d&rsquo;\u00c9tat aupr\u00e8s du Ministre des Affaires Etrang\u00e8res, de la Migration et des Tunisiens \u00e0 [&hellip;]<\/p>\n","protected":false},"author":3,"featured_media":59643,"comment_status":"open","ping_status":"closed","sticky":false,"template":"","format":"standard","meta":{"content-type":"","jnews-multi-image_gallery":[],"jnews_single_post":{"subtitle":"","format":"standard","video":"","gallery":"","source_name":"","source_url":"","via_name":"","via_url":"","override_template":"0","override":[{"template":"1","single_blog_custom":"","parallax":"1","fullscreen":"1","layout":"right-sidebar","sidebar":"default-sidebar","second_sidebar":"default-sidebar","sticky_sidebar":"1","share_position":"top","share_float_style":"share-monocrhome","show_share_counter":"1","show_view_counter":"1","show_featured":"1","show_post_meta":"1","show_post_author":"1","show_post_author_image":"1","show_post_date":"1","post_date_format":"default","post_date_format_custom":"Y\/m\/d","show_post_category":"1","show_post_reading_time":"0","post_reading_time_wpm":"300","show_zoom_button":"0","zoom_button_out_step":"2","zoom_button_in_step":"3","show_post_tag":"1","show_prev_next_post":"1","show_popup_post":"1","number_popup_post":"1","show_author_box":"0","show_post_related":"0","show_inline_post_related":"0"}],"override_image_size":"0","image_override":[{"single_post_thumbnail_size":"crop-500","single_post_gallery_size":"crop-500"}],"trending_post":"0","trending_post_position":"meta","trending_post_label":"Trending","sponsored_post":"0","sponsored_post_label":"Sponsored by","sponsored_post_name":"","sponsored_post_url":"","sponsored_post_logo_enable":"0","sponsored_post_logo":"","sponsored_post_desc":"","disable_ad":"0"},"jnews_primary_category":{"id":"","hide":""},"jnews_override_bookmark_settings":[],"jnews_review":[],"enable_review":"","type":"","name":"","summary":"","brand":"","sku":"","good":[],"bad":[],"score_override":"","override_value":"","rating":[],"price":[],"jnews_post_split":[],"footnotes":""},"categories":[2],"tags":[13566,209,5178,7575],"class_list":["post-59642","post","type-post","status-publish","format-standard","has-post-thumbnail","hentry","category-news-politique","tag-ahmet-misbah-demircan","tag-anniversaire","tag-proclamation","tag-republique-turque"],"_links":{"self":[{"href":"https:\/\/www.africanchallenges.com\/index.php?rest_route=\/wp\/v2\/posts\/59642","targetHints":{"allow":["GET"]}}],"collection":[{"href":"https:\/\/www.africanchallenges.com\/index.php?rest_route=\/wp\/v2\/posts"}],"about":[{"href":"https:\/\/www.africanchallenges.com\/index.php?rest_route=\/wp\/v2\/types\/post"}],"author":[{"embeddable":true,"href":"https:\/\/www.africanchallenges.com\/index.php?rest_route=\/wp\/v2\/users\/3"}],"replies":[{"embeddable":true,"href":"https:\/\/www.africanchallenges.com\/index.php?rest_route=%2Fwp%2Fv2%2Fcomments&post=59642"}],"version-history":[{"count":5,"href":"https:\/\/www.africanchallenges.com\/index.php?rest_route=\/wp\/v2\/posts\/59642\/revisions"}],"predecessor-version":[{"id":59657,"href":"https:\/\/www.africanchallenges.com\/index.php?rest_route=\/wp\/v2\/posts\/59642\/revisions\/59657"}],"wp:featuredmedia":[{"embeddable":true,"href":"https:\/\/www.africanchallenges.com\/index.php?rest_route=\/wp\/v2\/media\/59643"}],"wp:attachment":[{"href":"https:\/\/www.africanchallenges.com\/index.php?rest_route=%2Fwp%2Fv2%2Fmedia&parent=59642"}],"wp:term":[{"taxonomy":"category","embeddable":true,"href":"https:\/\/www.africanchallenges.com\/index.php?rest_route=%2Fwp%2Fv2%2Fcategories&post=59642"},{"taxonomy":"post_tag","embeddable":true,"href":"https:\/\/www.africanchallenges.com\/index.php?rest_route=%2Fwp%2Fv2%2Ftags&post=59642"}],"curies":[{"name":"wp","href":"https:\/\/api.w.org\/{rel}","templated":true}]}}