{"id":59526,"date":"2024-10-25T13:45:26","date_gmt":"2024-10-25T12:45:26","guid":{"rendered":"https:\/\/www.africanchallenges.com\/?p=59526"},"modified":"2024-10-25T13:46:13","modified_gmt":"2024-10-25T12:46:13","slug":"lancement-du-projet-elyssa-un-fonds-daide-a-la-creation-pour-soutenir-la-scene-artistique-tunisienne","status":"publish","type":"post","link":"https:\/\/www.africanchallenges.com\/?p=59526","title":{"rendered":"Lancement du projet Elyssa :\u00a0Un fonds d&rsquo;aide \u00e0 la cr\u00e9ation pour soutenir la sc\u00e8ne artistique tunisienne"},"content":{"rendered":"\n<p class=\"wp-block-paragraph\">\u2013 L&rsquo;Institut fran\u00e7ais de Tunisie (IFT) annonce le lancement officiel d\u2019Elyssa, un fonds d\u2019aide \u00e0 la cr\u00e9ation visant \u00e0 soutenir les artistes r\u00e9sidant en Tunisie dans les domaines des <strong>arts visuels<\/strong> et des <strong>musiques<\/strong>. Ce projet innovant a pour ambition d\u2019accompagner la sc\u00e8ne artistique tunisienne en offrant un soutien personnalis\u00e9 \u00e0 des artistes \u00e9mergents et confirm\u00e9s.<\/p>\n\n\n\n<p class=\"wp-block-paragraph\"><strong>UN APPUI <\/strong><strong>\u00c0 LA CR\u00c9ATION ET \u00c0 L&rsquo;ENTREPRENEURIAT CULTUREL<\/strong><\/p>\n\n\n\n<p class=\"wp-block-paragraph\">Le fonds Elyssa s&rsquo;adresse aux artistes visuels et aux musiciens r\u00e9sidant en Tunisie, avec pour objectifs d\u2019identifier et de soutenir des projets novateurs et audacieux et de promouvoir l\u2019entrepreneuriat culturel dans le pays.<\/p>\n\n\n\n<p class=\"wp-block-paragraph\">Via quatre appels \u00e0 candidatures, deux pour les musiques et deux pour les arts visuels, trente projets seront s\u00e9lectionn\u00e9s. Les artistes b\u00e9n\u00e9ficieront alors d\u2019un accompagnement sur mesure, destin\u00e9 \u00e0 les guider dans leur processus de cr\u00e9ation, \u00e0 renforcer leur visibilit\u00e9 et \u00e0 favoriser la diffusion de leurs \u0153uvres. De plus, un appui financier et logistique sera apport\u00e9 aux artistes, adapt\u00e9 en fonction des besoins sp\u00e9cifiques de chaque projet.<\/p>\n\n\n\n<p class=\"wp-block-paragraph\">Un <strong>comit\u00e9 de professionnels associ\u00e9s<\/strong> \u00e0 l&rsquo;Institut fran\u00e7ais de Tunisie, compos\u00e9 de figures renomm\u00e9es de la sc\u00e8ne artistique tunisienne, fran\u00e7aise et internationale, aura la responsabilit\u00e9 de s\u00e9lectionner les projets. Ce comit\u00e9 inclut des artistes, des repr\u00e9sentants de festivals, de centres d&rsquo;art et de galeries, des commissaires d\u2019exposition et experts sectoriels afin de garantir une approche inclusive et collaborative dans la s\u00e9lection.<\/p>\n\n\n\n<p class=\"wp-block-paragraph\"><strong>TROIS PHASES POUR FAVORISER LA CR\u00c9ATION ARTISTIQUE<\/strong><\/p>\n\n\n\n<p class=\"wp-block-paragraph\">Le projet <strong>Elyssa<\/strong> se d\u00e9cline en trois phases cl\u00e9s :<\/p>\n\n\n\n<ol class=\"wp-block-list\">\n<li><strong>Phase d\u2019id\u00e9ation<\/strong> : exclusivement d\u00e9di\u00e9e aux artistes \u00e9mergents, cette phase permettra aux cr\u00e9ateurs de d\u00e9velopper leurs projets en partenariat avec des structures d\u2019incubation sp\u00e9cialis\u00e9es.<\/li>\n\n\n\n<li><strong>Phase de production<\/strong> : les artistes \u00e9mergents et confirm\u00e9s concr\u00e9tiseront leurs projets au sein de r\u00e9sidences artistiques partenaires, tout en b\u00e9n\u00e9ficiant d\u2019un accompagnement personnalis\u00e9 avec l\u2019intervention de mentors, conseillers artistiques et\/ou experts du secteur.<\/li>\n\n\n\n<li><strong>Phase de diffusion<\/strong> : les projets seront diffus\u00e9s en Tunisie et\/ou \u00e0 l&rsquo;international en fonction des opportunit\u00e9s, avec le soutien de programmateurs et de partenaires de diffusion.<\/li>\n<\/ol>\n\n\n\n<p class=\"wp-block-paragraph\"><strong>UN CALENDRIER PR\u00c9CIS POUR LES DIFF\u00c9RENTES \u00c9TAPES DU PROJET<\/strong><\/p>\n\n\n\n<p class=\"wp-block-paragraph\">Le <strong>24 octobre 2024<\/strong> marque le lancement des premiers appels \u00e0 candidatures, \u00e0 destination des artistes \u00e9mergents des secteurs des arts visuels et des musiques. Les prochaines grandes \u00e9tapes du projet seront :<\/p>\n\n\n\n<ul class=\"wp-block-list\">\n<li><strong>Mi-d\u00e9cembre 2024<\/strong> : annonce des laur\u00e9ats.<\/li>\n\n\n\n<li><strong>Janvier-F\u00e9vrier 2025<\/strong> : phase d\u2019id\u00e9ation avec des formations sp\u00e9cialis\u00e9es et phase de production en r\u00e9sidence pour les artistes \u00e9mergents.<\/li>\n\n\n\n<li><strong>D\u00e9but mars 2025<\/strong> : lancement des deuxi\u00e8mes appels \u00e0 candidatures pour les artistes confirm\u00e9s.<\/li>\n\n\n\n<li><strong>Mai 2025<\/strong> : annonce des laur\u00e9ats.<\/li>\n\n\n\n<li><strong>Juin 2025\u00a0<\/strong>: phase de r\u00e9sidence artistique pour les artistes confirm\u00e9s.<\/li>\n\n\n\n<li><strong>Juin \u00e0 octobre 2025<\/strong> : phase de diffusion des \u0153uvres s\u00e9lectionn\u00e9es, \u00e0 travers des \u00e9v\u00e9nements et expositions publiques.<\/li>\n\n\n\n<li><strong>Fin octobre 2025<\/strong> : cl\u00f4ture officielle du projet.<\/li>\n<\/ul>\n\n\n\n<p class=\"wp-block-paragraph\"><strong>UN SOUTIEN STRUCTUR\u00c9 ET UNE VISIBILIT\u00c9 ACCRUE<\/strong><\/p>\n\n\n\n<p class=\"wp-block-paragraph\">Les artistes s\u00e9lectionn\u00e9s b\u00e9n\u00e9ficieront d&rsquo;une <strong>allocation de cr\u00e9ation ajust\u00e9e<\/strong> \u00e0 leurs besoins et d\u2019un accompagnement tout au long de leur processus de cr\u00e9ation. Les r\u00e9sidences artistiques, d&rsquo;une dur\u00e9e de 20 jours en moyenne selon le secteur, se d\u00e9rouleront en collaboration avec des partenaires locaux et internationaux. Chaque r\u00e9sidence se terminera par une <strong>sortie de r\u00e9sidence<\/strong> et des \u00e9v\u00e9nements publics, tels que des expositions ou performances, offrant une visibilit\u00e9 accrue aux artistes.<\/p>\n\n\n\n<p class=\"wp-block-paragraph\">Le projet <strong>Elyssa<\/strong> se distingue par son <strong>approche int\u00e9gr\u00e9e, alliant<\/strong> <strong>accompagnement personnalis\u00e9<\/strong>, <strong>r\u00e9seautage professionnel<\/strong> et <strong>visibilit\u00e9 m\u00e9diatique<\/strong>. Ce programme vise \u00e0 propulser la sc\u00e8ne artistique tunisienne vers de nouveaux horizons, tout en facilitant l\u2019acc\u00e8s \u00e0 des opportunit\u00e9s \u00e0 l\u2019international.<\/p>\n\n\n\n<p class=\"wp-block-paragraph\"><strong>UN PREMIER APPEL \u00c0 CANDIDATURES POUR LES ARTISTES \u00c9MERGENTS<\/strong><\/p>\n\n\n\n<p class=\"wp-block-paragraph\">L\u2019Institut fran\u00e7ais de Tunisie invite les artistes visuels et les musiciens en d\u00e9but de carri\u00e8re \u00e0 soumettre leur candidature avant le <strong>21 novembre 2024<\/strong> pour b\u00e9n\u00e9ficier de cet accompagnement unique. Les crit\u00e8res d\u2019\u00e9ligibilit\u00e9 et de s\u00e9lection ainsi que les d\u00e9tails des appels \u00e0 candidatures sont \u00e0 d\u00e9couvrir sur le site d\u2019Elyssa.<\/p>\n\n\n\n<p class=\"wp-block-paragraph\"><strong>Comment candidater ?<\/strong><\/p>\n\n\n\n<p class=\"wp-block-paragraph\">Les candidatures sont \u00e0 d\u00e9poser en ligne sur le site du projet Elyssa. Les artistes doivent fournir un dossier complet incluant entre autres un CV, un portfolio ainsi qu&rsquo;une note d\u2019intention pr\u00e9sentant leur projet artistique. Les bin\u00f4mes d\u2019artistes sont \u00e9ligibles.<\/p>\n\n\n\n<p class=\"wp-block-paragraph\"><a><strong><em>Le projet Elyssa<\/em><\/strong><\/a><em> est une initiative de l&rsquo;Institut fran\u00e7ais de Tunisie soutenue par le Fonds \u00c9quipe France. Il constitue une opportunit\u00e9 pour les artistes \u00e9tablis en Tunisie d&rsquo;exprimer leur cr\u00e9ativit\u00e9 tout en b\u00e9n\u00e9ficiant d\u2019un accompagnement professionnel structur\u00e9.<\/em><em><\/em><\/p>\n","protected":false},"excerpt":{"rendered":"<p>\u2013 L&rsquo;Institut fran\u00e7ais de Tunisie (IFT) annonce le lancement officiel d\u2019Elyssa, un fonds d\u2019aide \u00e0 la cr\u00e9ation visant \u00e0 soutenir les artistes r\u00e9sidant en Tunisie dans les domaines des arts visuels et des musiques. Ce projet innovant a pour ambition d\u2019accompagner la sc\u00e8ne artistique tunisienne en offrant un soutien personnalis\u00e9 \u00e0 des artistes \u00e9mergents et [&hellip;]<\/p>\n","protected":false},"author":4,"featured_media":59527,"comment_status":"open","ping_status":"closed","sticky":false,"template":"","format":"standard","meta":{"content-type":"","jnews-multi-image_gallery":[],"jnews_single_post":{"subtitle":"","format":"standard","video":"","gallery":"","source_name":"","source_url":"","via_name":"","via_url":"","override_template":"0","override":[{"template":"1","single_blog_custom":"","parallax":"1","fullscreen":"1","layout":"right-sidebar","sidebar":"default-sidebar","second_sidebar":"default-sidebar","sticky_sidebar":"1","share_position":"top","share_float_style":"share-monocrhome","show_share_counter":"1","show_view_counter":"1","show_featured":"1","show_post_meta":"1","show_post_author":"1","show_post_author_image":"1","show_post_date":"1","post_date_format":"default","post_date_format_custom":"Y\/m\/d","show_post_category":"1","show_post_reading_time":"0","post_reading_time_wpm":"300","show_zoom_button":"0","zoom_button_out_step":"2","zoom_button_in_step":"3","show_post_tag":"1","show_prev_next_post":"1","show_popup_post":"1","number_popup_post":"1","show_author_box":"0","show_post_related":"0","show_inline_post_related":"0"}],"override_image_size":"0","image_override":[{"single_post_thumbnail_size":"crop-500","single_post_gallery_size":"crop-500"}],"trending_post":"0","trending_post_position":"meta","trending_post_label":"Trending","sponsored_post":"0","sponsored_post_label":"Sponsored by","sponsored_post_name":"","sponsored_post_url":"","sponsored_post_logo_enable":"0","sponsored_post_logo":"","sponsored_post_desc":"","disable_ad":"0"},"jnews_primary_category":{"id":"","hide":""},"jnews_override_bookmark_settings":[],"jnews_review":[],"enable_review":"","type":"","name":"","summary":"","brand":"","sku":"","good":[],"bad":[],"score_override":"","override_value":"","rating":[],"price":[],"jnews_post_split":[],"footnotes":""},"categories":[17],"tags":[894,13528,13530],"class_list":["post-59526","post","type-post","status-publish","format-standard","has-post-thumbnail","hentry","category-entertainment","tag-creation","tag-projet-elyssa","tag-scene-artistique-tunisienne"],"_links":{"self":[{"href":"https:\/\/www.africanchallenges.com\/index.php?rest_route=\/wp\/v2\/posts\/59526","targetHints":{"allow":["GET"]}}],"collection":[{"href":"https:\/\/www.africanchallenges.com\/index.php?rest_route=\/wp\/v2\/posts"}],"about":[{"href":"https:\/\/www.africanchallenges.com\/index.php?rest_route=\/wp\/v2\/types\/post"}],"author":[{"embeddable":true,"href":"https:\/\/www.africanchallenges.com\/index.php?rest_route=\/wp\/v2\/users\/4"}],"replies":[{"embeddable":true,"href":"https:\/\/www.africanchallenges.com\/index.php?rest_route=%2Fwp%2Fv2%2Fcomments&post=59526"}],"version-history":[{"count":1,"href":"https:\/\/www.africanchallenges.com\/index.php?rest_route=\/wp\/v2\/posts\/59526\/revisions"}],"predecessor-version":[{"id":59528,"href":"https:\/\/www.africanchallenges.com\/index.php?rest_route=\/wp\/v2\/posts\/59526\/revisions\/59528"}],"wp:featuredmedia":[{"embeddable":true,"href":"https:\/\/www.africanchallenges.com\/index.php?rest_route=\/wp\/v2\/media\/59527"}],"wp:attachment":[{"href":"https:\/\/www.africanchallenges.com\/index.php?rest_route=%2Fwp%2Fv2%2Fmedia&parent=59526"}],"wp:term":[{"taxonomy":"category","embeddable":true,"href":"https:\/\/www.africanchallenges.com\/index.php?rest_route=%2Fwp%2Fv2%2Fcategories&post=59526"},{"taxonomy":"post_tag","embeddable":true,"href":"https:\/\/www.africanchallenges.com\/index.php?rest_route=%2Fwp%2Fv2%2Ftags&post=59526"}],"curies":[{"name":"wp","href":"https:\/\/api.w.org\/{rel}","templated":true}]}}