{"id":59513,"date":"2024-10-24T16:32:55","date_gmt":"2024-10-24T15:32:55","guid":{"rendered":"https:\/\/www.africanchallenges.com\/?p=59513"},"modified":"2024-10-24T16:41:33","modified_gmt":"2024-10-24T15:41:33","slug":"soiree-marque-france-lambassadrice-recoit-la-jeunesse-tunisienne","status":"publish","type":"post","link":"https:\/\/www.africanchallenges.com\/?p=59513","title":{"rendered":"Soir\u00e9e Marque France : L&rsquo;Ambassadrice de France en Tunisie, Anne Gu\u00e9guen re\u00e7oit la jeunesse tunisienne"},"content":{"rendered":"\n<p class=\"wp-block-paragraph\">L\u2019ambassadrice de France en Tunisie, Anne Gu\u00e9guen, a re\u00e7u le 21 octobre dans le \u00ab&nbsp;Start up village&nbsp;\u00bb \u00e0 Tunis \u2013 en pr\u00e9sence de Wassim Ben Larbi \u2013 le Pr\u00e9sident du comit\u00e9 national olympique Tunisien, des athl\u00e8tes m\u00e9daill\u00e9s aux Jeux Olympiques et Paralympiques de Paris 2024 ainsi que des jeunes entrepreneurs tunisiens pour \u00e9changer sur les diff\u00e9rents temps fort de l\u2019action de l\u2019\u00ab&nbsp;Equipe France&nbsp;\u00bb en Tunisie au cours de l\u2019ann\u00e9e \u00e9coul\u00e9e. L\u2019&nbsp;\u00ab&nbsp;Equipe France&nbsp;\u00bb est compos\u00e9e des \u00e9quipes de l\u2019ambassade de France mais \u00e9galement des op\u00e9rateurs et leurs partenaires ainsi que tous ceux \u2013 issus du priv\u00e9 comme du public \u2013 qui ont \u00e0 c\u0153ur de renforcer cette relation d\u2019amiti\u00e9 franco-tunisienne dans un esprit d\u2019\u00e9quilibre, de respect et de r\u00e9ciprocit\u00e9.<\/p>\n\n\n\n<p class=\"wp-block-paragraph\">La relation franco-tunisienne n\u2019est pas uniquement \u00ab&nbsp;bilat\u00e9rale&nbsp;\u00bb mais une v\u00e9ritable relation \u00ab&nbsp;inter-sociale&nbsp;\u00bb dans laquelle interagissent tout type d\u2019acteurs&nbsp;: entreprises&nbsp;; artistes&nbsp;; scientifiques&nbsp;; sportifs&nbsp;; repr\u00e9sentants d\u2019association. C\u2019est ce qui la rend si vivante, vari\u00e9e et \u00ab&nbsp;marquante pour les esprits&nbsp;\u00bb comme le souligne notre slogan \u00ab&nbsp;Marquez les esprits&nbsp;\u00bb.<\/p>\n\n\n\n<p class=\"wp-block-paragraph\">L\u2019ambassadrice a, depuis sa prise de fonction en ao\u00fbt 2023, \u00e0 c\u0153ur de mener sur le terrain, partout en Tunisie o\u00f9 elle s\u2019est rendue \u00e0 de multiples reprises&nbsp;: Sousse&nbsp;; Sfax&nbsp;; B\u00e9ja&nbsp;; Le Kef&nbsp;; Hammamet&nbsp;; Bizerte&nbsp;; Djerba&nbsp;; Zaghouan&nbsp;; Tozeur &#8211; des actions concr\u00e8tes au service du renforcement de notre amiti\u00e9 franco-tunisienne. A l\u2019occasion de cette soir\u00e9e, Anne Gu\u00e9guen a fait le point sur les temps forts de l\u2019ann\u00e9e \u00e9coul\u00e9e.<\/p>\n\n\n\n<p class=\"wp-block-paragraph\"><strong><u>Les athl\u00e8tes tunisiens aux Jeux Olympiques de Paris 2024&nbsp;: une fiert\u00e9 et une joie partag\u00e9e<\/u><\/strong><\/p>\n\n\n\n<ul class=\"wp-block-list\">\n<li><strong>Les Jeux Olympiques et Paralympiques de Paris 2024<\/strong>\u00a0avec des moments inoubliables et les 3 m\u00e9dailles olympiques et 11 paralympiques pour la Tunisie. Nous ne pouvions esp\u00e9rer plus beaux moments \u00e0 partager ensemble.<\/li>\n<\/ul>\n\n\n\n<ul class=\"wp-block-list\">\n<li><strong>L\u2019ambassadrice a salu\u00e9 le courage et la pers\u00e9v\u00e9rance des athl\u00e8tes et leur a renouvel\u00e9 ses chaleureuses f\u00e9licitations<\/strong>. Ils ont fait vibrer la Tunisie ainsi que la France enti\u00e8re qui avait les yeux riv\u00e9s sur ces champions.<\/li>\n<\/ul>\n\n\n\n<ul class=\"wp-block-list\">\n<li><strong>En 2024, la France a nou\u00e9 de nouveaux partenariats avec les organisations de la soci\u00e9t\u00e9 civile, dans de nombreux domaines<\/strong>. Anne Gu\u00e9guen a insist\u00e9 sur celui du sport et des valeurs qu\u2019il permet de transmettre\u00a0: \u00e9galit\u00e9, solidarit\u00e9, inclusion, insertion citoyenne et \u00e9conomique des jeunes. 12 associations, dont plusieurs ont \u00e9t\u00e9 repr\u00e9sent\u00e9es lors de cette soir\u00e9e, ont \u00e9t\u00e9 soutenues par l\u2019Institut fran\u00e7ais de Tunisie pour leurs projets dans de nombreuses disciplines, allant du basketball mixte au handisport en passant par le skateboard, la voile ou la boxe.<\/li>\n<\/ul>\n\n\n\n<p class=\"wp-block-paragraph\">Nous sommes ravis de cette dynamique qui nous conforte dans la conviction que le sport est un vecteur d\u2019engagement exceptionnel, en particulier pour les jeunes, et un domaine qui permet \u00e0 notre ambassade de s\u2019ouvrir \u00e0 de nouveaux acteurs et partenaires.<\/p>\n\n\n\n<p class=\"wp-block-paragraph\"><strong><u>Un dynamisme \u00e9conomique remarquable dans la relation franco-tunisienne<\/u><\/strong><\/p>\n\n\n\n<ul class=\"wp-block-list\">\n<li>La progression des investissements directs tunisiens en France a \u00e9t\u00e9 tr\u00e8s dynamique ces derni\u00e8res ann\u00e9es.\u00a0<strong>La France reste la premi\u00e8re destination des investisseurs \u00e9trangers en Europe en 2024 et la Tunisie est le 1<sup>er<\/sup>\u00a0investisseur africain et 15\u00e8me pays d\u2019investissement total. La France est quant \u00e0 elle le premier pays investisseur en Tunisie en nombre de projets et en valeur.<\/strong><\/li>\n<\/ul>\n\n\n\n<ul class=\"wp-block-list\">\n<li><strong>Soulignons le succ\u00e8s du plan d\u2019actions pour dynamiser les \u00e9changes avec la r\u00e9ussite des forums d\u2019affaires franco-tunisiens en 2024<\/strong>\u00a0: Forum m\u00e9diterran\u00e9en de l\u2019eau\u00a0; Forum de Cod\u00e9veloppement Industriel\u00a0; Rencontres RH et Formation Professionnelle \u00a0; Rencontres Tunisie, FrancoTech (sommet de l\u2019OIF)\u00a0; Forum Cod\u00e9veloppement Num\u00e9rique.<\/li>\n<\/ul>\n\n\n\n<ul class=\"wp-block-list\">\n<li><strong>Soulignons \u00e9galement le succ\u00e8s des invitations en France de d\u00e9cideurs tunisiens<\/strong>\u00a0sur plusieurs grands salons et \u00e9v\u00e9nements internationaux : EuroMaritime, Vivatech, Global Industries, SIAL. De m\u00eame que de belles \u00e9ch\u00e9ances sont \u00e0 venir :\u00a0 Ambition Africa les 19 et 20 novembre et le Forum de cod\u00e9veloppement sant\u00e9 3 et 4 d\u00e9cembre.<\/li>\n<\/ul>\n\n\n\n<p class=\"wp-block-paragraph\">Cela repr\u00e9sente plusieurs centaines de mises en relations d\u2019affaires entre les entrepreneurs des deux pays en Tunisie et en France pour cr\u00e9er de l\u2019emploi et de la valeur entre les deux Rives. Tout cela est tr\u00e8s concret.<\/p>\n\n\n\n<figure class=\"wp-block-image size-full\"><img fetchpriority=\"high\" decoding=\"async\" width=\"315\" height=\"426\" src=\"https:\/\/www.africanchallenges.com\/wp-content\/uploads\/2024\/10\/france-1.jpg\" alt=\"\" class=\"wp-image-59519\" srcset=\"https:\/\/www.africanchallenges.com\/wp-content\/uploads\/2024\/10\/france-1.jpg 315w, https:\/\/www.africanchallenges.com\/wp-content\/uploads\/2024\/10\/france-1-222x300.jpg 222w\" sizes=\"(max-width: 315px) 100vw, 315px\" \/><\/figure>\n\n\n\n<p class=\"wp-block-paragraph\"><\/p>\n\n\n\n<p class=\"wp-block-paragraph\"><strong><u>La France pleinement investie pour le d\u00e9veloppement en Tunisie<\/u><\/strong><\/p>\n\n\n\n<p class=\"wp-block-paragraph\">L\u2019action de l\u2019&nbsp;\u00ab&nbsp;Equipe France&nbsp;\u00bb est \u00e9galement pleinement investie sur les questions de d\u00e9veloppement. Nous pouvons citer&nbsp;:<\/p>\n\n\n\n<ul class=\"wp-block-list\">\n<li><strong>Le soutien aux talents \u00e9clos ou en devenir<\/strong>. Citons l\u2019inauguration aux c\u00f4t\u00e9s de l\u2019AFD du centre de la nouvelle chance \u00e0 Sousse, en partenariat avec l\u2019IECD, l\u2019ANETI et le minist\u00e8re de la formation professionnelle pour que de jeunes dit \u00ab\u00a0d\u00e9crocheurs\u00a0\u00bb du syst\u00e8me classique se d\u00e9couvrent, prennent confiance en eux et exploitent tout leur potentiel.<\/li>\n<\/ul>\n\n\n\n<ul class=\"wp-block-list\">\n<li><strong>Le programme de coaching des jeunes cr\u00e9ateurs de solution pour, et part, la nature\u00a0:\u00a0<\/strong>le programme Nabta qui a permis de mettre en avant des initiatives innovantes, socialement porteuses et environnementalement durables et protectrices.<\/li>\n<\/ul>\n\n\n\n<ul class=\"wp-block-list\">\n<li><strong>Des jeunes start-upeuses soutenue dans le programme FAST<\/strong>\u00a0&#8211; Femmes et Acc\u00e9l\u00e9ration pour les Startups et TPE tunisiennes &#8211; tout comme le programme de soutien de l\u2019acad\u00e9mie des talents de la M\u00e9diterran\u00e9e.<\/li>\n<\/ul>\n\n\n\n<p class=\"wp-block-paragraph\">Cette jeunesse pleine de projets, de cr\u00e9ativit\u00e9, d\u2019humanit\u00e9, de citoyennet\u00e9 est une chance et une fiert\u00e9 pour nos deux pays.<\/p>\n\n\n\n<figure class=\"wp-block-image size-full\"><img decoding=\"async\" width=\"315\" height=\"479\" src=\"https:\/\/www.africanchallenges.com\/wp-content\/uploads\/2024\/10\/france2-1.jpg\" alt=\"\" class=\"wp-image-59520\" srcset=\"https:\/\/www.africanchallenges.com\/wp-content\/uploads\/2024\/10\/france2-1.jpg 315w, https:\/\/www.africanchallenges.com\/wp-content\/uploads\/2024\/10\/france2-1-197x300.jpg 197w\" sizes=\"(max-width: 315px) 100vw, 315px\" \/><\/figure>\n\n\n\n<p class=\"wp-block-paragraph\"><strong><u>Quelle action de la France dans l\u2019eau et les \u00e9nergies renouvelables&nbsp;?<\/u><\/strong><\/p>\n\n\n\n<p class=\"wp-block-paragraph\">La \u00ab&nbsp;Marque France&nbsp;\u00bb, c\u2019est aussi un engagement concret sur des d\u00e9fis communs sur le long-terme comme les \u00e9nergies renouvelables.<\/p>\n\n\n\n<ul class=\"wp-block-list\">\n<li><strong>L\u2019ann\u00e9e derni\u00e8re a eu lieu le lancement du 1er Partenariat public priv\u00e9 dans le secteur de l\u2019eau en Tunisie, sign\u00e9 entre SUEZ et l\u2019ONAS<\/strong>, pour l\u2019exploitation, pendant 10 ans, du service de l\u2019assainissement des gouvernorats de Sfax, Gab\u00e8s, M\u00e9denine et Tataouine, soit 14 stations d\u2019\u00e9puration et 1 million d\u2019habitants, pour un montant de 200 M\u20ac. Alors qu\u2019est-ce que cela signifie concr\u00e8tement\u00a0? Ce projet pr\u00e9voit la r\u00e9habilitation des installations pour permettre la r\u00e9utilisation des eaux us\u00e9es pour l\u2019agriculture, gr\u00e2ce \u00e0 l\u2019emploi de proc\u00e9d\u00e9s technologiques de traitement de l\u2019eau.<\/li>\n<\/ul>\n\n\n\n<ul class=\"wp-block-list\">\n<li>Le 8 mai dernier, le groupe fran\u00e7ais Voltalia a sign\u00e9 un accord de concession avec l\u2019Etat tunisien pour le projet photovolta\u00efque de Gafsa (100MW) pour une dur\u00e9e de 30 ans\u00a0: la construction devrait d\u00e9buter d\u00e9but 2025.<\/li>\n<\/ul>\n\n\n\n<ul class=\"wp-block-list\">\n<li><strong>La signature d\u2019un MOU entre TotalEnergies et le gouvernement tunisien, le 28 mai dernier, pour d\u00e9marrer les \u00e9tudes d\u2019un projet visant \u00e0 construire une usine d\u2019hydrog\u00e8ne vert<\/strong>, qui pourrait aller jusqu\u2019\u00e0 1 million de tonnes produites par an, ce qui repr\u00e9senterait plusieurs dizaines de milliards d\u2019investissement \u00e0 terme.<\/li>\n<\/ul>\n\n\n\n<p class=\"wp-block-paragraph\">L\u2019action de la France se projette donc \u00e9galement vers les d\u00e9fis de demain. Ce sont des projets concrets, exigeants, qui marquent notre confiance et estime communes.<\/p>\n\n\n\n<p class=\"wp-block-paragraph\"><strong><u>La coop\u00e9ration et l\u2019action culturelle, un vecteur essentiel de la compr\u00e9hension mutuelle<\/u><\/strong><\/p>\n\n\n\n<ul class=\"wp-block-list\">\n<li>L\u2019Institut fran\u00e7ais est une vitrine de notre ouverture, un espace de dialogue ouvert \u00e0 toutes et \u00e0 tous, qui d\u2019ann\u00e9es en ann\u00e9es renouvelle son offre culturelle et met \u00e0 l\u2019honneur les nouveaux talents fran\u00e7ais comme tunisiens.<\/li>\n<\/ul>\n\n\n\n<ul class=\"wp-block-list\">\n<li><strong>Notre action de coop\u00e9ration et d\u2019action culturelle<\/strong>\u00a0<strong>a fait preuve d\u2019un dynamisme particulier au cours de l\u2019ann\u00e9e \u00e9coul\u00e9e<\/strong>\u00a0avec la c\u00e9l\u00e9bration de\u00a0la journ\u00e9e de la langue arabe\u00a0en d\u00e9cembre dernier, richesse commune et 2<sup>e<\/sup>\u00a0langue de France\u00a0;\u00a0l\u2019exposition \u00ab\u00a0ce que la Palestine apporte au Monde\u00a0\u00bb\u00a0&#8211; en pr\u00e9sence de l\u2019ambassadeur de Palestine\u00a0;\u00a0l\u2019inauguration de l\u2019antenne de Sousse\u00a0de l\u2019Institut Fran\u00e7ais\u00a0; et plus r\u00e9cemment l\u2019inauguration de la magnifique\u00a0exposition Salammb\u00f4\u00a0au mus\u00e9e du Bardo que nous vous invitons \u00e0 visiter.<\/li>\n<\/ul>\n\n\n\n<p class=\"wp-block-paragraph\">Vive la jeunesse et vive l\u2019amiti\u00e9 franco-tunisienne.<\/p>\n","protected":false},"excerpt":{"rendered":"<p>L\u2019ambassadrice de France en Tunisie, Anne Gu\u00e9guen, a re\u00e7u le 21 octobre dans le \u00ab&nbsp;Start up village&nbsp;\u00bb \u00e0 Tunis \u2013 en pr\u00e9sence de Wassim Ben Larbi \u2013 le Pr\u00e9sident du comit\u00e9 national olympique Tunisien, des athl\u00e8tes m\u00e9daill\u00e9s aux Jeux Olympiques et Paralympiques de Paris 2024 ainsi que des jeunes entrepreneurs tunisiens pour \u00e9changer sur les [&hellip;]<\/p>\n","protected":false},"author":4,"featured_media":59525,"comment_status":"open","ping_status":"closed","sticky":false,"template":"","format":"standard","meta":{"content-type":"","jnews-multi-image_gallery":[],"jnews_single_post":{"subtitle":"","format":"standard","video":"","gallery":"","source_name":"","source_url":"","via_name":"","via_url":"","override_template":"0","override":[{"template":"1","single_blog_custom":"","parallax":"1","fullscreen":"1","layout":"right-sidebar","sidebar":"default-sidebar","second_sidebar":"default-sidebar","sticky_sidebar":"1","share_position":"top","share_float_style":"share-monocrhome","show_share_counter":"1","show_view_counter":"1","show_featured":"1","show_post_meta":"1","show_post_author":"1","show_post_author_image":"1","show_post_date":"1","post_date_format":"default","post_date_format_custom":"Y\/m\/d","show_post_category":"1","show_post_reading_time":"0","post_reading_time_wpm":"300","show_zoom_button":"0","zoom_button_out_step":"2","zoom_button_in_step":"3","show_post_tag":"1","show_prev_next_post":"1","show_popup_post":"1","number_popup_post":"1","show_author_box":"0","show_post_related":"0","show_inline_post_related":"0"}],"override_image_size":"0","image_override":[{"single_post_thumbnail_size":"crop-500","single_post_gallery_size":"crop-500"}],"trending_post":"0","trending_post_position":"meta","trending_post_label":"Trending","sponsored_post":"0","sponsored_post_label":"Sponsored by","sponsored_post_name":"","sponsored_post_url":"","sponsored_post_logo_enable":"0","sponsored_post_logo":"","sponsored_post_desc":"","disable_ad":"0"},"jnews_primary_category":{"id":"","hide":""},"jnews_override_bookmark_settings":[],"jnews_review":[],"enable_review":"","type":"","name":"","summary":"","brand":"","sku":"","good":[],"bad":[],"score_override":"","override_value":"","rating":[],"price":[],"jnews_post_split":[],"footnotes":""},"categories":[21],"tags":[11523,3742,12659],"class_list":["post-59513","post","type-post","status-publish","format-standard","has-post-thumbnail","hentry","category-sport","tag-anne-gueguen-2","tag-jeunesse-tunisienne","tag-jeux-olympiques-de-paris-2024"],"_links":{"self":[{"href":"https:\/\/www.africanchallenges.com\/index.php?rest_route=\/wp\/v2\/posts\/59513","targetHints":{"allow":["GET"]}}],"collection":[{"href":"https:\/\/www.africanchallenges.com\/index.php?rest_route=\/wp\/v2\/posts"}],"about":[{"href":"https:\/\/www.africanchallenges.com\/index.php?rest_route=\/wp\/v2\/types\/post"}],"author":[{"embeddable":true,"href":"https:\/\/www.africanchallenges.com\/index.php?rest_route=\/wp\/v2\/users\/4"}],"replies":[{"embeddable":true,"href":"https:\/\/www.africanchallenges.com\/index.php?rest_route=%2Fwp%2Fv2%2Fcomments&post=59513"}],"version-history":[{"count":3,"href":"https:\/\/www.africanchallenges.com\/index.php?rest_route=\/wp\/v2\/posts\/59513\/revisions"}],"predecessor-version":[{"id":59523,"href":"https:\/\/www.africanchallenges.com\/index.php?rest_route=\/wp\/v2\/posts\/59513\/revisions\/59523"}],"wp:featuredmedia":[{"embeddable":true,"href":"https:\/\/www.africanchallenges.com\/index.php?rest_route=\/wp\/v2\/media\/59525"}],"wp:attachment":[{"href":"https:\/\/www.africanchallenges.com\/index.php?rest_route=%2Fwp%2Fv2%2Fmedia&parent=59513"}],"wp:term":[{"taxonomy":"category","embeddable":true,"href":"https:\/\/www.africanchallenges.com\/index.php?rest_route=%2Fwp%2Fv2%2Fcategories&post=59513"},{"taxonomy":"post_tag","embeddable":true,"href":"https:\/\/www.africanchallenges.com\/index.php?rest_route=%2Fwp%2Fv2%2Ftags&post=59513"}],"curies":[{"name":"wp","href":"https:\/\/api.w.org\/{rel}","templated":true}]}}