{"id":59445,"date":"2024-10-22T19:27:01","date_gmt":"2024-10-22T18:27:01","guid":{"rendered":"https:\/\/www.africanchallenges.com\/?p=59445"},"modified":"2024-10-23T11:44:16","modified_gmt":"2024-10-23T10:44:16","slug":"tunisie-les-preparatifs-de-lorganisation-du-forum-des-affaires-durables-nordico-tunisien-2024-prevu-pour-le-25-novembre-a-tunis-au-coeur-des-discussions-entre-nafti-et-lambassadeur-de-finlande","status":"publish","type":"post","link":"https:\/\/www.africanchallenges.com\/?p=59445","title":{"rendered":"Tunisie : Les pr\u00e9paratifs de l&rsquo;organisation du Forum des affaires durables nordico-tunisien 2024, pr\u00e9vu pour le 25 novembre \u00e0 Tunis au c\u0153ur des discussions entre Nafti et l&rsquo;Ambassadeur de Finlande en Tunis, Teemu Sepponen"},"content":{"rendered":"\n<p class=\"wp-block-paragraph\">Le vendredi 18 octobre, l&rsquo;Ambassadeur de Finlande en Tunisie, Monsieur Teemu Sepponen, a eu une rencontre avec le Ministre des Affaires \u00c9trang\u00e8res de Tunisie, Monsieur Mohamed Ali Nafti. <\/p>\n\n\n\n<p class=\"wp-block-paragraph\">Au cours de cet entretien, ils ont abord\u00e9 les opportunit\u00e9s d&rsquo;approfondir les relations bilat\u00e9rales d\u00e9j\u00e0 solides entre la Finlande et la Tunisie. Ils ont \u00e9galement \u00e9chang\u00e9 sur les pr\u00e9paratifs de l&rsquo;organisation du Forum des affaires durables nordico-tunisien 2024, pr\u00e9vu pour le 25 novembre \u00e0 Tunis.<\/p>\n","protected":false},"excerpt":{"rendered":"<p>Le vendredi 18 octobre, l&rsquo;Ambassadeur de Finlande en Tunisie, Monsieur Teemu Sepponen, a eu une rencontre avec le Ministre des Affaires \u00c9trang\u00e8res de Tunisie, Monsieur Mohamed Ali Nafti. Au cours de cet entretien, ils ont abord\u00e9 les opportunit\u00e9s d&rsquo;approfondir les relations bilat\u00e9rales d\u00e9j\u00e0 solides entre la Finlande et la Tunisie. Ils ont \u00e9galement \u00e9chang\u00e9 sur [&hellip;]<\/p>\n","protected":false},"author":4,"featured_media":59469,"comment_status":"open","ping_status":"closed","sticky":false,"template":"","format":"standard","meta":{"content-type":"","jnews-multi-image_gallery":[],"jnews_single_post":{"subtitle":"","format":"standard","video":"","gallery":"","source_name":"","source_url":"","via_name":"","via_url":"","override_template":"0","override":[{"template":"1","single_blog_custom":"","parallax":"1","fullscreen":"1","layout":"right-sidebar","sidebar":"default-sidebar","second_sidebar":"default-sidebar","sticky_sidebar":"1","share_position":"top","share_float_style":"share-monocrhome","show_share_counter":"1","show_view_counter":"1","show_featured":"1","show_post_meta":"1","show_post_author":"1","show_post_author_image":"1","show_post_date":"1","post_date_format":"default","post_date_format_custom":"Y\/m\/d","show_post_category":"1","show_post_reading_time":"0","post_reading_time_wpm":"300","show_zoom_button":"0","zoom_button_out_step":"2","zoom_button_in_step":"3","show_post_tag":"1","show_prev_next_post":"1","show_popup_post":"1","number_popup_post":"1","show_author_box":"0","show_post_related":"0","show_inline_post_related":"0"}],"override_image_size":"0","image_override":[{"single_post_thumbnail_size":"crop-500","single_post_gallery_size":"crop-500"}],"trending_post":"0","trending_post_position":"meta","trending_post_label":"Trending","sponsored_post":"0","sponsored_post_label":"Sponsored by","sponsored_post_name":"","sponsored_post_url":"","sponsored_post_logo_enable":"0","sponsored_post_logo":"","sponsored_post_desc":"","disable_ad":"0"},"jnews_primary_category":{"id":"","hide":""},"jnews_override_bookmark_settings":[],"jnews_review":[],"enable_review":"","type":"","name":"","summary":"","brand":"","sku":"","good":[],"bad":[],"score_override":"","override_value":"","rating":[],"price":[],"jnews_post_split":[],"footnotes":""},"categories":[2],"tags":[13502,12907],"class_list":["post-59445","post","type-post","status-publish","format-standard","has-post-thumbnail","hentry","category-news-politique","tag-forum-des-affaires-durables-nordico-tunisien-2024","tag-mohamed-ali-nafti"],"_links":{"self":[{"href":"https:\/\/www.africanchallenges.com\/index.php?rest_route=\/wp\/v2\/posts\/59445","targetHints":{"allow":["GET"]}}],"collection":[{"href":"https:\/\/www.africanchallenges.com\/index.php?rest_route=\/wp\/v2\/posts"}],"about":[{"href":"https:\/\/www.africanchallenges.com\/index.php?rest_route=\/wp\/v2\/types\/post"}],"author":[{"embeddable":true,"href":"https:\/\/www.africanchallenges.com\/index.php?rest_route=\/wp\/v2\/users\/4"}],"replies":[{"embeddable":true,"href":"https:\/\/www.africanchallenges.com\/index.php?rest_route=%2Fwp%2Fv2%2Fcomments&post=59445"}],"version-history":[{"count":1,"href":"https:\/\/www.africanchallenges.com\/index.php?rest_route=\/wp\/v2\/posts\/59445\/revisions"}],"predecessor-version":[{"id":59446,"href":"https:\/\/www.africanchallenges.com\/index.php?rest_route=\/wp\/v2\/posts\/59445\/revisions\/59446"}],"wp:featuredmedia":[{"embeddable":true,"href":"https:\/\/www.africanchallenges.com\/index.php?rest_route=\/wp\/v2\/media\/59469"}],"wp:attachment":[{"href":"https:\/\/www.africanchallenges.com\/index.php?rest_route=%2Fwp%2Fv2%2Fmedia&parent=59445"}],"wp:term":[{"taxonomy":"category","embeddable":true,"href":"https:\/\/www.africanchallenges.com\/index.php?rest_route=%2Fwp%2Fv2%2Fcategories&post=59445"},{"taxonomy":"post_tag","embeddable":true,"href":"https:\/\/www.africanchallenges.com\/index.php?rest_route=%2Fwp%2Fv2%2Ftags&post=59445"}],"curies":[{"name":"wp","href":"https:\/\/api.w.org\/{rel}","templated":true}]}}