{"id":59435,"date":"2024-10-22T17:01:05","date_gmt":"2024-10-22T16:01:05","guid":{"rendered":"https:\/\/www.africanchallenges.com\/?p=59435"},"modified":"2024-10-22T17:07:19","modified_gmt":"2024-10-22T16:07:19","slug":"tunisie-le-ministre-de-leconomie-prend-part-aux-reunions-annuelles-de-la-banque-mondiale-et-du-fmi","status":"publish","type":"post","link":"https:\/\/www.africanchallenges.com\/?p=59435","title":{"rendered":"Tunisie : Le ministre de l\u2019\u00c9conomie prend part aux r\u00e9unions annuelles de la Banque mondiale et du FMI"},"content":{"rendered":"\n<p class=\"wp-block-paragraph\">Les r\u00e9unions annuelles d&rsquo;automne du Groupe de la Banque mondiale et du Fonds mon\u00e9taire international (FMI) se tiendront \u00e0 Washington du 21 au 26 octobre 2024. <\/p>\n\n\n\n<p class=\"wp-block-paragraph\">Ces \u00e9v\u00e9nements r\u00e9unissent des repr\u00e9sentants des gouvernements, des organisations internationales, ainsi que des institutions financi\u00e8res tant r\u00e9gionales qu&rsquo;internationales, sans oublier les acteurs du secteur priv\u00e9, de la soci\u00e9t\u00e9 civile et des experts de renomm\u00e9e mondiale.<\/p>\n\n\n\n<p class=\"wp-block-paragraph\"> \u00c0 partir du 23 octobre 2024, M. Samir Abdelhafidh, ministre de l\u2019\u00c9conomie et de la Planification et gouverneur repr\u00e9sentant la Tunisie \u00e0 la Banque mondiale, prendra part \u00e0 ces r\u00e9unions. Les d\u00e9bats porteront sur des enjeux majeurs relatifs \u00e0 la conjoncture \u00e9conomique et au d\u00e9veloppement \u00e0 l&rsquo;\u00e9chelle mondiale. <\/p>\n\n\n\n<p class=\"wp-block-paragraph\">Parmi les sujets discut\u00e9s, on trouve les d\u00e9fis li\u00e9s aux changements climatiques, leurs impacts sur la s\u00e9curit\u00e9 alimentaire et le d\u00e9veloppement durable, ainsi que les questions d&rsquo;endettement, d&rsquo;\u00e9nergie, de lutte contre la pauvret\u00e9 et du r\u00f4le des femmes dans l&rsquo;\u00e9conomie.<\/p>\n\n\n\n<p class=\"wp-block-paragraph\"> En plus de sa participation aux sessions officielles des gouverneurs et aux conf\u00e9rences, M. Samir Abdelhafidh organisera des rencontres bilat\u00e9rales avec des responsables d&rsquo;institutions financi\u00e8res internationales et r\u00e9gionales, ainsi qu&rsquo;avec ses homologues de divers pays amis et voisins.<\/p>\n","protected":false},"excerpt":{"rendered":"<p>Les r\u00e9unions annuelles d&rsquo;automne du Groupe de la Banque mondiale et du Fonds mon\u00e9taire international (FMI) se tiendront \u00e0 Washington du 21 au 26 octobre 2024. Ces \u00e9v\u00e9nements r\u00e9unissent des repr\u00e9sentants des gouvernements, des organisations internationales, ainsi que des institutions financi\u00e8res tant r\u00e9gionales qu&rsquo;internationales, sans oublier les acteurs du secteur priv\u00e9, de la soci\u00e9t\u00e9 civile [&hellip;]<\/p>\n","protected":false},"author":4,"featured_media":59438,"comment_status":"open","ping_status":"closed","sticky":false,"template":"","format":"standard","meta":{"content-type":"","jnews-multi-image_gallery":[],"jnews_single_post":{"subtitle":"","format":"standard","video":"","gallery":"","source_name":"","source_url":"","via_name":"","via_url":"","override_template":"0","override":[{"template":"1","single_blog_custom":"","parallax":"1","fullscreen":"1","layout":"right-sidebar","sidebar":"default-sidebar","second_sidebar":"default-sidebar","sticky_sidebar":"1","share_position":"top","share_float_style":"share-monocrhome","show_share_counter":"1","show_view_counter":"1","show_featured":"1","show_post_meta":"1","show_post_author":"1","show_post_author_image":"1","show_post_date":"1","post_date_format":"default","post_date_format_custom":"Y\/m\/d","show_post_category":"1","show_post_reading_time":"0","post_reading_time_wpm":"300","show_zoom_button":"0","zoom_button_out_step":"2","zoom_button_in_step":"3","show_post_tag":"1","show_prev_next_post":"1","show_popup_post":"1","number_popup_post":"1","show_author_box":"0","show_post_related":"0","show_inline_post_related":"0"}],"override_image_size":"0","image_override":[{"single_post_thumbnail_size":"crop-500","single_post_gallery_size":"crop-500"}],"trending_post":"0","trending_post_position":"meta","trending_post_label":"Trending","sponsored_post":"0","sponsored_post_label":"Sponsored by","sponsored_post_name":"","sponsored_post_url":"","sponsored_post_logo_enable":"0","sponsored_post_logo":"","sponsored_post_desc":"","disable_ad":"0"},"jnews_primary_category":{"id":"","hide":""},"jnews_override_bookmark_settings":[],"jnews_review":[],"enable_review":"","type":"","name":"","summary":"","brand":"","sku":"","good":[],"bad":[],"score_override":"","override_value":"","rating":[],"price":[],"jnews_post_split":[],"footnotes":""},"categories":[2],"tags":[148,13475],"class_list":["post-59435","post","type-post","status-publish","format-standard","has-post-thumbnail","hentry","category-news-politique","tag-banque-mondiale","tag-reunions-annuelles-de-la-banque-mondiale-et-du-fmi"],"_links":{"self":[{"href":"https:\/\/www.africanchallenges.com\/index.php?rest_route=\/wp\/v2\/posts\/59435","targetHints":{"allow":["GET"]}}],"collection":[{"href":"https:\/\/www.africanchallenges.com\/index.php?rest_route=\/wp\/v2\/posts"}],"about":[{"href":"https:\/\/www.africanchallenges.com\/index.php?rest_route=\/wp\/v2\/types\/post"}],"author":[{"embeddable":true,"href":"https:\/\/www.africanchallenges.com\/index.php?rest_route=\/wp\/v2\/users\/4"}],"replies":[{"embeddable":true,"href":"https:\/\/www.africanchallenges.com\/index.php?rest_route=%2Fwp%2Fv2%2Fcomments&post=59435"}],"version-history":[{"count":2,"href":"https:\/\/www.africanchallenges.com\/index.php?rest_route=\/wp\/v2\/posts\/59435\/revisions"}],"predecessor-version":[{"id":59439,"href":"https:\/\/www.africanchallenges.com\/index.php?rest_route=\/wp\/v2\/posts\/59435\/revisions\/59439"}],"wp:featuredmedia":[{"embeddable":true,"href":"https:\/\/www.africanchallenges.com\/index.php?rest_route=\/wp\/v2\/media\/59438"}],"wp:attachment":[{"href":"https:\/\/www.africanchallenges.com\/index.php?rest_route=%2Fwp%2Fv2%2Fmedia&parent=59435"}],"wp:term":[{"taxonomy":"category","embeddable":true,"href":"https:\/\/www.africanchallenges.com\/index.php?rest_route=%2Fwp%2Fv2%2Fcategories&post=59435"},{"taxonomy":"post_tag","embeddable":true,"href":"https:\/\/www.africanchallenges.com\/index.php?rest_route=%2Fwp%2Fv2%2Ftags&post=59435"}],"curies":[{"name":"wp","href":"https:\/\/api.w.org\/{rel}","templated":true}]}}