{"id":59428,"date":"2024-10-21T07:53:10","date_gmt":"2024-10-21T06:53:10","guid":{"rendered":"https:\/\/www.africanchallenges.com\/?p=59428"},"modified":"2024-10-21T07:53:11","modified_gmt":"2024-10-21T06:53:11","slug":"tunisie-kais-saied-pretera-serment-en-tant-que-nouveau-chef-de-letat-le-21-octobre-2024-a-lhemicycle-du-bardo","status":"publish","type":"post","link":"https:\/\/www.africanchallenges.com\/?p=59428","title":{"rendered":"Tunisie :Ka\u00efs Sa\u00efed pr\u00eatera serment en tant que nouveau chef de l&rsquo;\u00c9tat, le 21 octobre 2024 \u00e0 l&rsquo;h\u00e9micycle du Bardo"},"content":{"rendered":"\n<p class=\"wp-block-paragraph\">Le pr\u00e9sident de la R\u00e9publique, Ka\u00efs Sa\u00efed, sera pr\u00e9sent \u00e0 l&rsquo;h\u00e9micycle du Bardo ce lundi 21 octobre 2024. \u00c0 cette occasion, et conform\u00e9ment aux dispositions constitutionnelles, il pr\u00eatera serment en tant que nouveau chef de l&rsquo;\u00c9tat. <\/p>\n\n\n\n<p class=\"wp-block-paragraph\">Cette c\u00e9r\u00e9monie de prestation de serment se d\u00e9roulera en pr\u00e9sence des \u00e9lus des deux chambres du parlement : l&rsquo;Assembl\u00e9e des repr\u00e9sentants du peuple ainsi que les membres du conseil national des r\u00e9gions et des districts. <\/p>\n\n\n\n<p class=\"wp-block-paragraph\">Il convient de rappeler que Ka\u00efs Sa\u00efed a \u00e9t\u00e9 r\u00e9\u00e9lu le 6 octobre 2024, ayant obtenu 90 % des voix exprim\u00e9es.<\/p>\n","protected":false},"excerpt":{"rendered":"<p>Le pr\u00e9sident de la R\u00e9publique, Ka\u00efs Sa\u00efed, sera pr\u00e9sent \u00e0 l&rsquo;h\u00e9micycle du Bardo ce lundi 21 octobre 2024. \u00c0 cette occasion, et conform\u00e9ment aux dispositions constitutionnelles, il pr\u00eatera serment en tant que nouveau chef de l&rsquo;\u00c9tat. Cette c\u00e9r\u00e9monie de prestation de serment se d\u00e9roulera en pr\u00e9sence des \u00e9lus des deux chambres du parlement : l&rsquo;Assembl\u00e9e [&hellip;]<\/p>\n","protected":false},"author":3,"featured_media":11972,"comment_status":"open","ping_status":"closed","sticky":false,"template":"","format":"standard","meta":{"content-type":"","jnews-multi-image_gallery":[],"jnews_single_post":{"subtitle":"","format":"standard","video":"","gallery":"","source_name":"","source_url":"","via_name":"","via_url":"","override_template":"0","override":[{"template":"1","single_blog_custom":"","parallax":"1","fullscreen":"1","layout":"right-sidebar","sidebar":"default-sidebar","second_sidebar":"default-sidebar","sticky_sidebar":"1","share_position":"top","share_float_style":"share-monocrhome","show_share_counter":"1","show_view_counter":"1","show_featured":"1","show_post_meta":"1","show_post_author":"1","show_post_author_image":"1","show_post_date":"1","post_date_format":"default","post_date_format_custom":"Y\/m\/d","show_post_category":"1","show_post_reading_time":"0","post_reading_time_wpm":"300","show_zoom_button":"0","zoom_button_out_step":"2","zoom_button_in_step":"3","show_post_tag":"1","show_prev_next_post":"1","show_popup_post":"1","number_popup_post":"1","show_author_box":"0","show_post_related":"0","show_inline_post_related":"0"}],"override_image_size":"0","image_override":[{"single_post_thumbnail_size":"crop-500","single_post_gallery_size":"crop-500"}],"trending_post":"0","trending_post_position":"meta","trending_post_label":"Trending","sponsored_post":"0","sponsored_post_label":"Sponsored by","sponsored_post_name":"","sponsored_post_url":"","sponsored_post_logo_enable":"0","sponsored_post_logo":"","sponsored_post_desc":"","disable_ad":"0"},"jnews_primary_category":{"id":"","hide":""},"jnews_override_bookmark_settings":[],"jnews_review":[],"enable_review":"","type":"","name":"","summary":"","brand":"","sku":"","good":[],"bad":[],"score_override":"","override_value":"","rating":[],"price":[],"jnews_post_split":[],"footnotes":""},"categories":[2],"tags":[4590,3694,13473,3767],"class_list":["post-59428","post","type-post","status-publish","format-standard","has-post-thumbnail","hentry","category-news-politique","tag-chef-de-letat","tag-kais-saied","tag-lhemicycle-du-bardo","tag-serment"],"_links":{"self":[{"href":"https:\/\/www.africanchallenges.com\/index.php?rest_route=\/wp\/v2\/posts\/59428","targetHints":{"allow":["GET"]}}],"collection":[{"href":"https:\/\/www.africanchallenges.com\/index.php?rest_route=\/wp\/v2\/posts"}],"about":[{"href":"https:\/\/www.africanchallenges.com\/index.php?rest_route=\/wp\/v2\/types\/post"}],"author":[{"embeddable":true,"href":"https:\/\/www.africanchallenges.com\/index.php?rest_route=\/wp\/v2\/users\/3"}],"replies":[{"embeddable":true,"href":"https:\/\/www.africanchallenges.com\/index.php?rest_route=%2Fwp%2Fv2%2Fcomments&post=59428"}],"version-history":[{"count":1,"href":"https:\/\/www.africanchallenges.com\/index.php?rest_route=\/wp\/v2\/posts\/59428\/revisions"}],"predecessor-version":[{"id":59429,"href":"https:\/\/www.africanchallenges.com\/index.php?rest_route=\/wp\/v2\/posts\/59428\/revisions\/59429"}],"wp:featuredmedia":[{"embeddable":true,"href":"https:\/\/www.africanchallenges.com\/index.php?rest_route=\/wp\/v2\/media\/11972"}],"wp:attachment":[{"href":"https:\/\/www.africanchallenges.com\/index.php?rest_route=%2Fwp%2Fv2%2Fmedia&parent=59428"}],"wp:term":[{"taxonomy":"category","embeddable":true,"href":"https:\/\/www.africanchallenges.com\/index.php?rest_route=%2Fwp%2Fv2%2Fcategories&post=59428"},{"taxonomy":"post_tag","embeddable":true,"href":"https:\/\/www.africanchallenges.com\/index.php?rest_route=%2Fwp%2Fv2%2Ftags&post=59428"}],"curies":[{"name":"wp","href":"https:\/\/api.w.org\/{rel}","templated":true}]}}