{"id":59305,"date":"2024-10-16T11:36:11","date_gmt":"2024-10-16T10:36:11","guid":{"rendered":"https:\/\/www.africanchallenges.com\/?p=59305"},"modified":"2024-10-16T11:42:27","modified_gmt":"2024-10-16T10:42:27","slug":"tunisie-le-chef-de-letat-preside-la-commemoration-du-61e-anniversaire-de-la-fete-de-levacuation-a-bizerte","status":"publish","type":"post","link":"https:\/\/www.africanchallenges.com\/?p=59305","title":{"rendered":"Tunisie : Le chef de l&rsquo;Etat pr\u00e9side la comm\u00e9moration du 61e anniversaire de la f\u00eate de l\u2019\u00c9vacuation \u00e0 Bizerte"},"content":{"rendered":"\n<p class=\"wp-block-paragraph\">Le mardi 15 octobre 2024, le Pr\u00e9sident de la R\u00e9publique tunisienne, Ka\u00efs Sa\u00efed, a dirig\u00e9 la c\u00e9r\u00e9monie officielle marquant le 61e anniversaire de la f\u00eate de l\u2019\u00c9vacuation, qui s&rsquo;est tenue au cimeti\u00e8re des martyrs \u00e0 Bizerte.<\/p>\n\n\n\n<p class=\"wp-block-paragraph\">Lors de cette c\u00e9r\u00e9monie, le Chef de l\u2019\u00c9tat a honor\u00e9 la m\u00e9moire des martyrs en saluant le drapeau national au son de l\u2019hymne tunisien, avant d&rsquo;inspecter une garde d\u2019honneur constitu\u00e9e des trois branches de l\u2019arm\u00e9e. Il a ensuite d\u00e9pos\u00e9 une couronne de fleurs au pied du monument aux morts et a r\u00e9cit\u00e9 la Fatiha en m\u00e9moire des \u00e2mes des martyrs.<\/p>\n\n\n\n<p class=\"wp-block-paragraph\">Le Pr\u00e9sident Sa\u00efed a \u00e9galement saisi cette occasion pour dialoguer avec des anciens combattants pr\u00e9sents \u00e0 la c\u00e9r\u00e9monie. Plusieurs personnalit\u00e9s ont assist\u00e9 \u00e0 cet \u00e9v\u00e9nement, y compris le ministre de la D\u00e9fense nationale, les membres du Conseil sup\u00e9rieur des arm\u00e9es, ainsi que le gouverneur de Bizerte.<\/p>\n\n\n\n<p class=\"wp-block-paragraph\">Suite \u00e0 cette comm\u00e9moration, le Pr\u00e9sident de la R\u00e9publique s\u2019est dirig\u00e9 vers le centre-ville de Bizerte, o\u00f9 il a rencontr\u00e9 de nombreux citoyens afin de \u00ab recueillir leurs pr\u00e9occupations et leurs aspirations pour l\u2019avenir de la ville et du pays \u00bb, comme indiqu\u00e9 dans un communiqu\u00e9 de la pr\u00e9sidence.<\/p>\n","protected":false},"excerpt":{"rendered":"<p>Le mardi 15 octobre 2024, le Pr\u00e9sident de la R\u00e9publique tunisienne, Ka\u00efs Sa\u00efed, a dirig\u00e9 la c\u00e9r\u00e9monie officielle marquant le 61e anniversaire de la f\u00eate de l\u2019\u00c9vacuation, qui s&rsquo;est tenue au cimeti\u00e8re des martyrs \u00e0 Bizerte. Lors de cette c\u00e9r\u00e9monie, le Chef de l\u2019\u00c9tat a honor\u00e9 la m\u00e9moire des martyrs en saluant le drapeau national [&hellip;]<\/p>\n","protected":false},"author":3,"featured_media":59307,"comment_status":"open","ping_status":"closed","sticky":false,"template":"","format":"standard","meta":{"content-type":"","jnews-multi-image_gallery":[],"jnews_single_post":{"subtitle":"","format":"standard","video":"","gallery":"","source_name":"","source_url":"","via_name":"","via_url":"","override_template":"0","override":[{"template":"1","single_blog_custom":"","parallax":"1","fullscreen":"1","layout":"right-sidebar","sidebar":"default-sidebar","second_sidebar":"default-sidebar","sticky_sidebar":"1","share_position":"top","share_float_style":"share-monocrhome","show_share_counter":"1","show_view_counter":"1","show_featured":"1","show_post_meta":"1","show_post_author":"1","show_post_author_image":"1","show_post_date":"1","post_date_format":"default","post_date_format_custom":"Y\/m\/d","show_post_category":"1","show_post_reading_time":"0","post_reading_time_wpm":"300","show_zoom_button":"0","zoom_button_out_step":"2","zoom_button_in_step":"3","show_post_tag":"1","show_prev_next_post":"1","show_popup_post":"1","number_popup_post":"1","show_author_box":"0","show_post_related":"0","show_inline_post_related":"0"}],"override_image_size":"0","image_override":[{"single_post_thumbnail_size":"crop-500","single_post_gallery_size":"crop-500"}],"trending_post":"0","trending_post_position":"meta","trending_post_label":"Trending","sponsored_post":"0","sponsored_post_label":"Sponsored by","sponsored_post_name":"","sponsored_post_url":"","sponsored_post_logo_enable":"0","sponsored_post_logo":"","sponsored_post_desc":"","disable_ad":"0"},"jnews_primary_category":{"id":"","hide":""},"jnews_override_bookmark_settings":[],"jnews_review":[],"enable_review":"","type":"","name":"","summary":"","brand":"","sku":"","good":[],"bad":[],"score_override":"","override_value":"","rating":[],"price":[],"jnews_post_split":[],"footnotes":""},"categories":[2],"tags":[],"class_list":["post-59305","post","type-post","status-publish","format-standard","has-post-thumbnail","hentry","category-news-politique"],"_links":{"self":[{"href":"https:\/\/www.africanchallenges.com\/index.php?rest_route=\/wp\/v2\/posts\/59305","targetHints":{"allow":["GET"]}}],"collection":[{"href":"https:\/\/www.africanchallenges.com\/index.php?rest_route=\/wp\/v2\/posts"}],"about":[{"href":"https:\/\/www.africanchallenges.com\/index.php?rest_route=\/wp\/v2\/types\/post"}],"author":[{"embeddable":true,"href":"https:\/\/www.africanchallenges.com\/index.php?rest_route=\/wp\/v2\/users\/3"}],"replies":[{"embeddable":true,"href":"https:\/\/www.africanchallenges.com\/index.php?rest_route=%2Fwp%2Fv2%2Fcomments&post=59305"}],"version-history":[{"count":1,"href":"https:\/\/www.africanchallenges.com\/index.php?rest_route=\/wp\/v2\/posts\/59305\/revisions"}],"predecessor-version":[{"id":59308,"href":"https:\/\/www.africanchallenges.com\/index.php?rest_route=\/wp\/v2\/posts\/59305\/revisions\/59308"}],"wp:featuredmedia":[{"embeddable":true,"href":"https:\/\/www.africanchallenges.com\/index.php?rest_route=\/wp\/v2\/media\/59307"}],"wp:attachment":[{"href":"https:\/\/www.africanchallenges.com\/index.php?rest_route=%2Fwp%2Fv2%2Fmedia&parent=59305"}],"wp:term":[{"taxonomy":"category","embeddable":true,"href":"https:\/\/www.africanchallenges.com\/index.php?rest_route=%2Fwp%2Fv2%2Fcategories&post=59305"},{"taxonomy":"post_tag","embeddable":true,"href":"https:\/\/www.africanchallenges.com\/index.php?rest_route=%2Fwp%2Fv2%2Ftags&post=59305"}],"curies":[{"name":"wp","href":"https:\/\/api.w.org\/{rel}","templated":true}]}}