{"id":59160,"date":"2024-10-09T10:43:21","date_gmt":"2024-10-09T09:43:21","guid":{"rendered":"https:\/\/www.africanchallenges.com\/?p=59160"},"modified":"2024-10-09T10:43:54","modified_gmt":"2024-10-09T09:43:54","slug":"tunisie-le-ministre-des-affaires-etrangeres-recoit-mme-josephine-frantzen-ambassadrice-du-royaume-des-pays-bas-en-tunisie","status":"publish","type":"post","link":"https:\/\/www.africanchallenges.com\/?p=59160","title":{"rendered":"Tunisie : Le Ministre des Affaires Etrang\u00e8res re\u00e7oit Mme Jos\u00e9phine Frantzen, Ambassadrice du Royaume des Pays-Bas en Tunisie"},"content":{"rendered":"\n<p class=\"wp-block-paragraph\">M. Mohamed Ali Nafti, Ministre des Affaires Etrang\u00e8res, de la Migration et des Tunisiens \u00e0 l\u2019Etranger, a re\u00e7u le 08 octobre 2024, Mme Jos\u00e9phine Frantzen, Ambassadrice du Royaume des Pays-Bas en Tunisie, qui lui a transmis les f\u00e9licitations du Ministre des Affaires Etrang\u00e8res n\u00e9erlandais \u00e0 l\u2019occasion de la prise de ses nouvelles fonctions.<\/p>\n\n\n\n<p class=\"wp-block-paragraph\">Lors de cette rencontre, les deux Parties ont exprim\u00e9 leur satisfaction quant aux anciennes relations d\u2019amiti\u00e9 et au niveau de la coop\u00e9ration entre les deux pays tant dans le cadre bilat\u00e9ral que multilat\u00e9ral avec les Institutions europ\u00e9ennes et internationales, selon une vision bas\u00e9e sur les int\u00e9r\u00eats mutuels, le respect et l\u2019ind\u00e9pendance de la d\u00e9cision.<\/p>\n\n\n\n<p class=\"wp-block-paragraph\">Le Ministre a \u00e9galement soulign\u00e9 la volont\u00e9 de notre pays de d\u00e9velopper davantage ces relations fructueuses de coop\u00e9ration et ce, en pr\u00e9vision des prochaines \u00e9ch\u00e9ances bilat\u00e9rales, notamment la 9\u00e8me session des consultations politiques tuniso-n\u00e9erlandaises, qui constituera un cadre propice pour explorer de nouveaux programmes de coop\u00e9ration notamment dans des domaines prioritaires, \u00e9conomique et dans le cadre de la gouvernance et de la formation diplomatique.<\/p>\n","protected":false},"excerpt":{"rendered":"<p>M. Mohamed Ali Nafti, Ministre des Affaires Etrang\u00e8res, de la Migration et des Tunisiens \u00e0 l\u2019Etranger, a re\u00e7u le 08 octobre 2024, Mme Jos\u00e9phine Frantzen, Ambassadrice du Royaume des Pays-Bas en Tunisie, qui lui a transmis les f\u00e9licitations du Ministre des Affaires Etrang\u00e8res n\u00e9erlandais \u00e0 l\u2019occasion de la prise de ses nouvelles fonctions. Lors de [&hellip;]<\/p>\n","protected":false},"author":4,"featured_media":59161,"comment_status":"open","ping_status":"closed","sticky":false,"template":"","format":"standard","meta":{"content-type":"","jnews-multi-image_gallery":[],"jnews_single_post":{"subtitle":"","format":"standard","video":"","gallery":"","source_name":"","source_url":"","via_name":"","via_url":"","override_template":"0","override":[{"template":"1","single_blog_custom":"","parallax":"1","fullscreen":"1","layout":"right-sidebar","sidebar":"default-sidebar","second_sidebar":"default-sidebar","sticky_sidebar":"1","share_position":"top","share_float_style":"share-monocrhome","show_share_counter":"1","show_view_counter":"1","show_featured":"1","show_post_meta":"1","show_post_author":"1","show_post_author_image":"1","show_post_date":"1","post_date_format":"default","post_date_format_custom":"Y\/m\/d","show_post_category":"1","show_post_reading_time":"0","post_reading_time_wpm":"300","show_zoom_button":"0","zoom_button_out_step":"2","zoom_button_in_step":"3","show_post_tag":"1","show_prev_next_post":"1","show_popup_post":"1","number_popup_post":"1","show_author_box":"0","show_post_related":"0","show_inline_post_related":"0"}],"override_image_size":"0","image_override":[{"single_post_thumbnail_size":"crop-500","single_post_gallery_size":"crop-500"}],"trending_post":"0","trending_post_position":"meta","trending_post_label":"Trending","sponsored_post":"0","sponsored_post_label":"Sponsored by","sponsored_post_name":"","sponsored_post_url":"","sponsored_post_logo_enable":"0","sponsored_post_logo":"","sponsored_post_desc":"","disable_ad":"0"},"jnews_primary_category":{"id":"","hide":""},"jnews_override_bookmark_settings":[],"jnews_review":[],"enable_review":"","type":"","name":"","summary":"","brand":"","sku":"","good":[],"bad":[],"score_override":"","override_value":"","rating":[],"price":[],"jnews_post_split":[],"footnotes":""},"categories":[2],"tags":[13368,12907,1282],"class_list":["post-59160","post","type-post","status-publish","format-standard","has-post-thumbnail","hentry","category-news-politique","tag-josephine-frantzen","tag-mohamed-ali-nafti","tag-rencontre"],"_links":{"self":[{"href":"https:\/\/www.africanchallenges.com\/index.php?rest_route=\/wp\/v2\/posts\/59160","targetHints":{"allow":["GET"]}}],"collection":[{"href":"https:\/\/www.africanchallenges.com\/index.php?rest_route=\/wp\/v2\/posts"}],"about":[{"href":"https:\/\/www.africanchallenges.com\/index.php?rest_route=\/wp\/v2\/types\/post"}],"author":[{"embeddable":true,"href":"https:\/\/www.africanchallenges.com\/index.php?rest_route=\/wp\/v2\/users\/4"}],"replies":[{"embeddable":true,"href":"https:\/\/www.africanchallenges.com\/index.php?rest_route=%2Fwp%2Fv2%2Fcomments&post=59160"}],"version-history":[{"count":1,"href":"https:\/\/www.africanchallenges.com\/index.php?rest_route=\/wp\/v2\/posts\/59160\/revisions"}],"predecessor-version":[{"id":59162,"href":"https:\/\/www.africanchallenges.com\/index.php?rest_route=\/wp\/v2\/posts\/59160\/revisions\/59162"}],"wp:featuredmedia":[{"embeddable":true,"href":"https:\/\/www.africanchallenges.com\/index.php?rest_route=\/wp\/v2\/media\/59161"}],"wp:attachment":[{"href":"https:\/\/www.africanchallenges.com\/index.php?rest_route=%2Fwp%2Fv2%2Fmedia&parent=59160"}],"wp:term":[{"taxonomy":"category","embeddable":true,"href":"https:\/\/www.africanchallenges.com\/index.php?rest_route=%2Fwp%2Fv2%2Fcategories&post=59160"},{"taxonomy":"post_tag","embeddable":true,"href":"https:\/\/www.africanchallenges.com\/index.php?rest_route=%2Fwp%2Fv2%2Ftags&post=59160"}],"curies":[{"name":"wp","href":"https:\/\/api.w.org\/{rel}","templated":true}]}}