{"id":59105,"date":"2024-10-07T11:49:58","date_gmt":"2024-10-07T10:49:58","guid":{"rendered":"https:\/\/www.africanchallenges.com\/?p=59105"},"modified":"2024-10-07T11:55:30","modified_gmt":"2024-10-07T10:55:30","slug":"tunisie-19eme-sommet-de-la-francophonie-le-ministre-des-affaires-etrangeres-participe-a-la-reunion-en-huis-clos-des-etats-et-gouvernements-membres-sous-la-presidence-du-president-francais-emmanuel","status":"publish","type":"post","link":"https:\/\/www.africanchallenges.com\/?p=59105","title":{"rendered":"Tunisie-19\u00e8me Sommet de la Francophonie: Le Ministre des Affaires Etrang\u00e8res, participe \u00e0 la r\u00e9union en huis clos des \u00c9tats et gouvernements membres, sous la pr\u00e9sidence du Pr\u00e9sident fran\u00e7ais Emmanuel Macron, d\u00e9di\u00e9e au th\u00e8me du \u00ab\u00a0multilat\u00e9ralisme renouvel\u00e9\u00a0\u00bb"},"content":{"rendered":"\n<p class=\"wp-block-paragraph\">Intervenant lors du deuxi\u00e8me jour du 19\u00e8me Sommet de la Francophonie (Villers-Cotter\u00eats et Paris, 4-5 octobre 2024) dans le cadre de la s\u00e9ance pl\u00e9ni\u00e8re consacr\u00e9e au th\u00e8me \u00ab cr\u00e9er, innover et entreprendre en fran\u00e7ais pour l\u2019emploi des jeunes \u00bb, M. Mohamed Ali Nafti, Ministre des Affaires Etrang\u00e8res, de la Migration et des Tunisiens \u00e0 l\u2019\u00e9tranger, a mis l\u2019accent sur les points suivants :<\/p>\n\n\n\n<p class=\"wp-block-paragraph\">&#8211; la n\u00e9cessit\u00e9 d\u2019assurer une meilleure formation et une plus grande mobilit\u00e9 en vue d\u2019une employabilit\u00e9 renforc\u00e9e de la jeunesse francophone tout en tenant en consid\u00e9ration le ph\u00e9nom\u00e8ne de la fuite des cerveaux.<\/p>\n\n\n\n<p class=\"wp-block-paragraph\">-le r\u00f4le crucial de la jeunesse dans le rayonnement et le fa\u00e7onnement de l\u2019avenir de la Francophonie (les trois quarts des francophones de par le monde auront moins de 30 ans en 2060).<\/p>\n\n\n\n<p class=\"wp-block-paragraph\">&#8211; l\u2019importance de l\u2019autonomisation des femmes pour une plus grande int\u00e9gration multidimensionnelle sociale et \u00e9conomique.<\/p>\n\n\n\n<p class=\"wp-block-paragraph\">&#8211; l\u2019attachement \u00e0 la Francophonie qui doit aller de pair avec la promotion du multilinguisme dans un esprit d\u2019interculturalit\u00e9.<\/p>\n\n\n\n<p class=\"wp-block-paragraph\">&#8211; le d\u00e9veloppement des industries culturelles et cr\u00e9atives en tant que secteur \u00e9conomique porteur et facteur de rapprochement et d\u2019\u00e9changes au sein de l\u2019espace francophone.<\/p>\n\n\n\n<p class=\"wp-block-paragraph\">&#8211; l\u2019exp\u00e9rience tunisienne en mati\u00e8re d\u2019encouragement de l\u2019entrepreneuriat et de l\u2019innovation \u00e0 travers un cadre propice \u00e0 la cr\u00e9ation de startups et la mise en place d\u2019incubateurs et de technopoles.<\/p>\n\n\n\n<p class=\"wp-block-paragraph\">En outre, le Ministre des Affaires Etrang\u00e8res, de la Migration et des Tunisiens \u00e0 l\u2019Etranger, a pris part \u00e0 la s\u00e9ance du huis clos des Etats et gouvernements membres de plein droit qui a \u00e9t\u00e9 pr\u00e9sid\u00e9e par le Pr\u00e9sident fran\u00e7ais Emmanuel Macron et consacr\u00e9e au \u201cmultilat\u00e9ralisme renouvel\u00e9\u201d. Il est intervenu pour exposer bri\u00e8vement les points suivants :<\/p>\n\n\n\n<p class=\"wp-block-paragraph\">-L\u2019engagement de la Tunisie pour un multilat\u00e9ralisme au service d\u2019un ordre mondial plus \u00e9quilibr\u00e9 s\u2019appuyant sur le droit international, la paix et le co-d\u00e9veloppement, la stabilit\u00e9 et la co-responsabilit\u00e9.<\/p>\n\n\n\n<p class=\"wp-block-paragraph\">&#8211; Le Pacte de l\u2019Avenir adopt\u00e9 par l\u2019Assembl\u00e9e G\u00e9n\u00e9rale de l\u2019Organisation des Nations les 22 et 23 septembre 2024, le Pacte num\u00e9rique mondial et la d\u00e9claration sur les g\u00e9n\u00e9rations futures repr\u00e9sentent une r\u00e9ponse mondiale efficace aux menaces \u00e9mergentes complexes, en parfaite symbiose avec l\u2019agenda de l\u2019OIF. Ce pacte de l\u2019Avenir servira de feuille de route pour maximiser les chances en vue de b\u00e2tir un monde plus juste.<\/p>\n\n\n\n<p class=\"wp-block-paragraph\">&#8211; Le souhait de la Tunisie que cette nouvelle dynamique au sein des Nations Unies soit relay\u00e9e par l\u2019OIF et que notre espace francophone fasse sienne cette d\u00e9marche.<\/p>\n\n\n\n<p class=\"wp-block-paragraph\">M. le Ministre s\u2019est \u00e9galement adress\u00e9 \u00e0 la pl\u00e9ni\u00e8re au nom de la Table Ronde \u00e0 laquelle il a pris part et ayant d\u00e9battu le th\u00e8me \u00ab cr\u00e9er, innover et entreprendre en fran\u00e7ais pour l\u2019emploi des jeunes \u00bb.<\/p>\n\n\n\n<p class=\"wp-block-paragraph\">Par ailleurs, le Ministre des Affaires \u00e9trang\u00e8res, de la Migration et des Tunisiens \u00e0 l\u2019\u00e9tranger a eu des entretiens avec un nombre de chefs de d\u00e9l\u00e9gations notamment Madame Viola Amherd, Pr\u00e9sidente de la Conf\u00e9d\u00e9ration Helv\u00e9tique, M. Morissanda Kouyat\u00e9, Ministre guin\u00e9en des Affaires \u00e9trang\u00e8res et de l\u2019Int\u00e9gration africaine et des Guin\u00e9ens \u00e9tablis \u00e0 l\u2019\u00e9tranger, ainsi que M. Hilarion Etong, Pr\u00e9sident de l\u2019Assembl\u00e9e Parlementaire Francophone.<\/p>\n","protected":false},"excerpt":{"rendered":"<p>Intervenant lors du deuxi\u00e8me jour du 19\u00e8me Sommet de la Francophonie (Villers-Cotter\u00eats et Paris, 4-5 octobre 2024) dans le cadre de la s\u00e9ance pl\u00e9ni\u00e8re consacr\u00e9e au th\u00e8me \u00ab cr\u00e9er, innover et entreprendre en fran\u00e7ais pour l\u2019emploi des jeunes \u00bb, M. Mohamed Ali Nafti, Ministre des Affaires Etrang\u00e8res, de la Migration et des Tunisiens \u00e0 l\u2019\u00e9tranger, [&hellip;]<\/p>\n","protected":false},"author":4,"featured_media":59106,"comment_status":"open","ping_status":"closed","sticky":false,"template":"","format":"standard","meta":{"content-type":"","jnews-multi-image_gallery":[],"jnews_single_post":{"subtitle":"","format":"standard","video":"","gallery":"","source_name":"","source_url":"","via_name":"","via_url":"","override_template":"0","override":[{"template":"1","single_blog_custom":"","parallax":"1","fullscreen":"1","layout":"right-sidebar","sidebar":"default-sidebar","second_sidebar":"default-sidebar","sticky_sidebar":"1","share_position":"top","share_float_style":"share-monocrhome","show_share_counter":"1","show_view_counter":"1","show_featured":"1","show_post_meta":"1","show_post_author":"1","show_post_author_image":"1","show_post_date":"1","post_date_format":"default","post_date_format_custom":"Y\/m\/d","show_post_category":"1","show_post_reading_time":"0","post_reading_time_wpm":"300","show_zoom_button":"0","zoom_button_out_step":"2","zoom_button_in_step":"3","show_post_tag":"1","show_prev_next_post":"1","show_popup_post":"1","number_popup_post":"1","show_author_box":"0","show_post_related":"0","show_inline_post_related":"0"}],"override_image_size":"0","image_override":[{"single_post_thumbnail_size":"crop-500","single_post_gallery_size":"crop-500"}],"trending_post":"0","trending_post_position":"meta","trending_post_label":"Trending","sponsored_post":"0","sponsored_post_label":"Sponsored by","sponsored_post_name":"","sponsored_post_url":"","sponsored_post_logo_enable":"0","sponsored_post_logo":"","sponsored_post_desc":"","disable_ad":"0"},"jnews_primary_category":{"id":"","hide":""},"jnews_override_bookmark_settings":[],"jnews_review":[],"enable_review":"","type":"","name":"","summary":"","brand":"","sku":"","good":[],"bad":[],"score_override":"","override_value":"","rating":[],"price":[],"jnews_post_split":[],"footnotes":""},"categories":[2],"tags":[12907],"class_list":["post-59105","post","type-post","status-publish","format-standard","has-post-thumbnail","hentry","category-news-politique","tag-mohamed-ali-nafti"],"_links":{"self":[{"href":"https:\/\/www.africanchallenges.com\/index.php?rest_route=\/wp\/v2\/posts\/59105","targetHints":{"allow":["GET"]}}],"collection":[{"href":"https:\/\/www.africanchallenges.com\/index.php?rest_route=\/wp\/v2\/posts"}],"about":[{"href":"https:\/\/www.africanchallenges.com\/index.php?rest_route=\/wp\/v2\/types\/post"}],"author":[{"embeddable":true,"href":"https:\/\/www.africanchallenges.com\/index.php?rest_route=\/wp\/v2\/users\/4"}],"replies":[{"embeddable":true,"href":"https:\/\/www.africanchallenges.com\/index.php?rest_route=%2Fwp%2Fv2%2Fcomments&post=59105"}],"version-history":[{"count":2,"href":"https:\/\/www.africanchallenges.com\/index.php?rest_route=\/wp\/v2\/posts\/59105\/revisions"}],"predecessor-version":[{"id":59110,"href":"https:\/\/www.africanchallenges.com\/index.php?rest_route=\/wp\/v2\/posts\/59105\/revisions\/59110"}],"wp:featuredmedia":[{"embeddable":true,"href":"https:\/\/www.africanchallenges.com\/index.php?rest_route=\/wp\/v2\/media\/59106"}],"wp:attachment":[{"href":"https:\/\/www.africanchallenges.com\/index.php?rest_route=%2Fwp%2Fv2%2Fmedia&parent=59105"}],"wp:term":[{"taxonomy":"category","embeddable":true,"href":"https:\/\/www.africanchallenges.com\/index.php?rest_route=%2Fwp%2Fv2%2Fcategories&post=59105"},{"taxonomy":"post_tag","embeddable":true,"href":"https:\/\/www.africanchallenges.com\/index.php?rest_route=%2Fwp%2Fv2%2Ftags&post=59105"}],"curies":[{"name":"wp","href":"https:\/\/api.w.org\/{rel}","templated":true}]}}