{"id":58985,"date":"2024-10-03T09:22:00","date_gmt":"2024-10-03T08:22:00","guid":{"rendered":"https:\/\/www.africanchallenges.com\/?p=58985"},"modified":"2024-10-03T09:22:01","modified_gmt":"2024-10-03T08:22:01","slug":"tunisie-le-ministre-des-affaires-etrangeres-recoit-ahmet-misbah-demircan-ambassadeur-de-la-republique-de-turkiye-en-tunisie","status":"publish","type":"post","link":"https:\/\/www.africanchallenges.com\/?p=58985","title":{"rendered":"Tunisie : Le ministre des affaires \u00e9trang\u00e8res re\u00e7oit  Ahmet Misbah Demircan, Ambassadeur de la R\u00e9publique de T\u00fcrkiye en Tunisie"},"content":{"rendered":"\n<p class=\"wp-block-paragraph\">M. Mohamed Ali Nafti a re\u00e7u, le mercredi 2 octobre 2024, au si\u00e8ge du Minist\u00e8re, M. Ahmet Misbah Demircan, Ambassadeur de la R\u00e9publique de T\u00fcrkiye en Tunisie, qui lui a pr\u00e9sent\u00e9 ses f\u00e9licitations pour sa nomination en tant que Ministre des Affaires \u00c9trang\u00e8res, de la Migration et des Tunisiens \u00e0 l&rsquo;\u00c9tranger, lui souhaitant plein succ\u00e8s dans ses nouvelles fonctions.<\/p>\n\n\n\n<p class=\"wp-block-paragraph\">Cette rencontre a \u00e9t\u00e9 l&rsquo;occasion de souligner les liens d&rsquo;amiti\u00e9 historiques qui unissent les deux pays fr\u00e8res et de r\u00e9affirmer l&rsquo;engagement commun \u00e0 les d\u00e9velopper et \u00e0 les diversifier dans un esprit de respect mutuel. Les deux parties ont \u00e9galement abord\u00e9 l&rsquo;importance de renforcer les relations \u00e9conomiques et commerciales bilat\u00e9rales, notamment suite \u00e0 la signature de la d\u00e9cision de r\u00e9vision de l&rsquo;accord de libre-\u00e9change tuniso-turc, ainsi que les opportunit\u00e9s offertes pour promouvoir l&rsquo;investissement et le partenariat dans de nombreux secteurs entre les deux pays.<\/p>\n\n\n\n<p class=\"wp-block-paragraph\">D\u2019autre part, la rencontre a permis de souligner la convergence des points de vue des deux pays concernant plusieurs questions r\u00e9gionales et internationales d&rsquo;int\u00e9r\u00eat commun, notamment la juste Cause Palestinienne et l&rsquo;\u00e9volution de la situation au Liban fr\u00e8re.<\/p>\n","protected":false},"excerpt":{"rendered":"<p>M. Mohamed Ali Nafti a re\u00e7u, le mercredi 2 octobre 2024, au si\u00e8ge du Minist\u00e8re, M. Ahmet Misbah Demircan, Ambassadeur de la R\u00e9publique de T\u00fcrkiye en Tunisie, qui lui a pr\u00e9sent\u00e9 ses f\u00e9licitations pour sa nomination en tant que Ministre des Affaires \u00c9trang\u00e8res, de la Migration et des Tunisiens \u00e0 l&rsquo;\u00c9tranger, lui souhaitant plein succ\u00e8s [&hellip;]<\/p>\n","protected":false},"author":4,"featured_media":58986,"comment_status":"open","ping_status":"closed","sticky":false,"template":"","format":"standard","meta":{"content-type":"","jnews-multi-image_gallery":[],"jnews_single_post":{"subtitle":"","format":"standard","video":"","gallery":"","source_name":"","source_url":"","via_name":"","via_url":"","override_template":"0","override":[{"template":"1","single_blog_custom":"","parallax":"1","fullscreen":"1","layout":"right-sidebar","sidebar":"default-sidebar","second_sidebar":"default-sidebar","sticky_sidebar":"1","share_position":"top","share_float_style":"share-monocrhome","show_share_counter":"1","show_view_counter":"1","show_featured":"1","show_post_meta":"1","show_post_author":"1","show_post_author_image":"1","show_post_date":"1","post_date_format":"default","post_date_format_custom":"Y\/m\/d","show_post_category":"1","show_post_reading_time":"0","post_reading_time_wpm":"300","show_zoom_button":"0","zoom_button_out_step":"2","zoom_button_in_step":"3","show_post_tag":"1","show_prev_next_post":"1","show_popup_post":"1","number_popup_post":"1","show_author_box":"0","show_post_related":"0","show_inline_post_related":"0"}],"override_image_size":"0","image_override":[{"single_post_thumbnail_size":"crop-500","single_post_gallery_size":"crop-500"}],"trending_post":"0","trending_post_position":"meta","trending_post_label":"Trending","sponsored_post":"0","sponsored_post_label":"Sponsored by","sponsored_post_name":"","sponsored_post_url":"","sponsored_post_logo_enable":"0","sponsored_post_logo":"","sponsored_post_desc":"","disable_ad":"0"},"jnews_primary_category":{"id":"","hide":""},"jnews_override_bookmark_settings":[],"jnews_review":[],"enable_review":"","type":"","name":"","summary":"","brand":"","sku":"","good":[],"bad":[],"score_override":"","override_value":"","rating":[],"price":[],"jnews_post_split":[],"footnotes":""},"categories":[2],"tags":[],"class_list":["post-58985","post","type-post","status-publish","format-standard","has-post-thumbnail","hentry","category-news-politique"],"_links":{"self":[{"href":"https:\/\/www.africanchallenges.com\/index.php?rest_route=\/wp\/v2\/posts\/58985","targetHints":{"allow":["GET"]}}],"collection":[{"href":"https:\/\/www.africanchallenges.com\/index.php?rest_route=\/wp\/v2\/posts"}],"about":[{"href":"https:\/\/www.africanchallenges.com\/index.php?rest_route=\/wp\/v2\/types\/post"}],"author":[{"embeddable":true,"href":"https:\/\/www.africanchallenges.com\/index.php?rest_route=\/wp\/v2\/users\/4"}],"replies":[{"embeddable":true,"href":"https:\/\/www.africanchallenges.com\/index.php?rest_route=%2Fwp%2Fv2%2Fcomments&post=58985"}],"version-history":[{"count":1,"href":"https:\/\/www.africanchallenges.com\/index.php?rest_route=\/wp\/v2\/posts\/58985\/revisions"}],"predecessor-version":[{"id":58987,"href":"https:\/\/www.africanchallenges.com\/index.php?rest_route=\/wp\/v2\/posts\/58985\/revisions\/58987"}],"wp:featuredmedia":[{"embeddable":true,"href":"https:\/\/www.africanchallenges.com\/index.php?rest_route=\/wp\/v2\/media\/58986"}],"wp:attachment":[{"href":"https:\/\/www.africanchallenges.com\/index.php?rest_route=%2Fwp%2Fv2%2Fmedia&parent=58985"}],"wp:term":[{"taxonomy":"category","embeddable":true,"href":"https:\/\/www.africanchallenges.com\/index.php?rest_route=%2Fwp%2Fv2%2Fcategories&post=58985"},{"taxonomy":"post_tag","embeddable":true,"href":"https:\/\/www.africanchallenges.com\/index.php?rest_route=%2Fwp%2Fv2%2Ftags&post=58985"}],"curies":[{"name":"wp","href":"https:\/\/api.w.org\/{rel}","templated":true}]}}