{"id":58964,"date":"2024-10-02T14:46:53","date_gmt":"2024-10-02T13:46:53","guid":{"rendered":"https:\/\/www.africanchallenges.com\/?p=58964"},"modified":"2024-10-02T14:54:41","modified_gmt":"2024-10-02T13:54:41","slug":"tunisie-le-ministre-libanais-abdallah-bouhabib-reitere-la-disposition-des-autorites-libanise-a-coordonner-avec-la-partie-tunisienne-afin-dassurer-le-retour-des-membres-de-la-communaute-tun","status":"publish","type":"post","link":"https:\/\/www.africanchallenges.com\/?p=58964","title":{"rendered":"Tunisie : Le ministre Libanais Abdallah BouHabib, r\u00e9it\u00e8re la disposition des autorit\u00e9s libanaises \u00e0 coordonner avec la partie tunisienne afin d\u2019assurer le retour des membres de la communaut\u00e9 tunisienne"},"content":{"rendered":"\n<p class=\"wp-block-paragraph\">Mohamed Ali Nafti, Ministre des Affaires \u00c9trang\u00e8res, de la Migration et des Tunisiens \u00e0 l\u2019\u00c9tranger, a eu, ce mardi 1er octobre 2024, un entretien t\u00e9l\u00e9phonique avec son homologue libanais, M. Abdallah BouHabib, qui a r\u00e9it\u00e9r\u00e9 la disposition des autorit\u00e9s de son pays \u00e0 coordonner avec la partie tunisienne afin d\u2019assurer le retour en toute s\u00e9curit\u00e9 en Tunisie des membres de la communaut\u00e9 tunisienne souhaitant \u00eatre rapatri\u00e9s, et ce compte tenu de l\u2019escalade militaire qui frappe le Liban fr\u00e8re.<\/p>\n\n\n\n<p class=\"wp-block-paragraph\">Le Ministre des Affaires \u00c9trang\u00e8res, de la Migration et des Tunisiens \u00e0 l\u2019\u00c9tranger a re\u00e7u, ensuite, ce soir, M. Tony Frangi\u00e9, Ambassadeur de la R\u00e9publique Libanaise en Tunisie. \u00c0 cette occasion, il a r\u00e9it\u00e9r\u00e9 le soutien ind\u00e9fectible et la solidarit\u00e9 absolue de la Tunisie, tant au niveau du leadership que du peuple, au Liban fr\u00e8re dans cette p\u00e9riode difficile, marqu\u00e9e par la persistance de l\u2019agression qui vise la souverainet\u00e9, la s\u00e9curit\u00e9 du peuple et l\u2019int\u00e9grit\u00e9 territoriale du Liban.<\/p>\n\n\n\n<p class=\"wp-block-paragraph\">Pour sa part, l\u2019Ambassadeur libanais a inform\u00e9 le Ministre de l\u2019\u00e9volution de la situation au Liban, exprimant sa gratitude et son appr\u00e9ciation pour les positions de principe de la Tunisie en faveur du Peuple Libanais.<\/p>\n","protected":false},"excerpt":{"rendered":"<p>Mohamed Ali Nafti, Ministre des Affaires \u00c9trang\u00e8res, de la Migration et des Tunisiens \u00e0 l\u2019\u00c9tranger, a eu, ce mardi 1er octobre 2024, un entretien t\u00e9l\u00e9phonique avec son homologue libanais, M. Abdallah BouHabib, qui a r\u00e9it\u00e9r\u00e9 la disposition des autorit\u00e9s de son pays \u00e0 coordonner avec la partie tunisienne afin d\u2019assurer le retour en toute s\u00e9curit\u00e9 [&hellip;]<\/p>\n","protected":false},"author":4,"featured_media":58965,"comment_status":"open","ping_status":"closed","sticky":false,"template":"","format":"standard","meta":{"content-type":"","jnews-multi-image_gallery":[],"jnews_single_post":{"subtitle":"","format":"standard","video":"","gallery":"","source_name":"","source_url":"","via_name":"","via_url":"","override_template":"0","override":[{"template":"1","single_blog_custom":"","parallax":"1","fullscreen":"1","layout":"right-sidebar","sidebar":"default-sidebar","second_sidebar":"default-sidebar","sticky_sidebar":"1","share_position":"top","share_float_style":"share-monocrhome","show_share_counter":"1","show_view_counter":"1","show_featured":"1","show_post_meta":"1","show_post_author":"1","show_post_author_image":"1","show_post_date":"1","post_date_format":"default","post_date_format_custom":"Y\/m\/d","show_post_category":"1","show_post_reading_time":"0","post_reading_time_wpm":"300","show_zoom_button":"0","zoom_button_out_step":"2","zoom_button_in_step":"3","show_post_tag":"1","show_prev_next_post":"1","show_popup_post":"1","number_popup_post":"1","show_author_box":"0","show_post_related":"0","show_inline_post_related":"0"}],"override_image_size":"0","image_override":[{"single_post_thumbnail_size":"crop-500","single_post_gallery_size":"crop-500"}],"trending_post":"0","trending_post_position":"meta","trending_post_label":"Trending","sponsored_post":"0","sponsored_post_label":"Sponsored by","sponsored_post_name":"","sponsored_post_url":"","sponsored_post_logo_enable":"0","sponsored_post_logo":"","sponsored_post_desc":"","disable_ad":"0"},"jnews_primary_category":{"id":"","hide":""},"jnews_override_bookmark_settings":[],"jnews_review":[],"enable_review":"","type":"","name":"","summary":"","brand":"","sku":"","good":[],"bad":[],"score_override":"","override_value":"","rating":[],"price":[],"jnews_post_split":[],"footnotes":""},"categories":[2],"tags":[12907],"class_list":["post-58964","post","type-post","status-publish","format-standard","has-post-thumbnail","hentry","category-news-politique","tag-mohamed-ali-nafti"],"_links":{"self":[{"href":"https:\/\/www.africanchallenges.com\/index.php?rest_route=\/wp\/v2\/posts\/58964","targetHints":{"allow":["GET"]}}],"collection":[{"href":"https:\/\/www.africanchallenges.com\/index.php?rest_route=\/wp\/v2\/posts"}],"about":[{"href":"https:\/\/www.africanchallenges.com\/index.php?rest_route=\/wp\/v2\/types\/post"}],"author":[{"embeddable":true,"href":"https:\/\/www.africanchallenges.com\/index.php?rest_route=\/wp\/v2\/users\/4"}],"replies":[{"embeddable":true,"href":"https:\/\/www.africanchallenges.com\/index.php?rest_route=%2Fwp%2Fv2%2Fcomments&post=58964"}],"version-history":[{"count":3,"href":"https:\/\/www.africanchallenges.com\/index.php?rest_route=\/wp\/v2\/posts\/58964\/revisions"}],"predecessor-version":[{"id":58971,"href":"https:\/\/www.africanchallenges.com\/index.php?rest_route=\/wp\/v2\/posts\/58964\/revisions\/58971"}],"wp:featuredmedia":[{"embeddable":true,"href":"https:\/\/www.africanchallenges.com\/index.php?rest_route=\/wp\/v2\/media\/58965"}],"wp:attachment":[{"href":"https:\/\/www.africanchallenges.com\/index.php?rest_route=%2Fwp%2Fv2%2Fmedia&parent=58964"}],"wp:term":[{"taxonomy":"category","embeddable":true,"href":"https:\/\/www.africanchallenges.com\/index.php?rest_route=%2Fwp%2Fv2%2Fcategories&post=58964"},{"taxonomy":"post_tag","embeddable":true,"href":"https:\/\/www.africanchallenges.com\/index.php?rest_route=%2Fwp%2Fv2%2Ftags&post=58964"}],"curies":[{"name":"wp","href":"https:\/\/api.w.org\/{rel}","templated":true}]}}