{"id":58810,"date":"2024-09-27T11:24:14","date_gmt":"2024-09-27T10:24:14","guid":{"rendered":"https:\/\/www.africanchallenges.com\/?p=58810"},"modified":"2024-09-27T11:24:46","modified_gmt":"2024-09-27T10:24:46","slug":"tunisie-nouvelles-mesures-en-faveur-du-progres-social-et-economique","status":"publish","type":"post","link":"https:\/\/www.africanchallenges.com\/?p=58810","title":{"rendered":"Tunisie :  Nouvelles mesures en faveur du progr\u00e8s social et \u00e9conomique"},"content":{"rendered":"\n<p class=\"wp-block-paragraph\">Le 26 septembre 2024, le chef du gouvernement, &nbsp;Kamel Maddouri a pr\u00e9sid\u00e9 une s\u00e9ance du Conseil des ministres au Palais du gouvernement situ\u00e9 \u00e0 La Kasbah.<\/p>\n\n\n\n<p class=\"wp-block-paragraph\">Lors de cette s\u00e9ance, il a mis en avant la n\u00e9cessit\u00e9 de consolider les politiques et les programmes destin\u00e9s \u00e0 valoriser le r\u00f4le social de l&rsquo;\u00c9tat, en accord avec les directives \u00e9tablies par le pr\u00e9sident. Plusieurs projets de d\u00e9crets et de lois ont \u00e9t\u00e9 valid\u00e9s, parmi lesquels :<\/p>\n\n\n\n<p class=\"wp-block-paragraph\">Le 26 septembre 2024, le chef du gouvernement, &nbsp;Kamel Maddouri a pr\u00e9sid\u00e9 une s\u00e9ance du Conseil des ministres au Palais du gouvernement situ\u00e9 \u00e0 La Kasbah.<\/p>\n\n\n\n<p class=\"wp-block-paragraph\">Lors de cette s\u00e9ance, il a mis en avant la n\u00e9cessit\u00e9 de consolider les politiques et les programmes destin\u00e9s \u00e0 valoriser le r\u00f4le social de l&rsquo;\u00c9tat, en accord avec les directives \u00e9tablies par le pr\u00e9sident. Plusieurs projets de d\u00e9crets et de lois ont \u00e9t\u00e9 valid\u00e9s, parmi lesquels :<\/p>\n\n\n\n<p class=\"wp-block-paragraph\">1. Cr\u00e9ation de l\u2019\u00e9tablissement m\u00e9dical de la Cit\u00e9 des Aghlabides \u00e0 Kairouan: Ce projet vise \u00e0 \u00e9tablir un cadre r\u00e9glementaire pour la gestion d\u2019un complexe int\u00e9gr\u00e9 comprenant divers \u00e9tablissements de sant\u00e9 et d\u2019enseignement sup\u00e9rieur.<\/p>\n\n\n\n<p class=\"wp-block-paragraph\">2. Amendement du d\u00e9cret n\u00b0 20 de 2022 relatif \u00e0 la fondation \u00ab Fidaa \u00bb : Ce projet de d\u00e9cret vise \u00e0 am\u00e9liorer l\u2019assistance sociale pour les victimes d\u2019attentats terroristes et les ayants droit des martyrs de la R\u00e9volution, en renfor\u00e7ant le syst\u00e8me de pensions et en d\u00e9veloppant des programmes d\u2019insertion \u00e9conomique.<\/p>\n\n\n\n<p class=\"wp-block-paragraph\">3. Mise en place d\u2019un fonds de protection sociale pour les travailleuses agricoles: Ce fonds a pour objectif d\u2019assurer la couverture sociale des femmes travaillant dans le secteur agricole, garantissant ainsi des conditions de vie dignes et renfor\u00e7ant leur contribution \u00e0 l\u2019\u00e9conomie.<\/p>\n\n\n\n<p class=\"wp-block-paragraph\">4. R\u00e9glementation des modalit\u00e9s d\u2019ex\u00e9cution des grands projets publics: Un ensemble de mesures a \u00e9t\u00e9 propos\u00e9 pour faciliter la programmation et l\u2019ex\u00e9cution des projets publics, tout en garantissant une gestion rigoureuse des finances publiques.<\/p>\n\n\n\n<p class=\"wp-block-paragraph\">5. Approbation d\u2019accords de financement avec des institutions internationales: Deux projets de loi ont \u00e9t\u00e9 valid\u00e9s concernant des accords de financement avec la Banque africaine de d\u00e9veloppement et le Fonds international de d\u00e9veloppement agricole, visant \u00e0 promouvoir l\u2019agriculture en milieu semi-bois\u00e9 et \u00e0 soutenir les syst\u00e8mes agricoles dans le nord-ouest de la Tunisie.<\/p>\n\n\n\n<p class=\"wp-block-paragraph\">6. Abandon des p\u00e9nalit\u00e9s de retard pour les cotisations de s\u00e9curit\u00e9 sociale: Ce projet vise \u00e0 soutenir les entreprises en difficult\u00e9, leur permettant de r\u00e9gulariser leur situation financi\u00e8re vis-\u00e0-vis du syst\u00e8me de s\u00e9curit\u00e9 sociale.<\/p>\n\n\n\n<p class=\"wp-block-paragraph\">7. Cr\u00e9ation et suppression d\u2019une institution de services universitaires: Cette initiative vise \u00e0 am\u00e9liorer les services offerts aux \u00e9tudiants.<\/p>\n","protected":false},"excerpt":{"rendered":"<p>Le 26 septembre 2024, le chef du gouvernement, &nbsp;Kamel Maddouri a pr\u00e9sid\u00e9 une s\u00e9ance du Conseil des ministres au Palais du gouvernement situ\u00e9 \u00e0 La Kasbah. Lors de cette s\u00e9ance, il a mis en avant la n\u00e9cessit\u00e9 de consolider les politiques et les programmes destin\u00e9s \u00e0 valoriser le r\u00f4le social de l&rsquo;\u00c9tat, en accord avec [&hellip;]<\/p>\n","protected":false},"author":4,"featured_media":58811,"comment_status":"open","ping_status":"closed","sticky":false,"template":"","format":"standard","meta":{"content-type":"","jnews-multi-image_gallery":[],"jnews_single_post":{"subtitle":"","format":"standard","video":"","gallery":"","source_name":"","source_url":"","via_name":"","via_url":"","override_template":"0","override":[{"template":"1","single_blog_custom":"","parallax":"1","fullscreen":"1","layout":"right-sidebar","sidebar":"default-sidebar","second_sidebar":"default-sidebar","sticky_sidebar":"1","share_position":"top","share_float_style":"share-monocrhome","show_share_counter":"1","show_view_counter":"1","show_featured":"1","show_post_meta":"1","show_post_author":"1","show_post_author_image":"1","show_post_date":"1","post_date_format":"default","post_date_format_custom":"Y\/m\/d","show_post_category":"1","show_post_reading_time":"0","post_reading_time_wpm":"300","show_zoom_button":"0","zoom_button_out_step":"2","zoom_button_in_step":"3","show_post_tag":"1","show_prev_next_post":"1","show_popup_post":"1","number_popup_post":"1","show_author_box":"0","show_post_related":"0","show_inline_post_related":"0"}],"override_image_size":"0","image_override":[{"single_post_thumbnail_size":"crop-500","single_post_gallery_size":"crop-500"}],"trending_post":"0","trending_post_position":"meta","trending_post_label":"Trending","sponsored_post":"0","sponsored_post_label":"Sponsored by","sponsored_post_name":"","sponsored_post_url":"","sponsored_post_logo_enable":"0","sponsored_post_logo":"","sponsored_post_desc":"","disable_ad":"0"},"jnews_primary_category":{"id":"","hide":""},"jnews_override_bookmark_settings":[],"jnews_review":[],"enable_review":"","type":"","name":"","summary":"","brand":"","sku":"","good":[],"bad":[],"score_override":"","override_value":"","rating":[],"price":[],"jnews_post_split":[],"footnotes":""},"categories":[2],"tags":[5118,12771,12914,13230,13229],"class_list":["post-58810","post","type-post","status-publish","format-standard","has-post-thumbnail","hentry","category-news-politique","tag-conseil-des-ministres","tag-kamel-maddouri","tag-la-kasbah-2","tag-palais-du-gouvernement","tag-progres-social"],"_links":{"self":[{"href":"https:\/\/www.africanchallenges.com\/index.php?rest_route=\/wp\/v2\/posts\/58810","targetHints":{"allow":["GET"]}}],"collection":[{"href":"https:\/\/www.africanchallenges.com\/index.php?rest_route=\/wp\/v2\/posts"}],"about":[{"href":"https:\/\/www.africanchallenges.com\/index.php?rest_route=\/wp\/v2\/types\/post"}],"author":[{"embeddable":true,"href":"https:\/\/www.africanchallenges.com\/index.php?rest_route=\/wp\/v2\/users\/4"}],"replies":[{"embeddable":true,"href":"https:\/\/www.africanchallenges.com\/index.php?rest_route=%2Fwp%2Fv2%2Fcomments&post=58810"}],"version-history":[{"count":1,"href":"https:\/\/www.africanchallenges.com\/index.php?rest_route=\/wp\/v2\/posts\/58810\/revisions"}],"predecessor-version":[{"id":58812,"href":"https:\/\/www.africanchallenges.com\/index.php?rest_route=\/wp\/v2\/posts\/58810\/revisions\/58812"}],"wp:featuredmedia":[{"embeddable":true,"href":"https:\/\/www.africanchallenges.com\/index.php?rest_route=\/wp\/v2\/media\/58811"}],"wp:attachment":[{"href":"https:\/\/www.africanchallenges.com\/index.php?rest_route=%2Fwp%2Fv2%2Fmedia&parent=58810"}],"wp:term":[{"taxonomy":"category","embeddable":true,"href":"https:\/\/www.africanchallenges.com\/index.php?rest_route=%2Fwp%2Fv2%2Fcategories&post=58810"},{"taxonomy":"post_tag","embeddable":true,"href":"https:\/\/www.africanchallenges.com\/index.php?rest_route=%2Fwp%2Fv2%2Ftags&post=58810"}],"curies":[{"name":"wp","href":"https:\/\/api.w.org\/{rel}","templated":true}]}}