{"id":58723,"date":"2024-09-25T11:05:05","date_gmt":"2024-09-25T10:05:05","guid":{"rendered":"https:\/\/www.africanchallenges.com\/?p=58723"},"modified":"2024-09-25T11:05:29","modified_gmt":"2024-09-25T10:05:29","slug":"tunisie-le-chef-du-gouvernement-donne-le-coup-denvoi-du-premier-forum-mediterraneen-pour-la-decarbonation-a-tunis","status":"publish","type":"post","link":"https:\/\/www.africanchallenges.com\/?p=58723","title":{"rendered":"Tunisie : Le chef du Gouvernement donne le coup d&rsquo;envoi du premier Forum m\u00e9diterran\u00e9en pour la d\u00e9carbonation \u00e0 Tunis"},"content":{"rendered":"\n<p class=\"wp-block-paragraph\">Le Chef du gouvernement, M. Kamel Maddouri, a inaugur\u00e9 hier mardi 24 septembre 2024 \u00e0 Tunis le premier Forum m\u00e9diterran\u00e9en d\u00e9di\u00e9 \u00e0 la d\u00e9carbonation, intitul\u00e9 DECARBOMED. Cet \u00e9v\u00e9nement, organis\u00e9 par l\u2019Agence Nationale pour la Ma\u00eetrise de l\u2019\u00c9nergie (ANME) en partenariat avec l\u2019Union Tunisienne de l\u2019Industrie, du Commerce et de l\u2019Artisanat (UTICA), ainsi que la coop\u00e9ration allemande et le Programme des Nations Unies pour le D\u00e9veloppement (PNUD), se d\u00e9roule sous le th\u00e8me \u00ab Vers une M\u00e9diterran\u00e9e neutre en carbone \u00bb.<\/p>\n\n\n\n<p class=\"wp-block-paragraph\">Lors de son discours d\u2019ouverture, M. Maddouri a mis en avant l\u2019importance de ce forum, qui repr\u00e9sente une \u00e9tape cruciale dans la coop\u00e9ration entre les pays m\u00e9diterran\u00e9ens pour atteindre la neutralit\u00e9 carbone et favoriser le d\u00e9veloppement durable. Il a soulign\u00e9 que l\u2019un des principaux d\u00e9fis auxquels la r\u00e9gion et le monde sont confront\u00e9s est la surconsommation des ressources naturelles, ainsi que les risques accrus de catastrophes environnementales et de changements climatiques. Face \u00e0 ces d\u00e9fis, il est essentiel que les pays m\u00e9diterran\u00e9ens adoptent une approche s\u00e9rieuse et responsable pour garantir la protection des g\u00e9n\u00e9rations futures.<\/p>\n\n\n\n<p class=\"wp-block-paragraph\">M. Maddouri a soulign\u00e9 l&rsquo;importance de favoriser une \u00e9conomie \u00e0 la fois \u00e9nerg\u00e9tique et \u00e9cologique, non seulement pour assurer la s\u00e9curit\u00e9 \u00e9nerg\u00e9tique, mais \u00e9galement pour diminuer les \u00e9missions de carbone, qui constituent 73 % des gaz \u00e0 effet de serre \u00e9mis par le secteur \u00e9nerg\u00e9tique \u00e0 l&rsquo;\u00e9chelle mondiale. Il a ainsi plaid\u00e9 pour l&rsquo;\u00e9laboration de nouvelles politiques \u00e9nerg\u00e9tiques destin\u00e9es \u00e0 att\u00e9nuer le d\u00e9ficit \u00e9nerg\u00e9tique, en promouvant un mod\u00e8le \u00e9nerg\u00e9tique diversifi\u00e9 et durable. Ce mod\u00e8le reposera sur la diversification des sources de production, l&rsquo;optimisation des syst\u00e8mes de consommation, ainsi que sur la promotion des \u00e9conomies verte, bleue et circulaire.<\/p>\n\n\n\n<p class=\"wp-block-paragraph\">De plus, M. Maddouri a rappel\u00e9 que la strat\u00e9gie de l&rsquo;\u00c9tat dans ces domaines repose sur le d\u00e9veloppement de programmes concrets pour la d\u00e9carbonation, tout en renfor\u00e7ant la comp\u00e9titivit\u00e9 de l&rsquo;\u00e9conomie et des entreprises. Il a mentionn\u00e9 le soutien \u00e0 la recherche et \u00e0 l&rsquo;innovation, ainsi que l&rsquo;instauration de m\u00e9canismes incitatifs pour encourager les start-ups et les investissements priv\u00e9s dans les \u00e9nergies alternatives.<\/p>\n\n\n\n<p class=\"wp-block-paragraph\">Le Chef du gouvernement a profit\u00e9 de sa pr\u00e9sence au forum pour explorer divers stands pr\u00e9sentant les initiatives novatrices de jeunes entrepreneurs dans les domaines de la d\u00e9carbonation, des \u00e9nergies renouvelables et de l&rsquo;\u00e9conomie verte. Il a incit\u00e9 \u00e0 continuer les efforts dans ces secteurs porteurs et \u00e0 favoriser l&rsquo;\u00e9tablissement d&rsquo;entreprises d\u00e9di\u00e9es aux transitions \u00e9nerg\u00e9tiques.<\/p>\n","protected":false},"excerpt":{"rendered":"<p>Le Chef du gouvernement, M. Kamel Maddouri, a inaugur\u00e9 hier mardi 24 septembre 2024 \u00e0 Tunis le premier Forum m\u00e9diterran\u00e9en d\u00e9di\u00e9 \u00e0 la d\u00e9carbonation, intitul\u00e9 DECARBOMED. Cet \u00e9v\u00e9nement, organis\u00e9 par l\u2019Agence Nationale pour la Ma\u00eetrise de l\u2019\u00c9nergie (ANME) en partenariat avec l\u2019Union Tunisienne de l\u2019Industrie, du Commerce et de l\u2019Artisanat (UTICA), ainsi que la coop\u00e9ration [&hellip;]<\/p>\n","protected":false},"author":4,"featured_media":58724,"comment_status":"open","ping_status":"closed","sticky":false,"template":"","format":"standard","meta":{"content-type":"","jnews-multi-image_gallery":[],"jnews_single_post":{"subtitle":"","format":"standard","video":"","gallery":"","source_name":"","source_url":"","via_name":"","via_url":"","override_template":"0","override":[{"template":"1","single_blog_custom":"","parallax":"1","fullscreen":"1","layout":"right-sidebar","sidebar":"default-sidebar","second_sidebar":"default-sidebar","sticky_sidebar":"1","share_position":"top","share_float_style":"share-monocrhome","show_share_counter":"1","show_view_counter":"1","show_featured":"1","show_post_meta":"1","show_post_author":"1","show_post_author_image":"1","show_post_date":"1","post_date_format":"default","post_date_format_custom":"Y\/m\/d","show_post_category":"1","show_post_reading_time":"0","post_reading_time_wpm":"300","show_zoom_button":"0","zoom_button_out_step":"2","zoom_button_in_step":"3","show_post_tag":"1","show_prev_next_post":"1","show_popup_post":"1","number_popup_post":"1","show_author_box":"0","show_post_related":"0","show_inline_post_related":"0"}],"override_image_size":"0","image_override":[{"single_post_thumbnail_size":"crop-500","single_post_gallery_size":"crop-500"}],"trending_post":"0","trending_post_position":"meta","trending_post_label":"Trending","sponsored_post":"0","sponsored_post_label":"Sponsored by","sponsored_post_name":"","sponsored_post_url":"","sponsored_post_logo_enable":"0","sponsored_post_logo":"","sponsored_post_desc":"","disable_ad":"0"},"jnews_primary_category":{"id":"","hide":""},"jnews_override_bookmark_settings":[],"jnews_review":[],"enable_review":"","type":"","name":"","summary":"","brand":"","sku":"","good":[],"bad":[],"score_override":"","override_value":"","rating":[],"price":[],"jnews_post_split":[],"footnotes":""},"categories":[2],"tags":[13203,3789,13202],"class_list":["post-58723","post","type-post","status-publish","format-standard","has-post-thumbnail","hentry","category-news-politique","tag-lagence-nationale-pour-la-maitrise-de-lenergie-5","tag-neutralite-carbone","tag-pays-mediterraneens"],"_links":{"self":[{"href":"https:\/\/www.africanchallenges.com\/index.php?rest_route=\/wp\/v2\/posts\/58723","targetHints":{"allow":["GET"]}}],"collection":[{"href":"https:\/\/www.africanchallenges.com\/index.php?rest_route=\/wp\/v2\/posts"}],"about":[{"href":"https:\/\/www.africanchallenges.com\/index.php?rest_route=\/wp\/v2\/types\/post"}],"author":[{"embeddable":true,"href":"https:\/\/www.africanchallenges.com\/index.php?rest_route=\/wp\/v2\/users\/4"}],"replies":[{"embeddable":true,"href":"https:\/\/www.africanchallenges.com\/index.php?rest_route=%2Fwp%2Fv2%2Fcomments&post=58723"}],"version-history":[{"count":1,"href":"https:\/\/www.africanchallenges.com\/index.php?rest_route=\/wp\/v2\/posts\/58723\/revisions"}],"predecessor-version":[{"id":58725,"href":"https:\/\/www.africanchallenges.com\/index.php?rest_route=\/wp\/v2\/posts\/58723\/revisions\/58725"}],"wp:featuredmedia":[{"embeddable":true,"href":"https:\/\/www.africanchallenges.com\/index.php?rest_route=\/wp\/v2\/media\/58724"}],"wp:attachment":[{"href":"https:\/\/www.africanchallenges.com\/index.php?rest_route=%2Fwp%2Fv2%2Fmedia&parent=58723"}],"wp:term":[{"taxonomy":"category","embeddable":true,"href":"https:\/\/www.africanchallenges.com\/index.php?rest_route=%2Fwp%2Fv2%2Fcategories&post=58723"},{"taxonomy":"post_tag","embeddable":true,"href":"https:\/\/www.africanchallenges.com\/index.php?rest_route=%2Fwp%2Fv2%2Ftags&post=58723"}],"curies":[{"name":"wp","href":"https:\/\/api.w.org\/{rel}","templated":true}]}}