{"id":58664,"date":"2024-09-23T11:37:32","date_gmt":"2024-09-23T10:37:32","guid":{"rendered":"https:\/\/www.africanchallenges.com\/?p=58664"},"modified":"2024-09-23T11:37:33","modified_gmt":"2024-09-23T10:37:33","slug":"la-france-exprime-sa-volonte-de-renforcer-sa-cooperation-avec-la-tunisie-dans-le-secteur-des-transports","status":"publish","type":"post","link":"https:\/\/www.africanchallenges.com\/?p=58664","title":{"rendered":"La France exprime sa volont\u00e9 de renforcer sa coop\u00e9ration avec la Tunisie dans le secteur des transports"},"content":{"rendered":"\n<p class=\"wp-block-paragraph\">Lors d&rsquo;une rencontre qui s&rsquo;est tenue vendredi soir, le ministre des Transports, Rachid Amri, a \u00e9chang\u00e9 avec une d\u00e9l\u00e9gation de l&rsquo;Agence fran\u00e7aise de d\u00e9veloppement (AFD) et un repr\u00e9sentant du minist\u00e8re des Affaires \u00e9trang\u00e8res, de l&rsquo;Immigration et des Tunisiens de l&rsquo;\u00e9tranger. L&rsquo;ambassadrice de France en Tunisie, Anne Gueguen, a exprim\u00e9 la volont\u00e9 de la France de renforcer sa coop\u00e9ration avec la Tunisie dans le secteur des transports.<\/p>\n\n\n\n<p class=\"wp-block-paragraph\">Selon un communiqu\u00e9 diffus\u00e9 samedi par le minist\u00e8re du Transport, l&rsquo;ambassadrice a mis en avant l&rsquo;importance d&rsquo;\u00e9tablir une feuille de route conjointe d\u00e9finissant les grandes lignes de cette coop\u00e9ration, au b\u00e9n\u00e9fice des deux nations.<\/p>\n\n\n\n<p class=\"wp-block-paragraph\">De son c\u00f4t\u00e9, Amri a salu\u00e9 le niveau de collaboration existant entre les deux pays dans le domaine des transports, soulignant le r\u00f4le essentiel de l&rsquo;AFD dans la r\u00e9alisation de projets, notamment ceux relatifs aux transports urbains, ferroviaires et maritimes.<\/p>\n\n\n\n<p class=\"wp-block-paragraph\">Il a \u00e9galement appel\u00e9 \u00e0 une action concert\u00e9e pour am\u00e9liorer le cadre de la coop\u00e9ration bilat\u00e9rale dans ce secteur et \u00e0 renforcer le syst\u00e8me de transport entre les deux pays.<\/p>\n","protected":false},"excerpt":{"rendered":"<p>Lors d&rsquo;une rencontre qui s&rsquo;est tenue vendredi soir, le ministre des Transports, Rachid Amri, a \u00e9chang\u00e9 avec une d\u00e9l\u00e9gation de l&rsquo;Agence fran\u00e7aise de d\u00e9veloppement (AFD) et un repr\u00e9sentant du minist\u00e8re des Affaires \u00e9trang\u00e8res, de l&rsquo;Immigration et des Tunisiens de l&rsquo;\u00e9tranger. L&rsquo;ambassadrice de France en Tunisie, Anne Gueguen, a exprim\u00e9 la volont\u00e9 de la France de [&hellip;]<\/p>\n","protected":false},"author":3,"featured_media":58665,"comment_status":"open","ping_status":"closed","sticky":false,"template":"","format":"standard","meta":{"content-type":"","jnews-multi-image_gallery":[],"jnews_single_post":{"subtitle":"","format":"standard","video":"","gallery":"","source_name":"","source_url":"","via_name":"","via_url":"","override_template":"0","override":[{"template":"1","single_blog_custom":"","parallax":"1","fullscreen":"1","layout":"right-sidebar","sidebar":"default-sidebar","second_sidebar":"default-sidebar","sticky_sidebar":"1","share_position":"top","share_float_style":"share-monocrhome","show_share_counter":"1","show_view_counter":"1","show_featured":"1","show_post_meta":"1","show_post_author":"1","show_post_author_image":"1","show_post_date":"1","post_date_format":"default","post_date_format_custom":"Y\/m\/d","show_post_category":"1","show_post_reading_time":"0","post_reading_time_wpm":"300","show_zoom_button":"0","zoom_button_out_step":"2","zoom_button_in_step":"3","show_post_tag":"1","show_prev_next_post":"1","show_popup_post":"1","number_popup_post":"1","show_author_box":"0","show_post_related":"0","show_inline_post_related":"0"}],"override_image_size":"0","image_override":[{"single_post_thumbnail_size":"crop-500","single_post_gallery_size":"crop-500"}],"trending_post":"0","trending_post_position":"meta","trending_post_label":"Trending","sponsored_post":"0","sponsored_post_label":"Sponsored by","sponsored_post_name":"","sponsored_post_url":"","sponsored_post_logo_enable":"0","sponsored_post_logo":"","sponsored_post_desc":"","disable_ad":"0"},"jnews_primary_category":{"id":"","hide":""},"jnews_override_bookmark_settings":[],"jnews_review":[],"enable_review":"","type":"","name":"","summary":"","brand":"","sku":"","good":[],"bad":[],"score_override":"","override_value":"","rating":[],"price":[],"jnews_post_split":[],"footnotes":""},"categories":[2],"tags":[3243,10708,298,245,9046],"class_list":["post-58664","post","type-post","status-publish","format-standard","has-post-thumbnail","hentry","category-news-politique","tag-afd","tag-anne-gueguen","tag-cooperation","tag-france","tag-transports"],"_links":{"self":[{"href":"https:\/\/www.africanchallenges.com\/index.php?rest_route=\/wp\/v2\/posts\/58664","targetHints":{"allow":["GET"]}}],"collection":[{"href":"https:\/\/www.africanchallenges.com\/index.php?rest_route=\/wp\/v2\/posts"}],"about":[{"href":"https:\/\/www.africanchallenges.com\/index.php?rest_route=\/wp\/v2\/types\/post"}],"author":[{"embeddable":true,"href":"https:\/\/www.africanchallenges.com\/index.php?rest_route=\/wp\/v2\/users\/3"}],"replies":[{"embeddable":true,"href":"https:\/\/www.africanchallenges.com\/index.php?rest_route=%2Fwp%2Fv2%2Fcomments&post=58664"}],"version-history":[{"count":1,"href":"https:\/\/www.africanchallenges.com\/index.php?rest_route=\/wp\/v2\/posts\/58664\/revisions"}],"predecessor-version":[{"id":58666,"href":"https:\/\/www.africanchallenges.com\/index.php?rest_route=\/wp\/v2\/posts\/58664\/revisions\/58666"}],"wp:featuredmedia":[{"embeddable":true,"href":"https:\/\/www.africanchallenges.com\/index.php?rest_route=\/wp\/v2\/media\/58665"}],"wp:attachment":[{"href":"https:\/\/www.africanchallenges.com\/index.php?rest_route=%2Fwp%2Fv2%2Fmedia&parent=58664"}],"wp:term":[{"taxonomy":"category","embeddable":true,"href":"https:\/\/www.africanchallenges.com\/index.php?rest_route=%2Fwp%2Fv2%2Fcategories&post=58664"},{"taxonomy":"post_tag","embeddable":true,"href":"https:\/\/www.africanchallenges.com\/index.php?rest_route=%2Fwp%2Fv2%2Ftags&post=58664"}],"curies":[{"name":"wp","href":"https:\/\/api.w.org\/{rel}","templated":true}]}}