{"id":58654,"date":"2024-09-22T21:16:25","date_gmt":"2024-09-22T20:16:25","guid":{"rendered":"https:\/\/www.africanchallenges.com\/?p=58654"},"modified":"2024-09-22T21:36:20","modified_gmt":"2024-09-22T20:36:20","slug":"tunisie-le-chef-du-gouvernement-preside-un-conseil-des-ministres-consacre-aux-grands-projets","status":"publish","type":"post","link":"https:\/\/www.africanchallenges.com\/?p=58654","title":{"rendered":"Tunisie : Le chef du gouvernement pr\u00e9side un conseil des ministres consacr\u00e9 aux grands projets"},"content":{"rendered":"\n<p class=\"wp-block-paragraph\">Le chef du gouvernement Kamel Maddouri, a pr\u00e9sid\u00e9 un conseil des ministres consacr\u00e9 \u00e0 l&rsquo;examen d&rsquo;un projet de loi relatif aux proc\u00e9dures de mise en \u0153uvre des grands projets d&rsquo;\u00c9tat \u00e0 caract\u00e8re strat\u00e9gique.<\/p>\n\n\n\n<p class=\"wp-block-paragraph\"> D&rsquo;apr\u00e8s un communiqu\u00e9 \u00e9mis par la pr\u00e9sidence du gouvernement le 21 septembre 2024, cette r\u00e9union minist\u00e9rielle a \u00e9t\u00e9 organis\u00e9e conform\u00e9ment aux directives du pr\u00e9sident, dans le but de r\u00e9viser les lois et proc\u00e9dures qui entravent la r\u00e9alisation des projets publics. <\/p>\n\n\n\n<p class=\"wp-block-paragraph\">\u00c0 cette occasion, le chef du gouvernement a soulign\u00e9 l&rsquo;importance des march\u00e9s publics pour le d\u00e9veloppement social et \u00e9conomique. Kamel Maddouri a plaid\u00e9 pour l&rsquo;\u00e9limination des obstacles li\u00e9s au cadre l\u00e9gislatif et aux proc\u00e9dures des march\u00e9s publics, afin de dynamiser l&rsquo;\u00e9conomie, renforcer la concurrence entre les entreprises tunisiennes et am\u00e9liorer l&rsquo;attractivit\u00e9 de la Tunisie. <\/p>\n\n\n\n<p class=\"wp-block-paragraph\">La m\u00eame source a pr\u00e9cis\u00e9 que des mesures seront instaur\u00e9es pour la mise en \u0153uvre de projets strat\u00e9giques touchant aux secteurs prioritaires du d\u00e9veloppement national. <\/p>\n\n\n\n<p class=\"wp-block-paragraph\">Kamel Maddouri, a affirm\u00e9 que ce texte s&rsquo;inscrit dans un ensemble de r\u00e9formes initi\u00e9es par le gouvernement, notamment celles visant \u00e0 am\u00e9liorer le climat des affaires, r\u00e9duire les d\u00e9lais de service, num\u00e9riser les proc\u00e9dures et faciliter l&rsquo;accompagnement \u00e9lectronique.<\/p>\n","protected":false},"excerpt":{"rendered":"<p>Le chef du gouvernement Kamel Maddouri, a pr\u00e9sid\u00e9 un conseil des ministres consacr\u00e9 \u00e0 l&rsquo;examen d&rsquo;un projet de loi relatif aux proc\u00e9dures de mise en \u0153uvre des grands projets d&rsquo;\u00c9tat \u00e0 caract\u00e8re strat\u00e9gique. D&rsquo;apr\u00e8s un communiqu\u00e9 \u00e9mis par la pr\u00e9sidence du gouvernement le 21 septembre 2024, cette r\u00e9union minist\u00e9rielle a \u00e9t\u00e9 organis\u00e9e conform\u00e9ment aux directives [&hellip;]<\/p>\n","protected":false},"author":4,"featured_media":58656,"comment_status":"open","ping_status":"closed","sticky":false,"template":"","format":"standard","meta":{"content-type":"","jnews-multi-image_gallery":[],"jnews_single_post":{"subtitle":"","format":"standard","video":"","gallery":"","source_name":"","source_url":"","via_name":"","via_url":"","override_template":"0","override":[{"template":"1","single_blog_custom":"","parallax":"1","fullscreen":"1","layout":"right-sidebar","sidebar":"default-sidebar","second_sidebar":"default-sidebar","sticky_sidebar":"1","share_position":"top","share_float_style":"share-monocrhome","show_share_counter":"1","show_view_counter":"1","show_featured":"1","show_post_meta":"1","show_post_author":"1","show_post_author_image":"1","show_post_date":"1","post_date_format":"default","post_date_format_custom":"Y\/m\/d","show_post_category":"1","show_post_reading_time":"0","post_reading_time_wpm":"300","show_zoom_button":"0","zoom_button_out_step":"2","zoom_button_in_step":"3","show_post_tag":"1","show_prev_next_post":"1","show_popup_post":"1","number_popup_post":"1","show_author_box":"0","show_post_related":"0","show_inline_post_related":"0"}],"override_image_size":"0","image_override":[{"single_post_thumbnail_size":"crop-500","single_post_gallery_size":"crop-500"}],"trending_post":"0","trending_post_position":"meta","trending_post_label":"Trending","sponsored_post":"0","sponsored_post_label":"Sponsored by","sponsored_post_name":"","sponsored_post_url":"","sponsored_post_logo_enable":"0","sponsored_post_logo":"","sponsored_post_desc":"","disable_ad":"0"},"jnews_primary_category":{"id":"","hide":""},"jnews_override_bookmark_settings":[],"jnews_review":[],"enable_review":"","type":"","name":"","summary":"","brand":"","sku":"","good":[],"bad":[],"score_override":"","override_value":"","rating":[],"price":[],"jnews_post_split":[],"footnotes":""},"categories":[2],"tags":[5118,12771,1070],"class_list":["post-58654","post","type-post","status-publish","format-standard","has-post-thumbnail","hentry","category-news-politique","tag-conseil-des-ministres","tag-kamel-maddouri","tag-presidence-du-gouvernement"],"_links":{"self":[{"href":"https:\/\/www.africanchallenges.com\/index.php?rest_route=\/wp\/v2\/posts\/58654","targetHints":{"allow":["GET"]}}],"collection":[{"href":"https:\/\/www.africanchallenges.com\/index.php?rest_route=\/wp\/v2\/posts"}],"about":[{"href":"https:\/\/www.africanchallenges.com\/index.php?rest_route=\/wp\/v2\/types\/post"}],"author":[{"embeddable":true,"href":"https:\/\/www.africanchallenges.com\/index.php?rest_route=\/wp\/v2\/users\/4"}],"replies":[{"embeddable":true,"href":"https:\/\/www.africanchallenges.com\/index.php?rest_route=%2Fwp%2Fv2%2Fcomments&post=58654"}],"version-history":[{"count":2,"href":"https:\/\/www.africanchallenges.com\/index.php?rest_route=\/wp\/v2\/posts\/58654\/revisions"}],"predecessor-version":[{"id":58658,"href":"https:\/\/www.africanchallenges.com\/index.php?rest_route=\/wp\/v2\/posts\/58654\/revisions\/58658"}],"wp:featuredmedia":[{"embeddable":true,"href":"https:\/\/www.africanchallenges.com\/index.php?rest_route=\/wp\/v2\/media\/58656"}],"wp:attachment":[{"href":"https:\/\/www.africanchallenges.com\/index.php?rest_route=%2Fwp%2Fv2%2Fmedia&parent=58654"}],"wp:term":[{"taxonomy":"category","embeddable":true,"href":"https:\/\/www.africanchallenges.com\/index.php?rest_route=%2Fwp%2Fv2%2Fcategories&post=58654"},{"taxonomy":"post_tag","embeddable":true,"href":"https:\/\/www.africanchallenges.com\/index.php?rest_route=%2Fwp%2Fv2%2Ftags&post=58654"}],"curies":[{"name":"wp","href":"https:\/\/api.w.org\/{rel}","templated":true}]}}