{"id":58605,"date":"2024-09-20T11:42:34","date_gmt":"2024-09-20T10:42:34","guid":{"rendered":"https:\/\/www.africanchallenges.com\/?p=58605"},"modified":"2024-09-20T11:45:40","modified_gmt":"2024-09-20T10:45:40","slug":"tunisie-le-ministre-des-affaires-etrangeres-recoit-la-representante-de-lorganisation-internationale-de-la-francophonie-oif-en-afrique-du-nord-houa-acyl","status":"publish","type":"post","link":"https:\/\/www.africanchallenges.com\/?p=58605","title":{"rendered":"Tunisie : Le Ministre des Affaires Etrang\u00e8res re\u00e7oit la Repr\u00e9sentante de l\u2019Organisation Internationale de la Francophonie (OIF) en Afrique du Nord, Houa Acyl"},"content":{"rendered":"\n<p class=\"wp-block-paragraph\">M. Mohamed Ali Nafti, Ministre des Affaires Etrang\u00e8res, de la Migration et des Tunisiens \u00e0 l\u2019\u00e9tranger, a re\u00e7u ce jour, 19 septembre 2024, Mme Houa Acyl, Repr\u00e9sentante de l\u2019Organisation Internationale de la Francophonie (OIF) en Afrique du Nord, qui lui a transmis les f\u00e9licitations de Mme Louise Mushikiwabo, Secr\u00e9taire G\u00e9n\u00e9rale de l\u2019Organisation Internationale de la Francophonie, suite \u00e0 sa d\u00e9signation \u00e0 la t\u00eate du Minist\u00e8re.<\/p>\n\n\n\n<p class=\"wp-block-paragraph\">Tout en se f\u00e9licitant de la coop\u00e9ration avec la Repr\u00e9sentation de l\u2019OIF en Afrique du Nord , dont le si\u00e8ge est implant\u00e9 \u00e0 Tunis depuis 2022, M. le Ministre a r\u00e9it\u00e9r\u00e9 l\u2019engagement de la Tunisie, membre co-fondateur de l\u2019OIF, envers la Francophonie en tant qu\u2019espace d\u2019interculturalit\u00e9 et soulign\u00e9 l\u2019importance d\u2019\u00e9largir ses domaines d\u2019intervention en particulier les dimensions \u00e9conomique, scientifique et technologique dans la perspective du prochain Sommet de l\u2019OIF devant se tenir \u00e0 Villers-Cotter\u00eats et Paris les 4 et 5 octobre 2024.<\/p>\n\n\n\n<p class=\"wp-block-paragraph\">De son c\u00f4t\u00e9, Mme Houa Acyl a r\u00e9affirm\u00e9 les excellentes relations qu\u2019entretient l\u2019OIF avec la Tunisie et a mis en relief les activit\u00e9s et ateliers de formation li\u00e9s aux projets et programmes pr\u00e9vus en Tunisie au titre de la p\u00e9riode 2023-2024 tout en se f\u00e9licitant des \u00e9v\u00e8nements organis\u00e9s dans le cadre de la pr\u00e9sidence tunisienne de la Francophonie depuis le Sommet de Djerba en novembre 2022.<\/p>\n","protected":false},"excerpt":{"rendered":"<p>M. Mohamed Ali Nafti, Ministre des Affaires Etrang\u00e8res, de la Migration et des Tunisiens \u00e0 l\u2019\u00e9tranger, a re\u00e7u ce jour, 19 septembre 2024, Mme Houa Acyl, Repr\u00e9sentante de l\u2019Organisation Internationale de la Francophonie (OIF) en Afrique du Nord, qui lui a transmis les f\u00e9licitations de Mme Louise Mushikiwabo, Secr\u00e9taire G\u00e9n\u00e9rale de l\u2019Organisation Internationale de la [&hellip;]<\/p>\n","protected":false},"author":4,"featured_media":58606,"comment_status":"open","ping_status":"closed","sticky":false,"template":"","format":"standard","meta":{"content-type":"","jnews-multi-image_gallery":[],"jnews_single_post":{"subtitle":"","format":"standard","video":"","gallery":"","source_name":"","source_url":"","via_name":"","via_url":"","override_template":"0","override":[{"template":"1","single_blog_custom":"","parallax":"1","fullscreen":"1","layout":"right-sidebar","sidebar":"default-sidebar","second_sidebar":"default-sidebar","sticky_sidebar":"1","share_position":"top","share_float_style":"share-monocrhome","show_share_counter":"1","show_view_counter":"1","show_featured":"1","show_post_meta":"1","show_post_author":"1","show_post_author_image":"1","show_post_date":"1","post_date_format":"default","post_date_format_custom":"Y\/m\/d","show_post_category":"1","show_post_reading_time":"0","post_reading_time_wpm":"300","show_zoom_button":"0","zoom_button_out_step":"2","zoom_button_in_step":"3","show_post_tag":"1","show_prev_next_post":"1","show_popup_post":"1","number_popup_post":"1","show_author_box":"0","show_post_related":"0","show_inline_post_related":"0"}],"override_image_size":"0","image_override":[{"single_post_thumbnail_size":"crop-500","single_post_gallery_size":"crop-500"}],"trending_post":"0","trending_post_position":"meta","trending_post_label":"Trending","sponsored_post":"0","sponsored_post_label":"Sponsored by","sponsored_post_name":"","sponsored_post_url":"","sponsored_post_logo_enable":"0","sponsored_post_logo":"","sponsored_post_desc":"","disable_ad":"0"},"jnews_primary_category":{"id":"","hide":""},"jnews_override_bookmark_settings":[],"jnews_review":[],"enable_review":"","type":"","name":"","summary":"","brand":"","sku":"","good":[],"bad":[],"score_override":"","override_value":"","rating":[],"price":[],"jnews_post_split":[],"footnotes":""},"categories":[2],"tags":[13155,1461,1460],"class_list":["post-58605","post","type-post","status-publish","format-standard","has-post-thumbnail","hentry","category-news-politique","tag-houa-acyl","tag-oif","tag-organisation-internationale-de-la-francophonie"],"_links":{"self":[{"href":"https:\/\/www.africanchallenges.com\/index.php?rest_route=\/wp\/v2\/posts\/58605","targetHints":{"allow":["GET"]}}],"collection":[{"href":"https:\/\/www.africanchallenges.com\/index.php?rest_route=\/wp\/v2\/posts"}],"about":[{"href":"https:\/\/www.africanchallenges.com\/index.php?rest_route=\/wp\/v2\/types\/post"}],"author":[{"embeddable":true,"href":"https:\/\/www.africanchallenges.com\/index.php?rest_route=\/wp\/v2\/users\/4"}],"replies":[{"embeddable":true,"href":"https:\/\/www.africanchallenges.com\/index.php?rest_route=%2Fwp%2Fv2%2Fcomments&post=58605"}],"version-history":[{"count":1,"href":"https:\/\/www.africanchallenges.com\/index.php?rest_route=\/wp\/v2\/posts\/58605\/revisions"}],"predecessor-version":[{"id":58607,"href":"https:\/\/www.africanchallenges.com\/index.php?rest_route=\/wp\/v2\/posts\/58605\/revisions\/58607"}],"wp:featuredmedia":[{"embeddable":true,"href":"https:\/\/www.africanchallenges.com\/index.php?rest_route=\/wp\/v2\/media\/58606"}],"wp:attachment":[{"href":"https:\/\/www.africanchallenges.com\/index.php?rest_route=%2Fwp%2Fv2%2Fmedia&parent=58605"}],"wp:term":[{"taxonomy":"category","embeddable":true,"href":"https:\/\/www.africanchallenges.com\/index.php?rest_route=%2Fwp%2Fv2%2Fcategories&post=58605"},{"taxonomy":"post_tag","embeddable":true,"href":"https:\/\/www.africanchallenges.com\/index.php?rest_route=%2Fwp%2Fv2%2Ftags&post=58605"}],"curies":[{"name":"wp","href":"https:\/\/api.w.org\/{rel}","templated":true}]}}