{"id":58498,"date":"2024-09-18T09:20:08","date_gmt":"2024-09-18T08:20:08","guid":{"rendered":"https:\/\/www.africanchallenges.com\/?p=58498"},"modified":"2024-09-18T09:20:29","modified_gmt":"2024-09-18T08:20:29","slug":"tunisie-prolongation-de-la-periode-dinscription-pour-le-hajj","status":"publish","type":"post","link":"https:\/\/www.africanchallenges.com\/?p=58498","title":{"rendered":"Tunisie : Prolongation de la p\u00e9riode d&rsquo;inscription pour le Hajj"},"content":{"rendered":"\n<p class=\"wp-block-paragraph\">Le minist\u00e8re des Affaires religieuses a communiqu\u00e9 hier mardi 17 septembre 2024 une extension de la p\u00e9riode d\u2019inscription pour le Hajj de l&rsquo;ann\u00e9e 1446H\/2025. Les inscriptions seront d\u00e9sormais ouvertes pour une dur\u00e9e suppl\u00e9mentaire de dix jours, allant du mercredi 18 septembre au vendredi 27 septembre 2024. Cette prolongation s&rsquo;applique tant aux nouveaux postulants qu&rsquo;\u00e0 ceux ayant d\u00e9j\u00e0 d\u00e9pos\u00e9 une demande.<\/p>\n\n\n\n<p class=\"wp-block-paragraph\">Les personnes int\u00e9ress\u00e9es sont invit\u00e9es \u00e0 s&rsquo;inscrire sur le site officiel du minist\u00e8re \u00e0 l&rsquo;adresse www.affaires-religieuses.tn en utilisant le lien intitul\u00e9 \u201cInscription Hajj 1446 H \/ 2025\u201d. Les candidats s&rsquo;inscrivant pour la premi\u00e8re fois, ainsi que ceux dont les dossiers n&rsquo;ont pas encore \u00e9t\u00e9 approuv\u00e9s, doivent obligatoirement prendre contact avec l&rsquo;Imam de leur d\u00e9l\u00e9gation pour soumettre une copie de leur carte d&rsquo;identit\u00e9 nationale ainsi que le re\u00e7u d&rsquo;inscription, afin de v\u00e9rifier et valider leurs informations.<\/p>\n\n\n\n<p class=\"wp-block-paragraph\">Il convient de rappeler que la p\u00e9riode d&rsquo;inscription en ligne \u00e9tait initialement fix\u00e9e du 12 ao\u00fbt au 13 septembre 2024.<\/p>\n","protected":false},"excerpt":{"rendered":"<p>Le minist\u00e8re des Affaires religieuses a communiqu\u00e9 hier mardi 17 septembre 2024 une extension de la p\u00e9riode d\u2019inscription pour le Hajj de l&rsquo;ann\u00e9e 1446H\/2025. Les inscriptions seront d\u00e9sormais ouvertes pour une dur\u00e9e suppl\u00e9mentaire de dix jours, allant du mercredi 18 septembre au vendredi 27 septembre 2024. Cette prolongation s&rsquo;applique tant aux nouveaux postulants qu&rsquo;\u00e0 ceux [&hellip;]<\/p>\n","protected":false},"author":3,"featured_media":21187,"comment_status":"open","ping_status":"closed","sticky":false,"template":"","format":"standard","meta":{"content-type":"","jnews-multi-image_gallery":[],"jnews_single_post":{"subtitle":"","format":"standard","video":"","gallery":"","source_name":"","source_url":"","via_name":"","via_url":"","override_template":"0","override":[{"template":"1","single_blog_custom":"","parallax":"1","fullscreen":"1","layout":"right-sidebar","sidebar":"default-sidebar","second_sidebar":"default-sidebar","sticky_sidebar":"1","share_position":"top","share_float_style":"share-monocrhome","show_share_counter":"1","show_view_counter":"1","show_featured":"1","show_post_meta":"1","show_post_author":"1","show_post_author_image":"1","show_post_date":"1","post_date_format":"default","post_date_format_custom":"Y\/m\/d","show_post_category":"1","show_post_reading_time":"0","post_reading_time_wpm":"300","show_zoom_button":"0","zoom_button_out_step":"2","zoom_button_in_step":"3","show_post_tag":"1","show_prev_next_post":"1","show_popup_post":"1","number_popup_post":"1","show_author_box":"0","show_post_related":"0","show_inline_post_related":"0"}],"override_image_size":"0","image_override":[{"single_post_thumbnail_size":"crop-500","single_post_gallery_size":"crop-500"}],"trending_post":"0","trending_post_position":"meta","trending_post_label":"Trending","sponsored_post":"0","sponsored_post_label":"Sponsored by","sponsored_post_name":"","sponsored_post_url":"","sponsored_post_logo_enable":"0","sponsored_post_logo":"","sponsored_post_desc":"","disable_ad":"0"},"jnews_primary_category":{"id":"","hide":""},"jnews_override_bookmark_settings":[],"jnews_review":[],"enable_review":"","type":"","name":"","summary":"","brand":"","sku":"","good":[],"bad":[],"score_override":"","override_value":"","rating":[],"price":[],"jnews_post_split":[],"footnotes":""},"categories":[2],"tags":[9373],"class_list":["post-58498","post","type-post","status-publish","format-standard","has-post-thumbnail","hentry","category-news-politique","tag-ministere-des-affaires-religieuses"],"_links":{"self":[{"href":"https:\/\/www.africanchallenges.com\/index.php?rest_route=\/wp\/v2\/posts\/58498","targetHints":{"allow":["GET"]}}],"collection":[{"href":"https:\/\/www.africanchallenges.com\/index.php?rest_route=\/wp\/v2\/posts"}],"about":[{"href":"https:\/\/www.africanchallenges.com\/index.php?rest_route=\/wp\/v2\/types\/post"}],"author":[{"embeddable":true,"href":"https:\/\/www.africanchallenges.com\/index.php?rest_route=\/wp\/v2\/users\/3"}],"replies":[{"embeddable":true,"href":"https:\/\/www.africanchallenges.com\/index.php?rest_route=%2Fwp%2Fv2%2Fcomments&post=58498"}],"version-history":[{"count":1,"href":"https:\/\/www.africanchallenges.com\/index.php?rest_route=\/wp\/v2\/posts\/58498\/revisions"}],"predecessor-version":[{"id":58499,"href":"https:\/\/www.africanchallenges.com\/index.php?rest_route=\/wp\/v2\/posts\/58498\/revisions\/58499"}],"wp:featuredmedia":[{"embeddable":true,"href":"https:\/\/www.africanchallenges.com\/index.php?rest_route=\/wp\/v2\/media\/21187"}],"wp:attachment":[{"href":"https:\/\/www.africanchallenges.com\/index.php?rest_route=%2Fwp%2Fv2%2Fmedia&parent=58498"}],"wp:term":[{"taxonomy":"category","embeddable":true,"href":"https:\/\/www.africanchallenges.com\/index.php?rest_route=%2Fwp%2Fv2%2Fcategories&post=58498"},{"taxonomy":"post_tag","embeddable":true,"href":"https:\/\/www.africanchallenges.com\/index.php?rest_route=%2Fwp%2Fv2%2Ftags&post=58498"}],"curies":[{"name":"wp","href":"https:\/\/api.w.org\/{rel}","templated":true}]}}