{"id":58487,"date":"2024-09-17T22:46:51","date_gmt":"2024-09-17T21:46:51","guid":{"rendered":"https:\/\/www.africanchallenges.com\/?p=58487"},"modified":"2024-09-17T22:48:29","modified_gmt":"2024-09-17T21:48:29","slug":"tunisie-le-ministre-des-affaires-etrangeres-recoit-celine-moyroud-representante-residente-du-programme-des-nations-unies-pour-le-developpement-en-tunisie","status":"publish","type":"post","link":"https:\/\/www.africanchallenges.com\/?p=58487","title":{"rendered":"Tunisie : Le Ministre des Affaires Etrang\u00e8res re\u00e7oit C\u00e9line Moyroud, Repr\u00e9sentante R\u00e9sidente du Programme des Nations Unies pour le D\u00e9veloppement en Tunisie"},"content":{"rendered":"\n<p class=\"wp-block-paragraph\">M. Mohamed Ali Nafti, Ministre des Affaires Etrang\u00e8res, de la Migration et des Tunisiens \u00e0 l&rsquo;\u00e9tranger, a re\u00e7u le 17 septembre 2024, Mme C\u00e9line Moyroud, Repr\u00e9sentante R\u00e9sidente du Programme des Nations Unies pour le D\u00e9veloppement en Tunisie, venue lui pr\u00e9senter ses f\u00e9licitations pour ses nouvelles fonctions.<\/p>\n\n\n\n<p class=\"wp-block-paragraph\">Cette rencontre a \u00e9t\u00e9 l&rsquo;occasion de r\u00e9affirmer les relations solides de coop\u00e9ration et de partenariat avec le PNUD, le soutien de cette prestigieuse agence onusienne \u00e0 la Tunisie \u00e0 travers la mise en \u0153uvre d\u2019un certain nombre de projets de d\u00e9veloppement et sa volont\u00e9 de consolider ces relations conform\u00e9ment aux orientations et priorit\u00e9s nationales, notamment dans les domaines de la lutte contre la corruption, le renforcement de la gouvernance et la lutte contre les effets des changements climatiques et ce, en pr\u00e9vision de l&rsquo;\u00e9laboration du Plan cadre des Nations Unies pour l&rsquo;Aide au D\u00e9veloppement en Tunisie pour la p\u00e9riode 2026-2030.<\/p>\n\n\n\n<p class=\"wp-block-paragraph\">Cette rencontre a \u00e9galement permis d\u2019aborder les principales questions \u00e0 l\u2019ordre du jour des prochaines \u00e9ch\u00e9ances multilat\u00e9rales ainsi que la participation de la Tunisie au Sommet de l\u2019Avenir et \u00e0 la 79eme session de l\u2019Assembl\u00e9e G\u00e9n\u00e9rale des Nations Unies.<\/p>\n","protected":false},"excerpt":{"rendered":"<p>M. Mohamed Ali Nafti, Ministre des Affaires Etrang\u00e8res, de la Migration et des Tunisiens \u00e0 l&rsquo;\u00e9tranger, a re\u00e7u le 17 septembre 2024, Mme C\u00e9line Moyroud, Repr\u00e9sentante R\u00e9sidente du Programme des Nations Unies pour le D\u00e9veloppement en Tunisie, venue lui pr\u00e9senter ses f\u00e9licitations pour ses nouvelles fonctions. Cette rencontre a \u00e9t\u00e9 l&rsquo;occasion de r\u00e9affirmer les relations [&hellip;]<\/p>\n","protected":false},"author":4,"featured_media":58488,"comment_status":"open","ping_status":"closed","sticky":false,"template":"","format":"standard","meta":{"content-type":"","jnews-multi-image_gallery":[],"jnews_single_post":{"subtitle":"","format":"standard","video":"","gallery":"","source_name":"","source_url":"","via_name":"","via_url":"","override_template":"0","override":[{"template":"1","single_blog_custom":"","parallax":"1","fullscreen":"1","layout":"right-sidebar","sidebar":"default-sidebar","second_sidebar":"default-sidebar","sticky_sidebar":"1","share_position":"top","share_float_style":"share-monocrhome","show_share_counter":"1","show_view_counter":"1","show_featured":"1","show_post_meta":"1","show_post_author":"1","show_post_author_image":"1","show_post_date":"1","post_date_format":"default","post_date_format_custom":"Y\/m\/d","show_post_category":"1","show_post_reading_time":"0","post_reading_time_wpm":"300","show_zoom_button":"0","zoom_button_out_step":"2","zoom_button_in_step":"3","show_post_tag":"1","show_prev_next_post":"1","show_popup_post":"1","number_popup_post":"1","show_author_box":"0","show_post_related":"0","show_inline_post_related":"0"}],"override_image_size":"0","image_override":[{"single_post_thumbnail_size":"crop-500","single_post_gallery_size":"crop-500"}],"trending_post":"0","trending_post_position":"meta","trending_post_label":"Trending","sponsored_post":"0","sponsored_post_label":"Sponsored by","sponsored_post_name":"","sponsored_post_url":"","sponsored_post_logo_enable":"0","sponsored_post_logo":"","sponsored_post_desc":"","disable_ad":"0"},"jnews_primary_category":{"id":"","hide":""},"jnews_override_bookmark_settings":[],"jnews_review":[],"enable_review":"","type":"","name":"","summary":"","brand":"","sku":"","good":[],"bad":[],"score_override":"","override_value":"","rating":[],"price":[],"jnews_post_split":[],"footnotes":""},"categories":[2],"tags":[8893,298,1164,13096,1282,54],"class_list":["post-58487","post","type-post","status-publish","format-standard","has-post-thumbnail","hentry","category-news-politique","tag-celine-moyroud","tag-cooperation","tag-pnud","tag-programme-des-nations-unies-pour-le-developpement-2","tag-rencontre","tag-tunisie"],"_links":{"self":[{"href":"https:\/\/www.africanchallenges.com\/index.php?rest_route=\/wp\/v2\/posts\/58487","targetHints":{"allow":["GET"]}}],"collection":[{"href":"https:\/\/www.africanchallenges.com\/index.php?rest_route=\/wp\/v2\/posts"}],"about":[{"href":"https:\/\/www.africanchallenges.com\/index.php?rest_route=\/wp\/v2\/types\/post"}],"author":[{"embeddable":true,"href":"https:\/\/www.africanchallenges.com\/index.php?rest_route=\/wp\/v2\/users\/4"}],"replies":[{"embeddable":true,"href":"https:\/\/www.africanchallenges.com\/index.php?rest_route=%2Fwp%2Fv2%2Fcomments&post=58487"}],"version-history":[{"count":2,"href":"https:\/\/www.africanchallenges.com\/index.php?rest_route=\/wp\/v2\/posts\/58487\/revisions"}],"predecessor-version":[{"id":58491,"href":"https:\/\/www.africanchallenges.com\/index.php?rest_route=\/wp\/v2\/posts\/58487\/revisions\/58491"}],"wp:featuredmedia":[{"embeddable":true,"href":"https:\/\/www.africanchallenges.com\/index.php?rest_route=\/wp\/v2\/media\/58488"}],"wp:attachment":[{"href":"https:\/\/www.africanchallenges.com\/index.php?rest_route=%2Fwp%2Fv2%2Fmedia&parent=58487"}],"wp:term":[{"taxonomy":"category","embeddable":true,"href":"https:\/\/www.africanchallenges.com\/index.php?rest_route=%2Fwp%2Fv2%2Fcategories&post=58487"},{"taxonomy":"post_tag","embeddable":true,"href":"https:\/\/www.africanchallenges.com\/index.php?rest_route=%2Fwp%2Fv2%2Ftags&post=58487"}],"curies":[{"name":"wp","href":"https:\/\/api.w.org\/{rel}","templated":true}]}}