{"id":58258,"date":"2024-09-09T15:40:17","date_gmt":"2024-09-09T14:40:17","guid":{"rendered":"https:\/\/www.africanchallenges.com\/?p=58258"},"modified":"2024-09-09T15:52:29","modified_gmt":"2024-09-09T14:52:29","slug":"tunisie-eunic-tunisie-en-collaboration-avec-le-conseil-de-leurope-et-la-delegation-de-lunion-europeenne-celebrera-la-journee-europeenne-des-langues-sous-le-theme-les-langu","status":"publish","type":"post","link":"https:\/\/www.africanchallenges.com\/?p=58258","title":{"rendered":"Tunisie : EUNIC Tunisie, en collaboration avec le Conseil de l&rsquo;Europe et la D\u00e9l\u00e9gation de l&rsquo;Union Europ\u00e9enne, c\u00e9l\u00e9brera la Journ\u00e9e Europ\u00e9enne des Langues sous le th\u00e8me \u00ab Les langues pour la paix \u00bb du 26 au 28 septembre 2024 \u00e0 Tunis"},"content":{"rendered":"\n<p class=\"wp-block-paragraph\">\u00c0 l&rsquo;occasion des Journ\u00e9es Europ\u00e9ennes des Langues qui se d\u00e9rouleront \u00e0 Tunis du 26 au 28 septembre 2024, Mme Rajae Essefiani, D\u00e9l\u00e9gu\u00e9e g\u00e9n\u00e9rale Wallonie-Bruxelles et pr\u00e9sidente du r\u00e9seau EUNIC Tunisie (Instituts Nationaux de Culture de l&rsquo;Union Europ\u00e9enne), a organis\u00e9 un petit-d\u00e9jeuner de presse ce lundi 9 septembre 2024 \u00e0 la D\u00e9l\u00e9gation g\u00e9n\u00e9rale Wallonie-Bruxelles \u00e0 Tunis. Cette ann\u00e9e, EUNIC Tunisie, en collaboration avec le Conseil de l&rsquo;Europe et la D\u00e9l\u00e9gation de l&rsquo;Union Europ\u00e9enne, c\u00e9l\u00e9brera la \u00ab Journ\u00e9e Europ\u00e9enne des Langues \u00bb sous le th\u00e8me \u00ab Les langues pour la paix \u00bb, mettant en avant le r\u00f4le essentiel de la diversit\u00e9 linguistique et de l&rsquo;\u00e9ducation linguistique dans la promotion d&rsquo;une culture de paix, de coexistence et de d\u00e9mocratie. <\/p>\n\n\n\n<p class=\"wp-block-paragraph\">Il convient de rappeler que depuis le 26 septembre 2001, \u00e0 l&rsquo;initiative du Conseil de l&rsquo;Europe, la Journ\u00e9e Europ\u00e9enne des Langues est c\u00e9l\u00e9br\u00e9e chaque ann\u00e9e.<\/p>\n\n\n\n<p class=\"wp-block-paragraph\"><strong>Programme\u00a0:<\/strong><\/p>\n\n\n\n<p class=\"wp-block-paragraph\"><strong><u>*J<em>eudi 26 septembre &#8211; 15h00 \u00e0 19h30, Cit\u00e9 des Sciences, Rue de la Cit\u00e9 des Sciences, Tunis<\/em><\/u><\/strong><\/p>\n\n\n\n<p class=\"wp-block-paragraph\"><em><u>Mod\u00e9ratrice :<\/u><\/em><strong><em> <\/em><\/strong><em>Raouia Khedher, journaliste<\/em><\/p>\n\n\n\n<p class=\"wp-block-paragraph\"><em><u>Langues utilis\u00e9es :<\/u><\/em><em> arabe, anglais, fran\u00e7ais<\/em><\/p>\n\n\n\n<p class=\"wp-block-paragraph\"><strong><u>15h00-15h30<\/u><\/strong><strong> : Ouverture officielle <\/strong><strong><\/strong><\/p>\n\n\n\n<p class=\"wp-block-paragraph\"><strong>&nbsp;&nbsp;&nbsp;&nbsp; Interventions&nbsp;:<\/strong><strong><\/strong><\/p>\n\n\n\n<p class=\"wp-block-paragraph\">&nbsp;&nbsp;&nbsp;&nbsp; * Monsieur Gianfranco Bochicchio, chef de la section politique, D\u00e9l\u00e9gation de l\u2019Union &nbsp;&nbsp;&nbsp;&nbsp;&nbsp;&nbsp;&nbsp;&nbsp;Europ\u00e9enne en Tunisie<\/p>\n\n\n\n<p class=\"wp-block-paragraph\">&nbsp;&nbsp;&nbsp; *Madame Pilar Morales Fern\u00e1ndez-Shaw, Cheffe du Bureau du Conseil de l\u2019Europe \u00e0 Tunis<\/p>\n\n\n\n<p class=\"wp-block-paragraph\">&nbsp;&nbsp;&nbsp; *Madame Rajae Essefiani, D\u00e9l\u00e9gu\u00e9e g\u00e9n\u00e9rale Wallonie-Bruxelles et Pr\u00e9sidente du R\u00e9seau EUNIC<\/p>\n\n\n\n<p class=\"wp-block-paragraph\">&nbsp;&nbsp;&nbsp; *SEM Monsieur Noureddine Ennouri, Ministre de l\u2019Education (\u00e0 confirmer)<\/p>\n\n\n\n<p class=\"wp-block-paragraph\"><strong><em>&nbsp;&nbsp;&nbsp;&nbsp;&nbsp; <u>15h30-19h30&nbsp;:<\/u> S\u00e9minaire \u00ab&nbsp;L\u2019impact de l&rsquo;intelligence artificielle sur l&rsquo;enseignement des langues&nbsp;\u00bb<\/em><\/strong><\/p>\n\n\n\n<p class=\"wp-block-paragraph\"><strong><em>&nbsp;&nbsp;&nbsp;&nbsp;&nbsp; <\/em><\/strong><strong><u>16h00 &#8211; 17h30&nbsp;<\/u><\/strong><strong>:<\/strong> <strong>Table-ronde 1&nbsp;: \u00ab Enseignement et apprentissage des langues \u00e9trang\u00e8res \u00e0 l\u2019\u00e8re de l\u2019IA&nbsp;: enjeux, perspectives et bonnes pratiques \u00bb<\/strong><\/p>\n\n\n\n<p class=\"wp-block-paragraph\">\u00a0\u00a0\u00a0\u00a0\u00a0\u00a0 Cette table-ronde abordera la question du renouvellement des pratiques d\u2019enseignement et d\u2019apprentissage des langues \u00e9trang\u00e8res en abordant notamment les questions suivantes\u00a0:<a> <\/a>Comment l\u2019IA a-t-elle transforme-t-elle les approches p\u00e9dagogiques en mati\u00e8re d\u2019apprentissage des langues\u00a0? Comment \u00e9valuer la plus-value qualitative de l\u2019IA en la mati\u00e8re ? Comment inclure les outils de l\u2019IA dans la formation des enseignants ? Comment sensibiliser les \u00e9tudiants \u00e0 une utilisation efficace de l\u2019IA en mati\u00e8re d\u2019acquisition d\u2019une langue ? Quel est l\u2019impact des nouvelles technologies sur le rapport entre enseignant et apprenant ?<\/p>\n\n\n\n<p class=\"wp-block-paragraph\"><strong>&nbsp;&nbsp;&nbsp;&nbsp;&nbsp;&nbsp;&nbsp; Intervenant(e)s&nbsp;:<\/strong><strong><\/strong><\/p>\n\n\n\n<p class=\"wp-block-paragraph\"><strong>&nbsp;&nbsp;&nbsp; <\/strong>*Prof. Bernd R\u00fcschoff, \u00ab Intelligence artificielle: enjeux, perspectives et bonnes pratiques \u00bb &#8211; Conseil de l\u2019Europe<\/p>\n\n\n\n<p class=\"wp-block-paragraph\">&nbsp;&nbsp; &nbsp;*Dr Luca Agostino, Expert au Centre Europ\u00e9en pour les Langues Vivantes du Conseil de l&rsquo;Europe &#8211; Italie<\/p>\n\n\n\n<p class=\"wp-block-paragraph\">&nbsp;&nbsp;&nbsp; *Dr Mar\u00eda Palomares, School of Modern Languages and Applied Linguistics, AHSS University of Limerick (Irlande): &#8211; Espagne<em><\/em><\/p>\n\n\n\n<p class=\"wp-block-paragraph\">&nbsp; *Dr Sonya Dase, Linguiste sp\u00e9cialiste de la litt\u00e9rature et de l&rsquo;\u00e9dition, coach professionnelle avec l\u2019approche syst\u00e9mique et Co-Directrice de \u00ab Dase &amp; Carstensen \u00bb &#8211; Allemagne<\/p>\n\n\n\n<p class=\"wp-block-paragraph\">&nbsp; *Dr Matthias Leichtfried, Professeur \u00e0 l\u2019institut de langue et litt\u00e9rature allemandes, sp\u00e9cialiste en culture du num\u00e9rique et de l&rsquo;intelligence artificielle g\u00e9n\u00e9rative &#8211; Autriche<\/p>\n\n\n\n<p class=\"wp-block-paragraph\">&nbsp; * Mme Thouraya Daouass, Docteure en Intelligence Artificielle de l\u2019Universit\u00e9 Suisse de Neuch\u00e2tel, et sp\u00e9cialiste en Digital Learning et intelligence artificielle &#8211; Tunisie<\/p>\n\n\n\n<p class=\"wp-block-paragraph\">&nbsp; &nbsp;&nbsp;Questions-r\u00e9ponses<\/p>\n\n\n\n<p class=\"wp-block-paragraph\"><strong>&nbsp;&nbsp; &nbsp;&nbsp;<u>17h30 &#8211; 18h00<\/u><\/strong> : Pause-caf\u00e9<\/p>\n\n\n\n<p class=\"wp-block-paragraph\"><strong>&nbsp;&nbsp;&nbsp;&nbsp; <u>18h00 &#8211; 19h30&nbsp;:<\/u><\/strong> <strong>\u00ab&nbsp;Table-ronde 2&nbsp;: Start-up en \u00e9ducation&nbsp;: exemples de solutions IA d\u00e9velopp\u00e9es dans le domaine de l\u2019enseignement des langues \u00e9trang\u00e8res&nbsp;\u00bb<\/strong><strong><\/strong><\/p>\n\n\n\n<p class=\"wp-block-paragraph\">&nbsp;&nbsp;&nbsp;&nbsp;&nbsp; Les startups sp\u00e9cialis\u00e9es dans le domaine de l\u2019\u00e9ducation jouent un r\u00f4le central dans la digitalisation des m\u00e9thodes d\u2019enseignement des langues. Des solutions technologiques d\u00e9velopp\u00e9es en Europe et en Tunisie seront pr\u00e9sent\u00e9es en abordant notamment les questions suivantes : Quel est le contexte de cr\u00e9ation de la solution&nbsp;? Quelles sont les sp\u00e9cificit\u00e9s de la solution technologique&nbsp;? Quels sont les types d\u2019utilisateurs de la solution&nbsp;(enseignants, entreprises, particuliers &#8230;)&nbsp;? Quelles sont les perspectives de d\u00e9veloppement de la solution dans un secteur en perp\u00e9tuelle innovation&nbsp;?<\/p>\n\n\n\n<p class=\"wp-block-paragraph\"><strong>&nbsp;&nbsp;&nbsp; &nbsp;Intervenant(e)s&nbsp;:<\/strong><\/p>\n\n\n\n<p class=\"wp-block-paragraph\">&nbsp;&nbsp;&nbsp; *Gymglish, Mme Eloise Ghertman, CEO &amp; Rita Leonhardmair responsable des partenariats &#8211; France<\/p>\n\n\n\n<p class=\"wp-block-paragraph\">&nbsp;&nbsp;&nbsp; * Altissia, M.Maher Ben Salem, Consultant \u2013 Wallonie (Belgique)<\/p>\n\n\n\n<p class=\"wp-block-paragraph\">&nbsp;&nbsp;&nbsp; *Click2read, M.Sami Meksi, Fondateur &#8211; Tunisie<\/p>\n\n\n\n<p class=\"wp-block-paragraph\">&nbsp;&nbsp;&nbsp; *T\u00e9moignages&nbsp;: Associations d\u2019\u00e9tudiants, clubs de jeunes \u2013 Tunisie<\/p>\n\n\n\n<p class=\"wp-block-paragraph\">Questions-r\u00e9ponses<\/p>\n\n\n\n<p class=\"wp-block-paragraph\"><strong><u>19h30 \u2013 20h30 <\/u><\/strong>: Cocktail et show-case des solutions IA<\/p>\n\n\n\n<p class=\"wp-block-paragraph\"><strong><u>*Vendredi <em>27 septembre &#8211; 16h00 \u00e0 22h00, Institut Fran\u00e7ais de Tunis, 20-22 Avenue de Paris, Tunis<\/em><\/u><\/strong><\/p>\n\n\n\n<p class=\"wp-block-paragraph\"><strong><em>&nbsp; &nbsp;&nbsp;&nbsp;<u>16h-18h&nbsp;: &nbsp;\u00ab&nbsp;Speak dating\u00bb&nbsp;:<\/u><\/em><\/strong><\/p>\n\n\n\n<p class=\"wp-block-paragraph\">&nbsp;&nbsp;&nbsp;&nbsp; Les visiteurs d\u00e9couvriront et pratiqueront diff\u00e9rentes langues \u00e0 travers des tables de conversation.<\/p>\n\n\n\n<p class=\"wp-block-paragraph\">L\u2019activit\u00e9 permettra aux participants d\u2019avoir un \u00e9change d\u2019une dizaine de minutes sur des th\u00e8mes vari\u00e9s de fa\u00e7on ludique et d\u00e9contract\u00e9e.<\/p>\n\n\n\n<p class=\"wp-block-paragraph\">Les visiteurs seront accueillis par des repr\u00e9sentants des ambassades et des centres culturels.<\/p>\n\n\n\n<p class=\"wp-block-paragraph\">Langues&nbsp;: allemand, fran\u00e7ais, grec, italien, espagnol, polonais, anglais, portugais, tch\u00e8que, finnois, n\u00e9erlandais<\/p>\n\n\n\n<p class=\"wp-block-paragraph\">Pays Participants&nbsp;:<\/p>\n\n\n\n<p class=\"wp-block-paragraph\">-Allemagne<\/p>\n\n\n\n<p class=\"wp-block-paragraph\">-Autriche<\/p>\n\n\n\n<p class=\"wp-block-paragraph\">-Belgique<\/p>\n\n\n\n<p class=\"wp-block-paragraph\">-Espagne<\/p>\n\n\n\n<p class=\"wp-block-paragraph\">-Finlande<\/p>\n\n\n\n<p class=\"wp-block-paragraph\">-France<\/p>\n\n\n\n<p class=\"wp-block-paragraph\">-Gr\u00e8ce<\/p>\n\n\n\n<p class=\"wp-block-paragraph\">-Italie<\/p>\n\n\n\n<p class=\"wp-block-paragraph\">-Pays-bas<\/p>\n\n\n\n<p class=\"wp-block-paragraph\">-Pologne<\/p>\n\n\n\n<p class=\"wp-block-paragraph\">-Portugal<\/p>\n\n\n\n<p class=\"wp-block-paragraph\">-R\u00e9publique tch\u00e8que<\/p>\n\n\n\n<p class=\"wp-block-paragraph\">-Wallonie-Bruxelles (Belgique)<\/p>\n\n\n\n<p class=\"wp-block-paragraph\"><strong>&nbsp; &nbsp;&nbsp;&nbsp;<u>19h00 &#8211; 22h00<\/u><\/strong>&nbsp;: <strong><em><u>Le tour d\u2019Europe en <\/u><\/em><\/strong><strong><em><u>karaok\u00e9, voyage \u00e0 travers des chansons incontournables&nbsp;:<\/u><\/em><\/strong><\/p>\n\n\n\n<p class=\"wp-block-paragraph\">&nbsp;&nbsp; &nbsp;&nbsp;Gr\u00e2ce \u00e0 une playlist multilingue, les participants pourront chanter dans toutes les langues des partenaires impliqu\u00e9s.<\/p>\n\n\n\n<p class=\"wp-block-paragraph\"><strong>&nbsp;&nbsp;&nbsp;&nbsp; <u>D\u00e9roul\u00e9&nbsp;:<\/u><\/strong><\/p>\n\n\n\n<p class=\"wp-block-paragraph\"><strong>*18h30 -19h00&nbsp;:&nbsp;<\/strong> Accueil des participants<\/p>\n\n\n\n<p class=\"wp-block-paragraph\"><strong>*19h00 &#8211; 19h15&nbsp;:<\/strong> Mot d\u2019ouverture<\/p>\n\n\n\n<p class=\"wp-block-paragraph\"><strong>*19h15 &#8211; 20h 15&nbsp;:<\/strong> Karaok\u00e9 + Quiz Kahoot (tous les participants)<\/p>\n\n\n\n<p class=\"wp-block-paragraph\"><strong>*20h15 &#8211; 20h45&nbsp;:<\/strong> Pause musicale<\/p>\n\n\n\n<p class=\"wp-block-paragraph\"><strong>*20h45 &#8211; 21h45&nbsp;:<\/strong> Karaok\u00e9 + Quiz Buzzers (les 5 gagnants du premier jeu)<\/p>\n\n\n\n<p class=\"wp-block-paragraph\"><strong>*21h45 &#8211; 22h00&nbsp;:<\/strong> Annonce des trois gagnants et distribution des cadeaux<\/p>\n\n\n\n<p class=\"wp-block-paragraph\"><strong><u>*Samedi <em>28 septembre &#8211; 13h30 \u00e0 18h00, Instituts culturels et ambassades<\/em><\/u><\/strong><\/p>\n\n\n\n<p class=\"wp-block-paragraph\"><strong><em>&nbsp;&nbsp;&nbsp;&nbsp;&nbsp; <u>Journ\u00e9e portes ouvertes&nbsp;:<\/u><\/em><\/strong><\/p>\n\n\n\n<p class=\"wp-block-paragraph\">&nbsp;&nbsp;&nbsp; Quatre centres culturels et deux ambassades ouvriront leurs portes aux \u00e9tudiants, enseignants et au grand public pour une apr\u00e8s-midi de d\u00e9couvertes !<\/p>\n\n\n\n<p class=\"wp-block-paragraph\">Ils proposeront au public, une matin\u00e9e portes ouvertes, avec des animations diverses et des informations sur leurs activit\u00e9s culturelles et linguistiques. Le public sera muni d\u2019un&nbsp;&nbsp;&nbsp;&nbsp;&nbsp;&nbsp;&nbsp;&nbsp;&nbsp;&nbsp;&nbsp;&nbsp;&nbsp;&nbsp;&nbsp;&nbsp; &nbsp;\u00ab passeport \u00bb sur lequel un cachet sera appos\u00e9 \u00e0 l\u2019entr\u00e9e de chaque Institut. Des prix seront attribu\u00e9s aux participants apr\u00e8s tirage au sort.<\/p>\n\n\n\n<p class=\"wp-block-paragraph\">&nbsp;Pour faciliter le transport entre tous ces centres, un bus avec un guide sera mis \u00e0 la disposition des visiteurs.&nbsp;&nbsp;&nbsp;<\/p>\n\n\n\n<p class=\"wp-block-paragraph\"><strong>*13h30&nbsp;:<\/strong> Rendez-vous au centre-ville en face du minist\u00e8re du Tourisme et d\u00e9part vers l\u2019ambassade de Suisse.<\/p>\n\n\n\n<p class=\"wp-block-paragraph\"><strong>*14h00&nbsp;<\/strong>: Ambassade de Suisse, 22 Rue de Platon, Z.A Kheireddine, Le Kram, Tunis<\/p>\n\n\n\n<p class=\"wp-block-paragraph\"><strong>*14h45&nbsp;:<\/strong> Institut fran\u00e7ais de Tunisie (France), 20-22 Avenue de Paris<\/p>\n\n\n\n<p class=\"wp-block-paragraph\"><strong>*15h15&nbsp;:<\/strong> Instituto Italiano di Cultura (Italie), 80 Avenue Mohamed V, 1002 Tunis<\/p>\n\n\n\n<p class=\"wp-block-paragraph\"><strong>*15h45&nbsp;: <\/strong>Goethe Institut (Allemagne), 06 Rue du S\u00e9n\u00e9gal, 1002 Tunis-Belv\u00e9d\u00e8re<\/p>\n\n\n\n<p class=\"wp-block-paragraph\"><strong>*16h15&nbsp;:<\/strong> Instituto Cervantes (Espagne), 120 Avenue de la Libert\u00e9, 1002 Tunis-Belv\u00e9d\u00e8re&nbsp;<\/p>\n\n\n\n<p class=\"wp-block-paragraph\"><strong>*16h45\u00a0:<\/strong> Ambassade de la R\u00e9publique tch\u00e8que, 98, Rue de Palestine, Tunis-Belv\u00e9d\u00e8re 1002<\/p>\n\n\n\n<figure class=\"wp-block-embed is-type-video is-provider-youtube wp-block-embed-youtube wp-embed-aspect-4-3 wp-has-aspect-ratio\"><div class=\"wp-block-embed__wrapper\">\n<div class=\"jeg_video_container jeg_video_content\"><iframe title=\"Mme Rajae Essefiani, D\u00e9l\u00e9gu\u00e9e g\u00e9n\u00e9rale Wallonie-Bruxelles et pr\u00e9sidente du r\u00e9seau EUNIC Tunisie\" width=\"500\" height=\"375\" src=\"https:\/\/www.youtube.com\/embed\/2crj26PADxk?feature=oembed\" frameborder=\"0\" allow=\"accelerometer; autoplay; clipboard-write; encrypted-media; gyroscope; picture-in-picture; web-share\" referrerpolicy=\"strict-origin-when-cross-origin\" allowfullscreen><\/iframe><\/div>\n<\/div><\/figure>\n","protected":false},"excerpt":{"rendered":"<p>\u00c0 l&rsquo;occasion des Journ\u00e9es Europ\u00e9ennes des Langues qui se d\u00e9rouleront \u00e0 Tunis du 26 au 28 septembre 2024, Mme Rajae Essefiani, D\u00e9l\u00e9gu\u00e9e g\u00e9n\u00e9rale Wallonie-Bruxelles et pr\u00e9sidente du r\u00e9seau EUNIC Tunisie (Instituts Nationaux de Culture de l&rsquo;Union Europ\u00e9enne), a organis\u00e9 un petit-d\u00e9jeuner de presse ce lundi 9 septembre 2024 \u00e0 la D\u00e9l\u00e9gation g\u00e9n\u00e9rale Wallonie-Bruxelles \u00e0 Tunis. [&hellip;]<\/p>\n","protected":false},"author":3,"featured_media":58259,"comment_status":"open","ping_status":"closed","sticky":false,"template":"","format":"standard","meta":{"content-type":"","jnews-multi-image_gallery":[],"jnews_single_post":{"subtitle":"","format":"standard","video":"","gallery":"","source_name":"","source_url":"","via_name":"","via_url":"","override_template":"0","override":[{"template":"1","single_blog_custom":"","parallax":"1","fullscreen":"1","layout":"right-sidebar","sidebar":"default-sidebar","second_sidebar":"default-sidebar","sticky_sidebar":"1","share_position":"top","share_float_style":"share-monocrhome","show_share_counter":"1","show_view_counter":"1","show_featured":"1","show_post_meta":"1","show_post_author":"1","show_post_author_image":"1","show_post_date":"1","post_date_format":"default","post_date_format_custom":"Y\/m\/d","show_post_category":"1","show_post_reading_time":"0","post_reading_time_wpm":"300","show_zoom_button":"0","zoom_button_out_step":"2","zoom_button_in_step":"3","show_post_tag":"1","show_prev_next_post":"1","show_popup_post":"1","number_popup_post":"1","show_author_box":"0","show_post_related":"0","show_inline_post_related":"0"}],"override_image_size":"0","image_override":[{"single_post_thumbnail_size":"crop-500","single_post_gallery_size":"crop-500"}],"trending_post":"0","trending_post_position":"meta","trending_post_label":"Trending","sponsored_post":"0","sponsored_post_label":"Sponsored by","sponsored_post_name":"","sponsored_post_url":"","sponsored_post_logo_enable":"0","sponsored_post_logo":"","sponsored_post_desc":"","disable_ad":"0"},"jnews_primary_category":{"id":"","hide":""},"jnews_override_bookmark_settings":[],"jnews_review":[],"enable_review":"","type":"","name":"","summary":"","brand":"","sku":"","good":[],"bad":[],"score_override":"","override_value":"","rating":[],"price":[],"jnews_post_split":[],"footnotes":""},"categories":[17],"tags":[1064,1193,54],"class_list":["post-58258","post","type-post","status-publish","format-standard","has-post-thumbnail","hentry","category-entertainment","tag-delegation-de-lunion-europeenne","tag-eunic-tunisie","tag-tunisie"],"_links":{"self":[{"href":"https:\/\/www.africanchallenges.com\/index.php?rest_route=\/wp\/v2\/posts\/58258","targetHints":{"allow":["GET"]}}],"collection":[{"href":"https:\/\/www.africanchallenges.com\/index.php?rest_route=\/wp\/v2\/posts"}],"about":[{"href":"https:\/\/www.africanchallenges.com\/index.php?rest_route=\/wp\/v2\/types\/post"}],"author":[{"embeddable":true,"href":"https:\/\/www.africanchallenges.com\/index.php?rest_route=\/wp\/v2\/users\/3"}],"replies":[{"embeddable":true,"href":"https:\/\/www.africanchallenges.com\/index.php?rest_route=%2Fwp%2Fv2%2Fcomments&post=58258"}],"version-history":[{"count":5,"href":"https:\/\/www.africanchallenges.com\/index.php?rest_route=\/wp\/v2\/posts\/58258\/revisions"}],"predecessor-version":[{"id":58267,"href":"https:\/\/www.africanchallenges.com\/index.php?rest_route=\/wp\/v2\/posts\/58258\/revisions\/58267"}],"wp:featuredmedia":[{"embeddable":true,"href":"https:\/\/www.africanchallenges.com\/index.php?rest_route=\/wp\/v2\/media\/58259"}],"wp:attachment":[{"href":"https:\/\/www.africanchallenges.com\/index.php?rest_route=%2Fwp%2Fv2%2Fmedia&parent=58258"}],"wp:term":[{"taxonomy":"category","embeddable":true,"href":"https:\/\/www.africanchallenges.com\/index.php?rest_route=%2Fwp%2Fv2%2Fcategories&post=58258"},{"taxonomy":"post_tag","embeddable":true,"href":"https:\/\/www.africanchallenges.com\/index.php?rest_route=%2Fwp%2Fv2%2Ftags&post=58258"}],"curies":[{"name":"wp","href":"https:\/\/api.w.org\/{rel}","templated":true}]}}