{"id":58246,"date":"2024-09-08T23:25:38","date_gmt":"2024-09-08T22:25:38","guid":{"rendered":"https:\/\/www.africanchallenges.com\/?p=58246"},"modified":"2024-09-08T23:26:10","modified_gmt":"2024-09-08T22:26:10","slug":"tunisie-ouverture-officielle-du-tacirlab-jemna-a-kebili-un-nouvel-espace-dedie-a-linnovation-pour-les-jeunes-du-sud-tunisien","status":"publish","type":"post","link":"https:\/\/www.africanchallenges.com\/?p=58246","title":{"rendered":"Tunisie : Ouverture officielle du TACIR&rsquo;Lab Jemna \u00e0 K\u00e9bili, un nouvel espace d\u00e9di\u00e9 \u00e0 l&rsquo;innovation pour les jeunes du sud tunisien"},"content":{"rendered":"\n<p class=\"wp-block-paragraph\">Le programme TACIR est fier d&rsquo;annoncer l&rsquo;ouverture officielle du TACIR&rsquo;Lab Jemna, un espace unique d\u00e9di\u00e9 \u00e0 l&rsquo;innovation culturelle et num\u00e9rique au c\u0153ur du d\u00e9sert tunisien, \u00e0 K\u00e9bili. L&rsquo;\u00e9v\u00e9nement aura lieu le 10 septembre 2024, de 10h \u00e0 13h30, dans l&rsquo;annexe de la Maison des Jeunes de Jemna.<\/p>\n\n\n\n<p class=\"wp-block-paragraph\">Ce projet, port\u00e9 par le programme TACIR en partenariat avec l&rsquo;Association du Th\u00e9\u00e2tre de la Ville de Jemna, a pour ambition de d\u00e9mocratiser l&rsquo;acc\u00e8s aux industries culturelles et cr\u00e9atives (ICC) ainsi qu&rsquo;aux ressources num\u00e9riques dans la r\u00e9gion. Le TACIR&rsquo;Lab Jemna se veut un moteur de changement, offrant aux jeunes talents locaux une plateforme pour d\u00e9velopper des projets novateurs et contribuer \u00e0 la transformation sociale et \u00e9conomique de K\u00e9bili.<\/p>\n\n\n\n<p class=\"wp-block-paragraph\">Gr\u00e2ce au soutien pr\u00e9cieux de la Fondation Abdelwaheb Ben Ayed (FABA), de Microcred, et du programme Maghroumin de l&rsquo;AECID, ce laboratoire cr\u00e9atif devient une r\u00e9alit\u00e9, permettant aux jeunes de K\u00e9bili, souvent marginalis\u00e9s, d&rsquo;acc\u00e9der \u00e0 des opportunit\u00e9s nouvelles et stimulantes. Ce projet s&rsquo;inscrit dans une vision inclusive, visant \u00e0 renforcer la r\u00e9silience et \u00e0 stimuler l&rsquo;innovation dans les communaut\u00e9s locales.<\/p>\n\n\n\n<p class=\"wp-block-paragraph\"><strong>Rencontre-d\u00e9bat avec les jeunes de K\u00e9bili<\/strong><\/p>\n\n\n\n<p class=\"wp-block-paragraph\">L&rsquo;\u00e9v\u00e9nement d&rsquo;ouverture sera marqu\u00e9 par une rencontre-d\u00e9bat avec les jeunes de la r\u00e9gion, au cours de laquelle seront pr\u00e9sent\u00e9es les diff\u00e9rentes activit\u00e9s du programme TACIR et les nombreuses opportunit\u00e9s qu&rsquo;offre le TACIR&rsquo;Lab Jemna. Ce moment d&rsquo;\u00e9changes permettra d&rsquo;identifier les attentes des jeunes et d&rsquo;adapter les actions du programme \u00e0 leurs besoins r\u00e9els.<\/p>\n\n\n\n<p class=\"wp-block-paragraph\"><strong>\u201c\u0647\u064e\u064a\u0651\u0652\u0648\u064f \u062c\u0645\u064a\u0639\u0652!\u201d \u2013 Mobilisons-nous tous!<\/strong><\/p>\n\n\n\n<p class=\"wp-block-paragraph\">Tel est le slogan du TACIR-Jemna, r\u00e9sumant l&rsquo;essence de ce projet participatif qui appelle \u00e0 l&rsquo;engagement collectif.<\/p>\n\n\n\n<p class=\"wp-block-paragraph\"><strong>\u00c0 propos du programme TACIR :<\/strong><\/p>\n\n\n\n<p class=\"wp-block-paragraph\">Le programme TACIR \u0153uvre pour l&rsquo;inclusion et l&rsquo;innovation en Tunisie, en mettant l&rsquo;accent sur l&rsquo;acc\u00e8s aux ICC et sur l&rsquo;\u00e9galit\u00e9 des chances dans les r\u00e9gions marginalis\u00e9es. \u00c0 travers ses diff\u00e9rentes initiatives, TACIR vise \u00e0 offrir des opportunit\u00e9s concr\u00e8tes aux jeunes en soutenant leurs id\u00e9es cr\u00e9atives et en les accompagnant dans leur parcours entrepreneurial.<\/p>\n\n\n\n<p class=\"wp-block-paragraph\"><strong>Avec Communiqu\u00e9<\/strong><\/p>\n","protected":false},"excerpt":{"rendered":"<p>Le programme TACIR est fier d&rsquo;annoncer l&rsquo;ouverture officielle du TACIR&rsquo;Lab Jemna, un espace unique d\u00e9di\u00e9 \u00e0 l&rsquo;innovation culturelle et num\u00e9rique au c\u0153ur du d\u00e9sert tunisien, \u00e0 K\u00e9bili. L&rsquo;\u00e9v\u00e9nement aura lieu le 10 septembre 2024, de 10h \u00e0 13h30, dans l&rsquo;annexe de la Maison des Jeunes de Jemna. Ce projet, port\u00e9 par le programme TACIR en [&hellip;]<\/p>\n","protected":false},"author":4,"featured_media":58247,"comment_status":"open","ping_status":"closed","sticky":false,"template":"","format":"standard","meta":{"content-type":"","jnews-multi-image_gallery":[],"jnews_single_post":{"subtitle":"","format":"standard","video":"","gallery":"","source_name":"","source_url":"","via_name":"","via_url":"","override_template":"0","override":[{"template":"1","single_blog_custom":"","parallax":"1","fullscreen":"1","layout":"right-sidebar","sidebar":"default-sidebar","second_sidebar":"default-sidebar","sticky_sidebar":"1","share_position":"top","share_float_style":"share-monocrhome","show_share_counter":"1","show_view_counter":"1","show_featured":"1","show_post_meta":"1","show_post_author":"1","show_post_author_image":"1","show_post_date":"1","post_date_format":"default","post_date_format_custom":"Y\/m\/d","show_post_category":"1","show_post_reading_time":"0","post_reading_time_wpm":"300","show_zoom_button":"0","zoom_button_out_step":"2","zoom_button_in_step":"3","show_post_tag":"1","show_prev_next_post":"1","show_popup_post":"1","number_popup_post":"1","show_author_box":"0","show_post_related":"0","show_inline_post_related":"0"}],"override_image_size":"0","image_override":[{"single_post_thumbnail_size":"crop-500","single_post_gallery_size":"crop-500"}],"trending_post":"0","trending_post_position":"meta","trending_post_label":"Trending","sponsored_post":"0","sponsored_post_label":"Sponsored by","sponsored_post_name":"","sponsored_post_url":"","sponsored_post_logo_enable":"0","sponsored_post_logo":"","sponsored_post_desc":"","disable_ad":"0"},"jnews_primary_category":{"id":"","hide":""},"jnews_override_bookmark_settings":[],"jnews_review":[],"enable_review":"","type":"","name":"","summary":"","brand":"","sku":"","good":[],"bad":[],"score_override":"","override_value":"","rating":[],"price":[],"jnews_post_split":[],"footnotes":""},"categories":[61],"tags":[4847,234,13020],"class_list":["post-58246","post","type-post","status-publish","format-standard","has-post-thumbnail","hentry","category-societe","tag-kebili","tag-ouverture","tag-tacirlab-jemna"],"_links":{"self":[{"href":"https:\/\/www.africanchallenges.com\/index.php?rest_route=\/wp\/v2\/posts\/58246","targetHints":{"allow":["GET"]}}],"collection":[{"href":"https:\/\/www.africanchallenges.com\/index.php?rest_route=\/wp\/v2\/posts"}],"about":[{"href":"https:\/\/www.africanchallenges.com\/index.php?rest_route=\/wp\/v2\/types\/post"}],"author":[{"embeddable":true,"href":"https:\/\/www.africanchallenges.com\/index.php?rest_route=\/wp\/v2\/users\/4"}],"replies":[{"embeddable":true,"href":"https:\/\/www.africanchallenges.com\/index.php?rest_route=%2Fwp%2Fv2%2Fcomments&post=58246"}],"version-history":[{"count":1,"href":"https:\/\/www.africanchallenges.com\/index.php?rest_route=\/wp\/v2\/posts\/58246\/revisions"}],"predecessor-version":[{"id":58248,"href":"https:\/\/www.africanchallenges.com\/index.php?rest_route=\/wp\/v2\/posts\/58246\/revisions\/58248"}],"wp:featuredmedia":[{"embeddable":true,"href":"https:\/\/www.africanchallenges.com\/index.php?rest_route=\/wp\/v2\/media\/58247"}],"wp:attachment":[{"href":"https:\/\/www.africanchallenges.com\/index.php?rest_route=%2Fwp%2Fv2%2Fmedia&parent=58246"}],"wp:term":[{"taxonomy":"category","embeddable":true,"href":"https:\/\/www.africanchallenges.com\/index.php?rest_route=%2Fwp%2Fv2%2Fcategories&post=58246"},{"taxonomy":"post_tag","embeddable":true,"href":"https:\/\/www.africanchallenges.com\/index.php?rest_route=%2Fwp%2Fv2%2Ftags&post=58246"}],"curies":[{"name":"wp","href":"https:\/\/api.w.org\/{rel}","templated":true}]}}