{"id":58238,"date":"2024-09-08T21:11:07","date_gmt":"2024-09-08T20:11:07","guid":{"rendered":"https:\/\/www.africanchallenges.com\/?p=58238"},"modified":"2024-09-08T21:11:43","modified_gmt":"2024-09-08T20:11:43","slug":"tunisie-commemoration-du-68e-anniversaire-de-la-creation-de-la-garde-nationale","status":"publish","type":"post","link":"https:\/\/www.africanchallenges.com\/?p=58238","title":{"rendered":"Tunisie : Comm\u00e9moration du 68e anniversaire de la cr\u00e9ation de la Garde nationale"},"content":{"rendered":"\n<p class=\"wp-block-paragraph\">Le ministre de l&rsquo;Int\u00e9rieur, M. Khaled Nouri, a supervis\u00e9, le vendredi 6 septembre 2024, la comm\u00e9moration du 68e anniversaire de la cr\u00e9ation de la Garde nationale, en pr\u00e9sence de M. Sofiane Bessadek, Secr\u00e9taire d&rsquo;\u00c9tat charg\u00e9 de la S\u00e9curit\u00e9, ainsi que du Directeur G\u00e9n\u00e9ral et Commandant de la Garde nationale. <\/p>\n\n\n\n<p class=\"wp-block-paragraph\">Cette c\u00e9l\u00e9bration s&rsquo;est tenue au si\u00e8ge de la Direction G\u00e9n\u00e9rale de la Garde nationale \u00e0 l&rsquo;Aouina. Au programme, une visite du mus\u00e9e de la Garde nationale, qui met en lumi\u00e8re les diverses sp\u00e9cialit\u00e9s de ce corps, ainsi que l&rsquo;inauguration d&rsquo;un simulateur de vol au sein de l&rsquo;unit\u00e9 a\u00e9rienne, un ajout significatif pour l&rsquo;am\u00e9lioration des capacit\u00e9s de formation et d&rsquo;entra\u00eenement a\u00e9rien. <\/p>\n\n\n\n<p class=\"wp-block-paragraph\">De plus, un groupe de retrait\u00e9s de la Garde nationale a \u00e9t\u00e9 honor\u00e9 pour leurs services remarquables tout au long de leur carri\u00e8re, en reconnaissance de leurs efforts pour assurer la s\u00e9curit\u00e9 de la nation et des citoyens. <\/p>\n\n\n\n<p class=\"wp-block-paragraph\">Cet \u00e9v\u00e9nement a illustr\u00e9 l&rsquo;esprit national \u00e9lev\u00e9 qui caract\u00e9rise la Garde nationale tout au long de son histoire, ainsi que les efforts constants pour renforcer ses capacit\u00e9s face aux d\u00e9fis s\u00e9curitaires.<\/p>\n","protected":false},"excerpt":{"rendered":"<p>Le ministre de l&rsquo;Int\u00e9rieur, M. Khaled Nouri, a supervis\u00e9, le vendredi 6 septembre 2024, la comm\u00e9moration du 68e anniversaire de la cr\u00e9ation de la Garde nationale, en pr\u00e9sence de M. Sofiane Bessadek, Secr\u00e9taire d&rsquo;\u00c9tat charg\u00e9 de la S\u00e9curit\u00e9, ainsi que du Directeur G\u00e9n\u00e9ral et Commandant de la Garde nationale. Cette c\u00e9l\u00e9bration s&rsquo;est tenue au si\u00e8ge [&hellip;]<\/p>\n","protected":false},"author":4,"featured_media":58239,"comment_status":"open","ping_status":"closed","sticky":false,"template":"","format":"standard","meta":{"content-type":"","jnews-multi-image_gallery":[],"jnews_single_post":{"subtitle":"","format":"standard","video":"","gallery":"","source_name":"","source_url":"","via_name":"","via_url":"","override_template":"0","override":[{"template":"1","single_blog_custom":"","parallax":"1","fullscreen":"1","layout":"right-sidebar","sidebar":"default-sidebar","second_sidebar":"default-sidebar","sticky_sidebar":"1","share_position":"top","share_float_style":"share-monocrhome","show_share_counter":"1","show_view_counter":"1","show_featured":"1","show_post_meta":"1","show_post_author":"1","show_post_author_image":"1","show_post_date":"1","post_date_format":"default","post_date_format_custom":"Y\/m\/d","show_post_category":"1","show_post_reading_time":"0","post_reading_time_wpm":"300","show_zoom_button":"0","zoom_button_out_step":"2","zoom_button_in_step":"3","show_post_tag":"1","show_prev_next_post":"1","show_popup_post":"1","number_popup_post":"1","show_author_box":"0","show_post_related":"0","show_inline_post_related":"0"}],"override_image_size":"0","image_override":[{"single_post_thumbnail_size":"crop-500","single_post_gallery_size":"crop-500"}],"trending_post":"0","trending_post_position":"meta","trending_post_label":"Trending","sponsored_post":"0","sponsored_post_label":"Sponsored by","sponsored_post_name":"","sponsored_post_url":"","sponsored_post_logo_enable":"0","sponsored_post_logo":"","sponsored_post_desc":"","disable_ad":"0"},"jnews_primary_category":{"id":"","hide":""},"jnews_override_bookmark_settings":[],"jnews_review":[],"enable_review":"","type":"","name":"","summary":"","brand":"","sku":"","good":[],"bad":[],"score_override":"","override_value":"","rating":[],"price":[],"jnews_post_split":[],"footnotes":""},"categories":[2],"tags":[209,1772,894,13016],"class_list":["post-58238","post","type-post","status-publish","format-standard","has-post-thumbnail","hentry","category-news-politique","tag-anniversaire","tag-commemoration","tag-creation","tag-la-garde-nationale"],"_links":{"self":[{"href":"https:\/\/www.africanchallenges.com\/index.php?rest_route=\/wp\/v2\/posts\/58238","targetHints":{"allow":["GET"]}}],"collection":[{"href":"https:\/\/www.africanchallenges.com\/index.php?rest_route=\/wp\/v2\/posts"}],"about":[{"href":"https:\/\/www.africanchallenges.com\/index.php?rest_route=\/wp\/v2\/types\/post"}],"author":[{"embeddable":true,"href":"https:\/\/www.africanchallenges.com\/index.php?rest_route=\/wp\/v2\/users\/4"}],"replies":[{"embeddable":true,"href":"https:\/\/www.africanchallenges.com\/index.php?rest_route=%2Fwp%2Fv2%2Fcomments&post=58238"}],"version-history":[{"count":1,"href":"https:\/\/www.africanchallenges.com\/index.php?rest_route=\/wp\/v2\/posts\/58238\/revisions"}],"predecessor-version":[{"id":58240,"href":"https:\/\/www.africanchallenges.com\/index.php?rest_route=\/wp\/v2\/posts\/58238\/revisions\/58240"}],"wp:featuredmedia":[{"embeddable":true,"href":"https:\/\/www.africanchallenges.com\/index.php?rest_route=\/wp\/v2\/media\/58239"}],"wp:attachment":[{"href":"https:\/\/www.africanchallenges.com\/index.php?rest_route=%2Fwp%2Fv2%2Fmedia&parent=58238"}],"wp:term":[{"taxonomy":"category","embeddable":true,"href":"https:\/\/www.africanchallenges.com\/index.php?rest_route=%2Fwp%2Fv2%2Fcategories&post=58238"},{"taxonomy":"post_tag","embeddable":true,"href":"https:\/\/www.africanchallenges.com\/index.php?rest_route=%2Fwp%2Fv2%2Ftags&post=58238"}],"curies":[{"name":"wp","href":"https:\/\/api.w.org\/{rel}","templated":true}]}}