{"id":58170,"date":"2024-09-06T10:45:45","date_gmt":"2024-09-06T09:45:45","guid":{"rendered":"https:\/\/www.africanchallenges.com\/?p=58170"},"modified":"2024-09-06T11:33:15","modified_gmt":"2024-09-06T10:33:15","slug":"tunisie-le-chef-de-letat-appelle-a-une-reforme-fiscale-equitable-dans-le-cadre-du-projet-de-budget-2025","status":"publish","type":"post","link":"https:\/\/www.africanchallenges.com\/?p=58170","title":{"rendered":"Tunisie : Le chef de l&rsquo;Etat appelle \u00e0 une r\u00e9forme fiscale \u00e9quitable dans le cadre du projet de budget 2025"},"content":{"rendered":"\n<p class=\"wp-block-paragraph\">Le pr\u00e9sident de la R\u00e9publique, Ka\u00efs Sa\u00efed, a re\u00e7u hier jeudi 5 septembre 2024, la ministre des Finances, Sihem Boughdiri Nemsia, au palais de Carthage. <\/p>\n\n\n\n<p class=\"wp-block-paragraph\">Cette rencontre a \u00e9t\u00e9 consacr\u00e9e \u00e0 l&rsquo;examen de l&rsquo;ex\u00e9cution du budget de l&rsquo;\u00c9tat ainsi qu&rsquo;aux grandes lignes du projet de budget pour l&rsquo;ann\u00e9e prochaine.<\/p>\n\n\n\n<p class=\"wp-block-paragraph\"> Le chef de l&rsquo;\u00c9tat a affirm\u00e9 que la Tunisie a honor\u00e9 l&rsquo;ensemble de ses engagements financiers, en d\u00e9pit des d\u00e9fis \u00e9conomiques et des variations sur le plan mondial. Il a \u00e9galement indiqu\u00e9 que, gr\u00e2ce \u00e0 une gestion rigoureuse des ressources nationales, le pays n&rsquo;a pas eu besoin de recourir \u00e0 une loi de finances compl\u00e9mentaire, soulignant ainsi l&rsquo;importance de l&rsquo;autonomie et de la souverainet\u00e9 \u00e9conomique.<\/p>\n","protected":false},"excerpt":{"rendered":"<p>Le pr\u00e9sident de la R\u00e9publique, Ka\u00efs Sa\u00efed, a re\u00e7u hier jeudi 5 septembre 2024, la ministre des Finances, Sihem Boughdiri Nemsia, au palais de Carthage. Cette rencontre a \u00e9t\u00e9 consacr\u00e9e \u00e0 l&rsquo;examen de l&rsquo;ex\u00e9cution du budget de l&rsquo;\u00c9tat ainsi qu&rsquo;aux grandes lignes du projet de budget pour l&rsquo;ann\u00e9e prochaine. Le chef de l&rsquo;\u00c9tat a affirm\u00e9 [&hellip;]<\/p>\n","protected":false},"author":4,"featured_media":58179,"comment_status":"open","ping_status":"closed","sticky":false,"template":"","format":"standard","meta":{"content-type":"","jnews-multi-image_gallery":[],"jnews_single_post":{"subtitle":"","format":"standard","video":"","gallery":"","source_name":"","source_url":"","via_name":"","via_url":"","override_template":"0","override":[{"template":"1","single_blog_custom":"","parallax":"1","fullscreen":"1","layout":"right-sidebar","sidebar":"default-sidebar","second_sidebar":"default-sidebar","sticky_sidebar":"1","share_position":"top","share_float_style":"share-monocrhome","show_share_counter":"1","show_view_counter":"1","show_featured":"1","show_post_meta":"1","show_post_author":"1","show_post_author_image":"1","show_post_date":"1","post_date_format":"default","post_date_format_custom":"Y\/m\/d","show_post_category":"1","show_post_reading_time":"0","post_reading_time_wpm":"300","show_zoom_button":"0","zoom_button_out_step":"2","zoom_button_in_step":"3","show_post_tag":"1","show_prev_next_post":"1","show_popup_post":"1","number_popup_post":"1","show_author_box":"0","show_post_related":"0","show_inline_post_related":"0"}],"override_image_size":"0","image_override":[{"single_post_thumbnail_size":"crop-500","single_post_gallery_size":"crop-500"}],"trending_post":"0","trending_post_position":"meta","trending_post_label":"Trending","sponsored_post":"0","sponsored_post_label":"Sponsored by","sponsored_post_name":"","sponsored_post_url":"","sponsored_post_logo_enable":"0","sponsored_post_logo":"","sponsored_post_desc":"","disable_ad":"0"},"jnews_primary_category":{"id":"","hide":""},"jnews_override_bookmark_settings":[],"jnews_review":[],"enable_review":"","type":"","name":"","summary":"","brand":"","sku":"","good":[],"bad":[],"score_override":"","override_value":"","rating":[],"price":[],"jnews_post_split":[],"footnotes":""},"categories":[2],"tags":[13011,3712,13010],"class_list":["post-58170","post","type-post","status-publish","format-standard","has-post-thumbnail","hentry","category-news-politique","tag-budget-2025","tag-kais-saied-2","tag-reforme-fiscale"],"_links":{"self":[{"href":"https:\/\/www.africanchallenges.com\/index.php?rest_route=\/wp\/v2\/posts\/58170","targetHints":{"allow":["GET"]}}],"collection":[{"href":"https:\/\/www.africanchallenges.com\/index.php?rest_route=\/wp\/v2\/posts"}],"about":[{"href":"https:\/\/www.africanchallenges.com\/index.php?rest_route=\/wp\/v2\/types\/post"}],"author":[{"embeddable":true,"href":"https:\/\/www.africanchallenges.com\/index.php?rest_route=\/wp\/v2\/users\/4"}],"replies":[{"embeddable":true,"href":"https:\/\/www.africanchallenges.com\/index.php?rest_route=%2Fwp%2Fv2%2Fcomments&post=58170"}],"version-history":[{"count":1,"href":"https:\/\/www.africanchallenges.com\/index.php?rest_route=\/wp\/v2\/posts\/58170\/revisions"}],"predecessor-version":[{"id":58172,"href":"https:\/\/www.africanchallenges.com\/index.php?rest_route=\/wp\/v2\/posts\/58170\/revisions\/58172"}],"wp:featuredmedia":[{"embeddable":true,"href":"https:\/\/www.africanchallenges.com\/index.php?rest_route=\/wp\/v2\/media\/58179"}],"wp:attachment":[{"href":"https:\/\/www.africanchallenges.com\/index.php?rest_route=%2Fwp%2Fv2%2Fmedia&parent=58170"}],"wp:term":[{"taxonomy":"category","embeddable":true,"href":"https:\/\/www.africanchallenges.com\/index.php?rest_route=%2Fwp%2Fv2%2Fcategories&post=58170"},{"taxonomy":"post_tag","embeddable":true,"href":"https:\/\/www.africanchallenges.com\/index.php?rest_route=%2Fwp%2Fv2%2Ftags&post=58170"}],"curies":[{"name":"wp","href":"https:\/\/api.w.org\/{rel}","templated":true}]}}