{"id":58127,"date":"2024-09-04T17:40:43","date_gmt":"2024-09-04T16:40:43","guid":{"rendered":"https:\/\/www.africanchallenges.com\/?p=58127"},"modified":"2024-09-04T17:43:32","modified_gmt":"2024-09-04T16:43:32","slug":"tunisie-les-jeudis-du-cinema-sont-de-retour-interaction-entre-economie-et-culture-vers-un-nouvel-ecosysteme-cinematographique","status":"publish","type":"post","link":"https:\/\/www.africanchallenges.com\/?p=58127","title":{"rendered":"Tunisie : Les jeudis du cin\u00e9ma sont de retour, Interaction entre \u00c9conomie et Culture, vers un nouvel \u00e9cosyst\u00e8me cin\u00e9matographique"},"content":{"rendered":"\n<p class=\"wp-block-paragraph\"><\/p>\n\n\n\n<p class=\"wp-block-paragraph\">Encourag\u00e9 par le succ\u00e8s des sessions de juin dernier,\u00a0<strong>LES JEUDIS DU CIN\u00c9MA<\/strong>, initiative phare du Groupement Professionnel de l\u2019Industrie Cin\u00e9matographique du syndicat patronal CONECT, reviennent avec d\u00e9termination pour aborder m\u00e9thodiquement les d\u00e9fis majeurs de la r\u00e9forme structurelle du cin\u00e9ma en Tunisie.\u00a0<strong>\u00a0<\/strong>Les rencontres des 12, 19 et 26 septembre prochain seront bien plus qu&rsquo;une simple concertation ; elles envisageront de mani\u00e8re concr\u00e8te les mesures \u00e0 mettre en \u0153uvre pour structurer, rationaliser, p\u00e9renniser des pans entiers du secteur cin\u00e9matographique.<\/p>\n\n\n\n<p class=\"wp-block-paragraph\">Ce cadre de r\u00e9flexion vise \u00e0 mettre en place un \u00e9cosyst\u00e8me propice \u00e0 l&rsquo;\u00e9mergence d&rsquo;une industrie cin\u00e9matographique r\u00e9siliente, capable de r\u00e9pondre aux enjeux actuels tout en valorisant l&rsquo;h\u00e9ritage culturel national.<strong>&nbsp;&nbsp;&nbsp;&nbsp;&nbsp;&nbsp;&nbsp;&nbsp;&nbsp;&nbsp;&nbsp;&nbsp; &nbsp;<\/strong><\/p>\n\n\n\n<p class=\"wp-block-paragraph\"><strong>LES JEUDIS DU CIN\u00c9MA<\/strong>&nbsp;qui marqueront la rentr\u00e9e seront une occasion pour&nbsp;analyser en profondeur les r\u00e9percussions culturelles et \u00e9conomiques des changements pr\u00e9conis\u00e9s, tout en favorisant une synergie entre les intervenants concern\u00e9s, sans exclusive.<\/p>\n\n\n\n<p class=\"wp-block-paragraph\"><strong>LES JEUDIS DU CIN\u00c9MA :<\/strong><strong>&nbsp;Interaction entre \u00c9conomie et Culture<\/strong><\/p>\n\n\n\n<p class=\"wp-block-paragraph\"><strong><em>Vers un nouvel \u00e9cosyst\u00e8me cin\u00e9matographique.<\/em><\/strong><strong><em><\/em><\/strong><\/p>\n\n\n\n<p class=\"wp-block-paragraph\">Programme du 2\u00e9me cycle<\/p>\n\n\n\n<p class=\"wp-block-paragraph\"><strong><u>1<sup>er<\/sup>&nbsp;Atelier&nbsp;:<\/u><\/strong><strong>&nbsp;<\/strong><strong>Cin\u00e9math\u00e8que Tunisienne : des priorit\u00e9s pour une nouvelle impulsion<\/strong><\/p>\n\n\n\n<p class=\"wp-block-paragraph\">Date : Jeudi 12 septembre 2024 de 9h \u00e0 13h&nbsp;&nbsp;&nbsp;&nbsp;&nbsp;&nbsp;&nbsp;&nbsp;&nbsp;&nbsp;&nbsp;&nbsp;&nbsp;&nbsp;&nbsp;&nbsp;&nbsp;&nbsp;&nbsp;&nbsp;&nbsp;&nbsp;&nbsp;&nbsp;&nbsp;&nbsp;&nbsp;&nbsp;&nbsp;&nbsp;&nbsp;&nbsp;&nbsp;&nbsp;&nbsp;&nbsp;&nbsp;&nbsp;&nbsp;&nbsp;&nbsp;&nbsp;&nbsp;&nbsp;&nbsp;&nbsp;&nbsp;&nbsp;&nbsp;&nbsp;&nbsp;&nbsp;&nbsp;&nbsp;&nbsp;&nbsp;&nbsp;&nbsp;&nbsp;<\/p>\n\n\n\n<p class=\"wp-block-paragraph\">Lieu : Salle Tahar Ch\u00e9riaa au Centre National du Cin\u00e9ma et de l\u2019Image (CNCI) \u00e0 la&nbsp; Cit\u00e9 de la Culture Chedli Klibi.<\/p>\n\n\n\n<p class=\"wp-block-paragraph\"><strong><u>2<sup>\u00e8me<\/sup>&nbsp;Atelier :<\/u><\/strong><strong>&nbsp;Sp\u00e9cificit\u00e9 des festivals de cin\u00e9ma dans la promotion de l\u2019attractivit\u00e9 territoriale<\/strong><\/p>\n\n\n\n<p class=\"wp-block-paragraph\">Date : Jeudi 19 septembre 2024 de 9h \u00e0 13h&nbsp;&nbsp;&nbsp;&nbsp;&nbsp;&nbsp;&nbsp;&nbsp;&nbsp;&nbsp;&nbsp;&nbsp;&nbsp;&nbsp;&nbsp;&nbsp;&nbsp;&nbsp;&nbsp;&nbsp;&nbsp;&nbsp;&nbsp;&nbsp;&nbsp;&nbsp;&nbsp;&nbsp;&nbsp;&nbsp;&nbsp;&nbsp;&nbsp;&nbsp;&nbsp;&nbsp;&nbsp;&nbsp;&nbsp;&nbsp;&nbsp;&nbsp;&nbsp;&nbsp;&nbsp;&nbsp;&nbsp;&nbsp;&nbsp;&nbsp;&nbsp;&nbsp;&nbsp;&nbsp;&nbsp;&nbsp;&nbsp;&nbsp;&nbsp;&nbsp;<\/p>\n\n\n\n<p class=\"wp-block-paragraph\">Lieu : Salle Tahar Ch\u00e9riaa au Centre National du Cin\u00e9ma et de l\u2019Image (CNCI) \u00e0 la&nbsp; Cit\u00e9 de la Culture Chedli Klibi.<\/p>\n\n\n\n<p class=\"wp-block-paragraph\"><strong><u>3<sup>\u00e8me<\/sup>&nbsp;Atelier :<\/u><\/strong><strong>&nbsp;D\u00e9veloppement du syst\u00e8me de formation aux m\u00e9tiers du cin\u00e9ma et renforcement de la capacit\u00e9 op\u00e9rationnelle du secteur<\/strong><\/p>\n\n\n\n<p class=\"wp-block-paragraph\">Date :Jeudi 26 septembre 2024 de 9h \u00e0 13h&nbsp;&nbsp;&nbsp;&nbsp;&nbsp;&nbsp;&nbsp;&nbsp;&nbsp;&nbsp;&nbsp;&nbsp;&nbsp;&nbsp;&nbsp;&nbsp;&nbsp;&nbsp;&nbsp;&nbsp;&nbsp;&nbsp;&nbsp;&nbsp;&nbsp;&nbsp;&nbsp;&nbsp;&nbsp;&nbsp;&nbsp;&nbsp;&nbsp;&nbsp;&nbsp;&nbsp;&nbsp;&nbsp;&nbsp;&nbsp;&nbsp;&nbsp;&nbsp;&nbsp;&nbsp;&nbsp;&nbsp;&nbsp;&nbsp;&nbsp;&nbsp;&nbsp;&nbsp;&nbsp;&nbsp;&nbsp;&nbsp;<\/p>\n\n\n\n<p class=\"wp-block-paragraph\">\u00a0\u00a0Lieu : The Dot\u00a0 (Rue Lac Malaren, Les Berges du Lac)<\/p>\n\n\n\n<p class=\"wp-block-paragraph\"><\/p>\n\n\n","protected":false},"excerpt":{"rendered":"<p>Encourag\u00e9 par le succ\u00e8s des sessions de juin dernier,\u00a0LES JEUDIS DU CIN\u00c9MA, initiative phare du Groupement Professionnel de l\u2019Industrie Cin\u00e9matographique du syndicat patronal CONECT, reviennent avec d\u00e9termination pour aborder m\u00e9thodiquement les d\u00e9fis majeurs de la r\u00e9forme structurelle du cin\u00e9ma en Tunisie.\u00a0\u00a0Les rencontres des 12, 19 et 26 septembre prochain seront bien plus qu&rsquo;une simple concertation [&hellip;]<\/p>\n","protected":false},"author":4,"featured_media":15421,"comment_status":"open","ping_status":"closed","sticky":false,"template":"","format":"standard","meta":{"content-type":"","jnews-multi-image_gallery":[],"jnews_single_post":{"subtitle":"","format":"standard","video":"","gallery":"","source_name":"","source_url":"","via_name":"","via_url":"","override_template":"0","override":[{"template":"1","single_blog_custom":"","parallax":"1","fullscreen":"1","layout":"right-sidebar","sidebar":"default-sidebar","second_sidebar":"default-sidebar","sticky_sidebar":"1","share_position":"top","share_float_style":"share-monocrhome","show_share_counter":"1","show_view_counter":"1","show_featured":"1","show_post_meta":"1","show_post_author":"1","show_post_author_image":"1","show_post_date":"1","post_date_format":"default","post_date_format_custom":"Y\/m\/d","show_post_category":"1","show_post_reading_time":"0","post_reading_time_wpm":"300","show_zoom_button":"0","zoom_button_out_step":"2","zoom_button_in_step":"3","show_post_tag":"1","show_prev_next_post":"1","show_popup_post":"1","number_popup_post":"1","show_author_box":"0","show_post_related":"0","show_inline_post_related":"0"}],"override_image_size":"0","image_override":[{"single_post_thumbnail_size":"crop-500","single_post_gallery_size":"crop-500"}],"trending_post":"0","trending_post_position":"meta","trending_post_label":"Trending","sponsored_post":"0","sponsored_post_label":"Sponsored by","sponsored_post_name":"","sponsored_post_url":"","sponsored_post_logo_enable":"0","sponsored_post_logo":"","sponsored_post_desc":"","disable_ad":"0"},"jnews_primary_category":{"id":"","hide":""},"jnews_override_bookmark_settings":[],"jnews_review":[],"enable_review":"","type":"","name":"","summary":"","brand":"","sku":"","good":[],"bad":[],"score_override":"","override_value":"","rating":[],"price":[],"jnews_post_split":[],"footnotes":""},"categories":[43,73],"tags":[51,9117,12991,12990],"class_list":["post-58127","post","type-post","status-publish","format-standard","has-post-thumbnail","hentry","category-eco-business","category-eco","tag-conect","tag-culture","tag-economie-3","tag-les-jeudis-du-cinema"],"_links":{"self":[{"href":"https:\/\/www.africanchallenges.com\/index.php?rest_route=\/wp\/v2\/posts\/58127","targetHints":{"allow":["GET"]}}],"collection":[{"href":"https:\/\/www.africanchallenges.com\/index.php?rest_route=\/wp\/v2\/posts"}],"about":[{"href":"https:\/\/www.africanchallenges.com\/index.php?rest_route=\/wp\/v2\/types\/post"}],"author":[{"embeddable":true,"href":"https:\/\/www.africanchallenges.com\/index.php?rest_route=\/wp\/v2\/users\/4"}],"replies":[{"embeddable":true,"href":"https:\/\/www.africanchallenges.com\/index.php?rest_route=%2Fwp%2Fv2%2Fcomments&post=58127"}],"version-history":[{"count":2,"href":"https:\/\/www.africanchallenges.com\/index.php?rest_route=\/wp\/v2\/posts\/58127\/revisions"}],"predecessor-version":[{"id":58129,"href":"https:\/\/www.africanchallenges.com\/index.php?rest_route=\/wp\/v2\/posts\/58127\/revisions\/58129"}],"wp:featuredmedia":[{"embeddable":true,"href":"https:\/\/www.africanchallenges.com\/index.php?rest_route=\/wp\/v2\/media\/15421"}],"wp:attachment":[{"href":"https:\/\/www.africanchallenges.com\/index.php?rest_route=%2Fwp%2Fv2%2Fmedia&parent=58127"}],"wp:term":[{"taxonomy":"category","embeddable":true,"href":"https:\/\/www.africanchallenges.com\/index.php?rest_route=%2Fwp%2Fv2%2Fcategories&post=58127"},{"taxonomy":"post_tag","embeddable":true,"href":"https:\/\/www.africanchallenges.com\/index.php?rest_route=%2Fwp%2Fv2%2Ftags&post=58127"}],"curies":[{"name":"wp","href":"https:\/\/api.w.org\/{rel}","templated":true}]}}