{"id":57983,"date":"2024-08-29T09:41:26","date_gmt":"2024-08-29T08:41:26","guid":{"rendered":"https:\/\/www.africanchallenges.com\/?p=57983"},"modified":"2024-08-29T09:42:16","modified_gmt":"2024-08-29T08:42:16","slug":"la-tunisie-receptionne-les-trois-premiers-patrouilleurs-en-provenance-ditalie","status":"publish","type":"post","link":"https:\/\/www.africanchallenges.com\/?p=57983","title":{"rendered":"La Tunisie r\u00e9ceptionne les trois premiers patrouilleurs en provenance d&rsquo;Italie"},"content":{"rendered":"\n<p class=\"wp-block-paragraph\">L&rsquo;Italie a proc\u00e9d\u00e9, le mercredi 28 ao\u00fbt 2024, \u00e0 la livraison des trois premiers patrouilleurs destin\u00e9s \u00e0 renforcer les capacit\u00e9s de la Garde nationale tunisienne ainsi que la surveillance des fronti\u00e8res maritimes, selon l&rsquo;agence italienne Nova.<\/p>\n\n\n\n<p class=\"wp-block-paragraph\">Les patrouilleurs ont \u00e9t\u00e9 r\u00e9ceptionn\u00e9s \u00e0 la Marina de Gammarth par le secr\u00e9taire d&rsquo;\u00c9tat aupr\u00e8s du ministre de l&rsquo;Int\u00e9rieur, responsable de la S\u00e9curit\u00e9 nationale, Sofiene Bessadok, le directeur g\u00e9n\u00e9ral des relations ext\u00e9rieures et de la coop\u00e9ration internationale au minist\u00e8re de l\u2019Int\u00e9rieur, Mohamed Khemaies, et le directeur g\u00e9n\u00e9ral de la Garde nationale, Hassine Gharbi.<\/p>\n\n\n\n<p class=\"wp-block-paragraph\">L&rsquo;ambassadeur d&rsquo;Italie \u00e0 Tunis, Alexandre Prunas, a effectu\u00e9 la livraison en pr\u00e9sence d&rsquo;un repr\u00e9sentant du minist\u00e8re italien de l&rsquo;Int\u00e9rieur, S\u00e9bastien Bartolotta.<\/p>\n\n\n\n<p class=\"wp-block-paragraph\">Cette op\u00e9ration s&rsquo;inscrit dans le cadre d&rsquo;un m\u00e9morandum sign\u00e9 en d\u00e9cembre 2023, qui pr\u00e9voit l&rsquo;envoi d&rsquo;un total de six navires militaires restaur\u00e9s de la Guardia, pour un montant de 4,8 millions d&rsquo;euros.<\/p>\n\n\n\n<p class=\"wp-block-paragraph\">Il convient de rappeler que le gouvernement italien a remport\u00e9, le 6 juillet 2024, l&rsquo;appel lanc\u00e9 par les ONG contre le transfert de patrouilleurs \u00e0 la Garde nationale tunisienne. La livraison des trois patrouilleurs \u00e9tait initialement pr\u00e9vue pour juin dernier.<\/p>\n","protected":false},"excerpt":{"rendered":"<p>L&rsquo;Italie a proc\u00e9d\u00e9, le mercredi 28 ao\u00fbt 2024, \u00e0 la livraison des trois premiers patrouilleurs destin\u00e9s \u00e0 renforcer les capacit\u00e9s de la Garde nationale tunisienne ainsi que la surveillance des fronti\u00e8res maritimes, selon l&rsquo;agence italienne Nova. Les patrouilleurs ont \u00e9t\u00e9 r\u00e9ceptionn\u00e9s \u00e0 la Marina de Gammarth par le secr\u00e9taire d&rsquo;\u00c9tat aupr\u00e8s du ministre de l&rsquo;Int\u00e9rieur, [&hellip;]<\/p>\n","protected":false},"author":4,"featured_media":57984,"comment_status":"open","ping_status":"closed","sticky":false,"template":"","format":"standard","meta":{"content-type":"","jnews-multi-image_gallery":[],"jnews_single_post":{"subtitle":"","format":"standard","video":"","gallery":"","source_name":"","source_url":"","via_name":"","via_url":"","override_template":"0","override":[{"template":"1","single_blog_custom":"","parallax":"1","fullscreen":"1","layout":"right-sidebar","sidebar":"default-sidebar","second_sidebar":"default-sidebar","sticky_sidebar":"1","share_position":"top","share_float_style":"share-monocrhome","show_share_counter":"1","show_view_counter":"1","show_featured":"1","show_post_meta":"1","show_post_author":"1","show_post_author_image":"1","show_post_date":"1","post_date_format":"default","post_date_format_custom":"Y\/m\/d","show_post_category":"1","show_post_reading_time":"0","post_reading_time_wpm":"300","show_zoom_button":"0","zoom_button_out_step":"2","zoom_button_in_step":"3","show_post_tag":"1","show_prev_next_post":"1","show_popup_post":"1","number_popup_post":"1","show_author_box":"0","show_post_related":"0","show_inline_post_related":"0"}],"override_image_size":"0","image_override":[{"single_post_thumbnail_size":"crop-500","single_post_gallery_size":"crop-500"}],"trending_post":"0","trending_post_position":"meta","trending_post_label":"Trending","sponsored_post":"0","sponsored_post_label":"Sponsored by","sponsored_post_name":"","sponsored_post_url":"","sponsored_post_logo_enable":"0","sponsored_post_logo":"","sponsored_post_desc":"","disable_ad":"0"},"jnews_primary_category":{"id":"","hide":""},"jnews_override_bookmark_settings":[],"jnews_review":[],"enable_review":"","type":"","name":"","summary":"","brand":"","sku":"","good":[],"bad":[],"score_override":"","override_value":"","rating":[],"price":[],"jnews_post_split":[],"footnotes":""},"categories":[2],"tags":[12939,3599,12940,54],"class_list":["post-57983","post","type-post","status-publish","format-standard","has-post-thumbnail","hentry","category-news-politique","tag-garde-nationale-tunisienne","tag-italie","tag-patrouilleurs","tag-tunisie"],"_links":{"self":[{"href":"https:\/\/www.africanchallenges.com\/index.php?rest_route=\/wp\/v2\/posts\/57983","targetHints":{"allow":["GET"]}}],"collection":[{"href":"https:\/\/www.africanchallenges.com\/index.php?rest_route=\/wp\/v2\/posts"}],"about":[{"href":"https:\/\/www.africanchallenges.com\/index.php?rest_route=\/wp\/v2\/types\/post"}],"author":[{"embeddable":true,"href":"https:\/\/www.africanchallenges.com\/index.php?rest_route=\/wp\/v2\/users\/4"}],"replies":[{"embeddable":true,"href":"https:\/\/www.africanchallenges.com\/index.php?rest_route=%2Fwp%2Fv2%2Fcomments&post=57983"}],"version-history":[{"count":1,"href":"https:\/\/www.africanchallenges.com\/index.php?rest_route=\/wp\/v2\/posts\/57983\/revisions"}],"predecessor-version":[{"id":57985,"href":"https:\/\/www.africanchallenges.com\/index.php?rest_route=\/wp\/v2\/posts\/57983\/revisions\/57985"}],"wp:featuredmedia":[{"embeddable":true,"href":"https:\/\/www.africanchallenges.com\/index.php?rest_route=\/wp\/v2\/media\/57984"}],"wp:attachment":[{"href":"https:\/\/www.africanchallenges.com\/index.php?rest_route=%2Fwp%2Fv2%2Fmedia&parent=57983"}],"wp:term":[{"taxonomy":"category","embeddable":true,"href":"https:\/\/www.africanchallenges.com\/index.php?rest_route=%2Fwp%2Fv2%2Fcategories&post=57983"},{"taxonomy":"post_tag","embeddable":true,"href":"https:\/\/www.africanchallenges.com\/index.php?rest_route=%2Fwp%2Fv2%2Ftags&post=57983"}],"curies":[{"name":"wp","href":"https:\/\/api.w.org\/{rel}","templated":true}]}}