{"id":57937,"date":"2024-08-28T12:32:17","date_gmt":"2024-08-28T11:32:17","guid":{"rendered":"https:\/\/www.africanchallenges.com\/?p=57937"},"modified":"2024-08-28T12:33:14","modified_gmt":"2024-08-28T11:33:14","slug":"tunisie-le-ministre-des-affaires-etrangeres-de-la-migration-et-des-tunisiens-a-letranger-recoit-abdulaziz-ben-ali-al-saquar-ambassadeur-du-royaume-darabie-saoudite-en-tunisie","status":"publish","type":"post","link":"https:\/\/www.africanchallenges.com\/?p=57937","title":{"rendered":"Tunisie : Le Ministre des Affaires Etrang\u00e8res, de la Migration et des Tunisiens \u00e0 l\u2019Etranger re\u00e7oit Abdulaziz Ben Ali Al-Saquar, Ambassadeur du Royaume d\u2019Arabie Saoudite en Tunisie"},"content":{"rendered":"\n<p class=\"wp-block-paragraph\">M. Mohamed Ali Nafti, Ministre des Affaires Etrang\u00e8res, de la Migration et des Tunisiens \u00e0 l\u2019Etranger, a re\u00e7u, hier mardi 27 ao\u00fbt 2024, M. Abdulaziz Ben Ali Al-Saquar, Ambassadeur du Royaume d\u2019Arabie Saoudite en Tunisie, qui lui a transmis les f\u00e9licitations du Prince Fay\u00e7al Ben Farhan Ben Abdallah Al Saoud, Ministre des Affaires \u00c9trang\u00e8res du Royaume d\u2019Arabie Saoudite, \u00e0 l\u2019occasion de sa nomination \u00e0 la t\u00eate du Minist\u00e8re, lui exprimant ses v\u0153ux de plein succ\u00e8s dans l&rsquo;accomplissement de ses hautes fonctions.<\/p>\n\n\n\n<p class=\"wp-block-paragraph\">M. le Ministre a soulign\u00e9, \u00e0 cette occasion, la profondeur des liens historiques et des relations entre les deux pays et peuples fr\u00e8res, exprimant sa satisfaction quant au niveau de coop\u00e9ration enregistr\u00e9 entre les deux pays dans tous les domaines, et ce notamment depuis la tenue de la derni\u00e8re session de la Commission Mixte Tuniso-Saoudienne. Il a \u00e9galement mis en exergue l\u2019intensification de l\u2019\u00e9change de visites entre les hauts responsables des deux pays.<\/p>\n\n\n\n<p class=\"wp-block-paragraph\">Pour sa part, l\u2019Ambassadeur Saoudien a salu\u00e9 le niveau de coop\u00e9ration existant entre la Tunisie et le Royaume, affirmant la volont\u00e9 de son pays de d\u00e9velopper et d\u2019am\u00e9liorer cette coop\u00e9ration dans divers domaines, notamment l\u2019\u00e9conomie et l\u2019investissement, ainsi que dans d\u2019autres secteurs prometteurs.<\/p>\n","protected":false},"excerpt":{"rendered":"<p>M. Mohamed Ali Nafti, Ministre des Affaires Etrang\u00e8res, de la Migration et des Tunisiens \u00e0 l\u2019Etranger, a re\u00e7u, hier mardi 27 ao\u00fbt 2024, M. Abdulaziz Ben Ali Al-Saquar, Ambassadeur du Royaume d\u2019Arabie Saoudite en Tunisie, qui lui a transmis les f\u00e9licitations du Prince Fay\u00e7al Ben Farhan Ben Abdallah Al Saoud, Ministre des Affaires \u00c9trang\u00e8res du [&hellip;]<\/p>\n","protected":false},"author":4,"featured_media":57938,"comment_status":"open","ping_status":"closed","sticky":false,"template":"","format":"standard","meta":{"content-type":"","jnews-multi-image_gallery":[],"jnews_single_post":{"subtitle":"","format":"standard","video":"","gallery":"","source_name":"","source_url":"","via_name":"","via_url":"","override_template":"0","override":[{"template":"1","single_blog_custom":"","parallax":"1","fullscreen":"1","layout":"right-sidebar","sidebar":"default-sidebar","second_sidebar":"default-sidebar","sticky_sidebar":"1","share_position":"top","share_float_style":"share-monocrhome","show_share_counter":"1","show_view_counter":"1","show_featured":"1","show_post_meta":"1","show_post_author":"1","show_post_author_image":"1","show_post_date":"1","post_date_format":"default","post_date_format_custom":"Y\/m\/d","show_post_category":"1","show_post_reading_time":"0","post_reading_time_wpm":"300","show_zoom_button":"0","zoom_button_out_step":"2","zoom_button_in_step":"3","show_post_tag":"1","show_prev_next_post":"1","show_popup_post":"1","number_popup_post":"1","show_author_box":"0","show_post_related":"0","show_inline_post_related":"0"}],"override_image_size":"0","image_override":[{"single_post_thumbnail_size":"crop-500","single_post_gallery_size":"crop-500"}],"trending_post":"0","trending_post_position":"meta","trending_post_label":"Trending","sponsored_post":"0","sponsored_post_label":"Sponsored by","sponsored_post_name":"","sponsored_post_url":"","sponsored_post_logo_enable":"0","sponsored_post_logo":"","sponsored_post_desc":"","disable_ad":"0"},"jnews_primary_category":{"id":"","hide":""},"jnews_override_bookmark_settings":[],"jnews_review":[],"enable_review":"","type":"","name":"","summary":"","brand":"","sku":"","good":[],"bad":[],"score_override":"","override_value":"","rating":[],"price":[],"jnews_post_split":[],"footnotes":""},"categories":[2],"tags":[12924,298,12907],"class_list":["post-57937","post","type-post","status-publish","format-standard","has-post-thumbnail","hentry","category-news-politique","tag-abdulaziz-ben-ali-al-saquar","tag-cooperation","tag-mohamed-ali-nafti"],"_links":{"self":[{"href":"https:\/\/www.africanchallenges.com\/index.php?rest_route=\/wp\/v2\/posts\/57937","targetHints":{"allow":["GET"]}}],"collection":[{"href":"https:\/\/www.africanchallenges.com\/index.php?rest_route=\/wp\/v2\/posts"}],"about":[{"href":"https:\/\/www.africanchallenges.com\/index.php?rest_route=\/wp\/v2\/types\/post"}],"author":[{"embeddable":true,"href":"https:\/\/www.africanchallenges.com\/index.php?rest_route=\/wp\/v2\/users\/4"}],"replies":[{"embeddable":true,"href":"https:\/\/www.africanchallenges.com\/index.php?rest_route=%2Fwp%2Fv2%2Fcomments&post=57937"}],"version-history":[{"count":1,"href":"https:\/\/www.africanchallenges.com\/index.php?rest_route=\/wp\/v2\/posts\/57937\/revisions"}],"predecessor-version":[{"id":57939,"href":"https:\/\/www.africanchallenges.com\/index.php?rest_route=\/wp\/v2\/posts\/57937\/revisions\/57939"}],"wp:featuredmedia":[{"embeddable":true,"href":"https:\/\/www.africanchallenges.com\/index.php?rest_route=\/wp\/v2\/media\/57938"}],"wp:attachment":[{"href":"https:\/\/www.africanchallenges.com\/index.php?rest_route=%2Fwp%2Fv2%2Fmedia&parent=57937"}],"wp:term":[{"taxonomy":"category","embeddable":true,"href":"https:\/\/www.africanchallenges.com\/index.php?rest_route=%2Fwp%2Fv2%2Fcategories&post=57937"},{"taxonomy":"post_tag","embeddable":true,"href":"https:\/\/www.africanchallenges.com\/index.php?rest_route=%2Fwp%2Fv2%2Ftags&post=57937"}],"curies":[{"name":"wp","href":"https:\/\/api.w.org\/{rel}","templated":true}]}}