{"id":57868,"date":"2024-08-26T12:47:00","date_gmt":"2024-08-26T11:47:00","guid":{"rendered":"https:\/\/www.africanchallenges.com\/?p=57868"},"modified":"2024-08-26T12:47:28","modified_gmt":"2024-08-26T11:47:28","slug":"tunisie-samir-abid-nomme-nouveau-ministre-du-commerce-et-du-developpement-des-exportations","status":"publish","type":"post","link":"https:\/\/www.africanchallenges.com\/?p=57868","title":{"rendered":"Tunisie : Samir Abid  nomm\u00e9 nouveau ministre du Commerce et du D\u00e9veloppement des exportations"},"content":{"rendered":"\n<p class=\"wp-block-paragraph\">Samir Abid a \u00e9t\u00e9 d\u00e9sign\u00e9, le 25 ao\u00fbt 2024, en tant que ministre du Commerce et du D\u00e9veloppement des exportations. Il occupe actuellement le poste de Directeur G\u00e9n\u00e9ral Adjoint au Centre de promotion des exportations (Cepex).<\/p>\n\n\n\n<p class=\"wp-block-paragraph\"> Samir Abid a d\u00e9but\u00e9 sa carri\u00e8re au minist\u00e8re du Commerce en 1988. Au sein du Cepex, il a exerc\u00e9 les fonctions de coordinateur g\u00e9n\u00e9ral du Programme de d\u00e9veloppement des exportations ainsi que de coordinateur du programme \u00ab\u00a0Tasdir+\u00a0\u00bb.<\/p>\n","protected":false},"excerpt":{"rendered":"<p>Samir Abid a \u00e9t\u00e9 d\u00e9sign\u00e9, le 25 ao\u00fbt 2024, en tant que ministre du Commerce et du D\u00e9veloppement des exportations. Il occupe actuellement le poste de Directeur G\u00e9n\u00e9ral Adjoint au Centre de promotion des exportations (Cepex). Samir Abid a d\u00e9but\u00e9 sa carri\u00e8re au minist\u00e8re du Commerce en 1988. Au sein du Cepex, il a exerc\u00e9 [&hellip;]<\/p>\n","protected":false},"author":4,"featured_media":57869,"comment_status":"open","ping_status":"closed","sticky":false,"template":"","format":"standard","meta":{"content-type":"","jnews-multi-image_gallery":[],"jnews_single_post":{"subtitle":"","format":"standard","video":"","gallery":"","source_name":"","source_url":"","via_name":"","via_url":"","override_template":"0","override":[{"template":"1","single_blog_custom":"","parallax":"1","fullscreen":"1","layout":"right-sidebar","sidebar":"default-sidebar","second_sidebar":"default-sidebar","sticky_sidebar":"1","share_position":"top","share_float_style":"share-monocrhome","show_share_counter":"1","show_view_counter":"1","show_featured":"1","show_post_meta":"1","show_post_author":"1","show_post_author_image":"1","show_post_date":"1","post_date_format":"default","post_date_format_custom":"Y\/m\/d","show_post_category":"1","show_post_reading_time":"0","post_reading_time_wpm":"300","show_zoom_button":"0","zoom_button_out_step":"2","zoom_button_in_step":"3","show_post_tag":"1","show_prev_next_post":"1","show_popup_post":"1","number_popup_post":"1","show_author_box":"0","show_post_related":"0","show_inline_post_related":"0"}],"override_image_size":"0","image_override":[{"single_post_thumbnail_size":"crop-500","single_post_gallery_size":"crop-500"}],"trending_post":"0","trending_post_position":"meta","trending_post_label":"Trending","sponsored_post":"0","sponsored_post_label":"Sponsored by","sponsored_post_name":"","sponsored_post_url":"","sponsored_post_logo_enable":"0","sponsored_post_logo":"","sponsored_post_desc":"","disable_ad":"0"},"jnews_primary_category":{"id":"","hide":""},"jnews_override_bookmark_settings":[],"jnews_review":[],"enable_review":"","type":"","name":"","summary":"","brand":"","sku":"","good":[],"bad":[],"score_override":"","override_value":"","rating":[],"price":[],"jnews_post_split":[],"footnotes":""},"categories":[2],"tags":[12894,12893,54],"class_list":["post-57868","post","type-post","status-publish","format-standard","has-post-thumbnail","hentry","category-news-politique","tag-inistre-du-commerce-et-du-developpement-des-exportations","tag-samir-abid","tag-tunisie"],"_links":{"self":[{"href":"https:\/\/www.africanchallenges.com\/index.php?rest_route=\/wp\/v2\/posts\/57868","targetHints":{"allow":["GET"]}}],"collection":[{"href":"https:\/\/www.africanchallenges.com\/index.php?rest_route=\/wp\/v2\/posts"}],"about":[{"href":"https:\/\/www.africanchallenges.com\/index.php?rest_route=\/wp\/v2\/types\/post"}],"author":[{"embeddable":true,"href":"https:\/\/www.africanchallenges.com\/index.php?rest_route=\/wp\/v2\/users\/4"}],"replies":[{"embeddable":true,"href":"https:\/\/www.africanchallenges.com\/index.php?rest_route=%2Fwp%2Fv2%2Fcomments&post=57868"}],"version-history":[{"count":2,"href":"https:\/\/www.africanchallenges.com\/index.php?rest_route=\/wp\/v2\/posts\/57868\/revisions"}],"predecessor-version":[{"id":57871,"href":"https:\/\/www.africanchallenges.com\/index.php?rest_route=\/wp\/v2\/posts\/57868\/revisions\/57871"}],"wp:featuredmedia":[{"embeddable":true,"href":"https:\/\/www.africanchallenges.com\/index.php?rest_route=\/wp\/v2\/media\/57869"}],"wp:attachment":[{"href":"https:\/\/www.africanchallenges.com\/index.php?rest_route=%2Fwp%2Fv2%2Fmedia&parent=57868"}],"wp:term":[{"taxonomy":"category","embeddable":true,"href":"https:\/\/www.africanchallenges.com\/index.php?rest_route=%2Fwp%2Fv2%2Fcategories&post=57868"},{"taxonomy":"post_tag","embeddable":true,"href":"https:\/\/www.africanchallenges.com\/index.php?rest_route=%2Fwp%2Fv2%2Ftags&post=57868"}],"curies":[{"name":"wp","href":"https:\/\/api.w.org\/{rel}","templated":true}]}}