{"id":57864,"date":"2024-08-26T12:13:26","date_gmt":"2024-08-26T11:13:26","guid":{"rendered":"https:\/\/www.africanchallenges.com\/?p=57864"},"modified":"2024-08-26T12:14:36","modified_gmt":"2024-08-26T11:14:36","slug":"tunisie-sofiene-tekaya-nouveau-ministre-du-tourisme-et-de-lartisanat","status":"publish","type":"post","link":"https:\/\/www.africanchallenges.com\/?p=57864","title":{"rendered":"Tunisie : Sofiene Tekaya, nouveau ministre du Tourisme et de l\u2019Artisanat"},"content":{"rendered":"\n<p class=\"wp-block-paragraph\">Sofiene Tekaya, n\u00e9 le 12 octobre 1960 \u00e0 Bizerte, est un ing\u00e9nieur industriel dipl\u00f4m\u00e9 de l\u2019\u00c9cole polytechnique de Montr\u00e9al, o\u00f9 il a \u00e9tudi\u00e9 de 1983 \u00e0 1987. Il a \u00e9galement suivi des formations suppl\u00e9mentaires en marketing strat\u00e9gique et op\u00e9rationnel, en droit des affaires ainsi qu&rsquo;en gestion d&rsquo;entreprises, et poss\u00e8de une exp\u00e9rience significative dans les projets internationaux et le d\u00e9veloppement r\u00e9gional. <\/p>\n\n\n\n<p class=\"wp-block-paragraph\">Depuis avril 2020, il occupe le poste de conseiller charg\u00e9 de mission au cabinet du ministre du Commerce, o\u00f9 il a contribu\u00e9 \u00e0 la promotion de l&rsquo;artisanat, des m\u00e9tiers d&rsquo;art et des services commerciaux. <\/p>\n\n\n\n<p class=\"wp-block-paragraph\">Par ailleurs, Sofiene Tekaya a \u00e9t\u00e9 directeur g\u00e9n\u00e9ral de l&rsquo;Office national de l&rsquo;artisanat de 2011 \u00e0 2013, apr\u00e8s avoir exerc\u00e9 en tant que directeur des petits m\u00e9tiers et services au minist\u00e8re du Commerce et de l&rsquo;Artisanat.<\/p>\n","protected":false},"excerpt":{"rendered":"<p>Sofiene Tekaya, n\u00e9 le 12 octobre 1960 \u00e0 Bizerte, est un ing\u00e9nieur industriel dipl\u00f4m\u00e9 de l\u2019\u00c9cole polytechnique de Montr\u00e9al, o\u00f9 il a \u00e9tudi\u00e9 de 1983 \u00e0 1987. Il a \u00e9galement suivi des formations suppl\u00e9mentaires en marketing strat\u00e9gique et op\u00e9rationnel, en droit des affaires ainsi qu&rsquo;en gestion d&rsquo;entreprises, et poss\u00e8de une exp\u00e9rience significative dans les projets [&hellip;]<\/p>\n","protected":false},"author":4,"featured_media":57865,"comment_status":"open","ping_status":"closed","sticky":false,"template":"","format":"standard","meta":{"content-type":"","jnews-multi-image_gallery":[],"jnews_single_post":{"subtitle":"","format":"standard","video":"","gallery":"","source_name":"","source_url":"","via_name":"","via_url":"","override_template":"0","override":[{"template":"1","single_blog_custom":"","parallax":"1","fullscreen":"1","layout":"right-sidebar","sidebar":"default-sidebar","second_sidebar":"default-sidebar","sticky_sidebar":"1","share_position":"top","share_float_style":"share-monocrhome","show_share_counter":"1","show_view_counter":"1","show_featured":"1","show_post_meta":"1","show_post_author":"1","show_post_author_image":"1","show_post_date":"1","post_date_format":"default","post_date_format_custom":"Y\/m\/d","show_post_category":"1","show_post_reading_time":"0","post_reading_time_wpm":"300","show_zoom_button":"0","zoom_button_out_step":"2","zoom_button_in_step":"3","show_post_tag":"1","show_prev_next_post":"1","show_popup_post":"1","number_popup_post":"1","show_author_box":"0","show_post_related":"0","show_inline_post_related":"0"}],"override_image_size":"0","image_override":[{"single_post_thumbnail_size":"crop-500","single_post_gallery_size":"crop-500"}],"trending_post":"0","trending_post_position":"meta","trending_post_label":"Trending","sponsored_post":"0","sponsored_post_label":"Sponsored by","sponsored_post_name":"","sponsored_post_url":"","sponsored_post_logo_enable":"0","sponsored_post_logo":"","sponsored_post_desc":"","disable_ad":"0"},"jnews_primary_category":{"id":"","hide":""},"jnews_override_bookmark_settings":[],"jnews_review":[],"enable_review":"","type":"","name":"","summary":"","brand":"","sku":"","good":[],"bad":[],"score_override":"","override_value":"","rating":[],"price":[],"jnews_post_split":[],"footnotes":""},"categories":[2],"tags":[12892,12891,54],"class_list":["post-57864","post","type-post","status-publish","format-standard","has-post-thumbnail","hentry","category-news-politique","tag-ministre-du-tourisme-et-de-lartisanat","tag-sofiene-tekaya","tag-tunisie"],"_links":{"self":[{"href":"https:\/\/www.africanchallenges.com\/index.php?rest_route=\/wp\/v2\/posts\/57864","targetHints":{"allow":["GET"]}}],"collection":[{"href":"https:\/\/www.africanchallenges.com\/index.php?rest_route=\/wp\/v2\/posts"}],"about":[{"href":"https:\/\/www.africanchallenges.com\/index.php?rest_route=\/wp\/v2\/types\/post"}],"author":[{"embeddable":true,"href":"https:\/\/www.africanchallenges.com\/index.php?rest_route=\/wp\/v2\/users\/4"}],"replies":[{"embeddable":true,"href":"https:\/\/www.africanchallenges.com\/index.php?rest_route=%2Fwp%2Fv2%2Fcomments&post=57864"}],"version-history":[{"count":1,"href":"https:\/\/www.africanchallenges.com\/index.php?rest_route=\/wp\/v2\/posts\/57864\/revisions"}],"predecessor-version":[{"id":57866,"href":"https:\/\/www.africanchallenges.com\/index.php?rest_route=\/wp\/v2\/posts\/57864\/revisions\/57866"}],"wp:featuredmedia":[{"embeddable":true,"href":"https:\/\/www.africanchallenges.com\/index.php?rest_route=\/wp\/v2\/media\/57865"}],"wp:attachment":[{"href":"https:\/\/www.africanchallenges.com\/index.php?rest_route=%2Fwp%2Fv2%2Fmedia&parent=57864"}],"wp:term":[{"taxonomy":"category","embeddable":true,"href":"https:\/\/www.africanchallenges.com\/index.php?rest_route=%2Fwp%2Fv2%2Fcategories&post=57864"},{"taxonomy":"post_tag","embeddable":true,"href":"https:\/\/www.africanchallenges.com\/index.php?rest_route=%2Fwp%2Fv2%2Ftags&post=57864"}],"curies":[{"name":"wp","href":"https:\/\/api.w.org\/{rel}","templated":true}]}}