{"id":57858,"date":"2024-08-25T23:56:02","date_gmt":"2024-08-25T22:56:02","guid":{"rendered":"https:\/\/www.africanchallenges.com\/?p=57858"},"modified":"2024-08-25T23:58:19","modified_gmt":"2024-08-25T22:58:19","slug":"tunisie-samir-abdelhafidh-nouveau-ministre-de-leconomie-et-de-la-planification","status":"publish","type":"post","link":"https:\/\/www.africanchallenges.com\/?p=57858","title":{"rendered":"Tunisie : Samir Abdelhafidh, nouveau ministre de l\u2019Economie et de la Planification"},"content":{"rendered":"\n<p class=\"wp-block-paragraph\">Samir Abdelhafidh, r\u00e9cemment nomm\u00e9 ministre de l&rsquo;\u00c9conomie et du Plan, occupait depuis le 24 janvier 2024 le poste de Secr\u00e9taire d&rsquo;\u00c9tat aupr\u00e8s de la Ministre de l&rsquo;\u00c9conomie et de la Planification, en charge des Petites et Moyennes Entreprises. Il est \u00e9galement Professeur d&rsquo;Enseignement Sup\u00e9rieur \u00e0 la Facult\u00e9 des Sciences \u00c9conomiques et de Gestion de Tunis (FSEGT) \u00e0 l&rsquo;Universit\u00e9 de Tunis El Manar. Depuis 2017, il dirigeait le D\u00e9partement des Sciences \u00c9conomiques de la FSEGT jusqu&rsquo;\u00e0 sa r\u00e9cente nomination. Il d\u00e9tient un dipl\u00f4me d&rsquo;Habilitation Universitaire de l&rsquo;Universit\u00e9 de Sousse, un Doctorat de l&rsquo;Universit\u00e9 de Nice Sophia-Antipolis, ainsi qu&rsquo;un dipl\u00f4me d&rsquo;\u00c9tudes Approfondies et une Ma\u00eetrise en Sciences \u00c9conomiques de la FSEGT. En outre, il a \u00e9t\u00e9 class\u00e9 premier lors du concours national d&rsquo;agr\u00e9gation en \u00e9conomie en 2013.<\/p>\n\n\n\n<p class=\"wp-block-paragraph\">Samir Abdelhafidh est n\u00e9 le 14 d\u00e9cembre 1969 \u00e0 Zarzis. Au cours de sa carri\u00e8re professionnelle, il a \u00e9t\u00e9 le premier directeur du d\u00e9partement d&rsquo;\u00e9conomie \u00e0 l\u2019Institut Sup\u00e9rieur de Gestion de Sousse, o\u00f9 il a exerc\u00e9 de 1996 \u00e0 2011. Par la suite, il a \u00e9t\u00e9 membre des conseils d&rsquo;administration et de perfectionnement de l\u2019Ecole Polytechnique de Tunisie entre 2012 et 2014. Il a \u00e9galement eu l&rsquo;opportunit\u00e9 d&rsquo;enseigner \u00e0 l\u2019Universit\u00e9 de Palerme en Italie.<\/p>\n\n\n\n<p class=\"wp-block-paragraph\">Ses cours ont couvert divers domaines tels que l&rsquo;Introduction \u00e0 l\u2019\u00c9conomie, l\u2019\u00c9conomie de l\u2019Entreprise, la Macro\u00e9conomie, l\u2019\u00c9conomie Mon\u00e9taire, l\u2019\u00c9conomie Internationale, la Finance Internationale, le Risque Pays, la Dette Ext\u00e9rieure, l\u2019\u00c9conomie des Migrations Internationales, l\u2019Int\u00e9gration \u00c9conomique R\u00e9gionale, la Politique \u00c9conomique, ainsi que la Finance Publique.<\/p>\n\n\n\n<p class=\"wp-block-paragraph\">Samir Abdelhafidh a contribu\u00e9 \u00e0 de nombreuses publications acad\u00e9miques et a particip\u00e9 \u00e0 des conf\u00e9rences scientifiques tant nationales qu&rsquo;internationales. Ses recherches se sont concentr\u00e9es sur l&rsquo;endettement ext\u00e9rieur des pays en d\u00e9veloppement, les finances publiques, les politiques de change, ainsi que sur les facteurs influen\u00e7ant la croissance \u00e9conomique. Il a \u00e9galement supervis\u00e9 un grand nombre de travaux de recherche au niveau Master et Doctorat, abordant diverses probl\u00e9matiques \u00e9conomiques li\u00e9es \u00e0 la Tunisie et \u00e0 d&rsquo;autres pays en d\u00e9veloppement.<\/p>\n","protected":false},"excerpt":{"rendered":"<p>Samir Abdelhafidh, r\u00e9cemment nomm\u00e9 ministre de l&rsquo;\u00c9conomie et du Plan, occupait depuis le 24 janvier 2024 le poste de Secr\u00e9taire d&rsquo;\u00c9tat aupr\u00e8s de la Ministre de l&rsquo;\u00c9conomie et de la Planification, en charge des Petites et Moyennes Entreprises. Il est \u00e9galement Professeur d&rsquo;Enseignement Sup\u00e9rieur \u00e0 la Facult\u00e9 des Sciences \u00c9conomiques et de Gestion de Tunis [&hellip;]<\/p>\n","protected":false},"author":4,"featured_media":57860,"comment_status":"open","ping_status":"closed","sticky":false,"template":"","format":"standard","meta":{"content-type":"","jnews-multi-image_gallery":[],"jnews_single_post":{"subtitle":"","format":"standard","video":"","gallery":"","source_name":"","source_url":"","via_name":"","via_url":"","override_template":"0","override":[{"template":"1","single_blog_custom":"","parallax":"1","fullscreen":"1","layout":"right-sidebar","sidebar":"default-sidebar","second_sidebar":"default-sidebar","sticky_sidebar":"1","share_position":"top","share_float_style":"share-monocrhome","show_share_counter":"1","show_view_counter":"1","show_featured":"1","show_post_meta":"1","show_post_author":"1","show_post_author_image":"1","show_post_date":"1","post_date_format":"default","post_date_format_custom":"Y\/m\/d","show_post_category":"1","show_post_reading_time":"0","post_reading_time_wpm":"300","show_zoom_button":"0","zoom_button_out_step":"2","zoom_button_in_step":"3","show_post_tag":"1","show_prev_next_post":"1","show_popup_post":"1","number_popup_post":"1","show_author_box":"0","show_post_related":"0","show_inline_post_related":"0"}],"override_image_size":"0","image_override":[{"single_post_thumbnail_size":"crop-500","single_post_gallery_size":"crop-500"}],"trending_post":"0","trending_post_position":"meta","trending_post_label":"Trending","sponsored_post":"0","sponsored_post_label":"Sponsored by","sponsored_post_name":"","sponsored_post_url":"","sponsored_post_logo_enable":"0","sponsored_post_logo":"","sponsored_post_desc":"","disable_ad":"0"},"jnews_primary_category":{"id":"","hide":""},"jnews_override_bookmark_settings":[],"jnews_review":[],"enable_review":"","type":"","name":"","summary":"","brand":"","sku":"","good":[],"bad":[],"score_override":"","override_value":"","rating":[],"price":[],"jnews_post_split":[],"footnotes":""},"categories":[2],"tags":[12889,12888,54],"class_list":["post-57858","post","type-post","status-publish","format-standard","has-post-thumbnail","hentry","category-news-politique","tag-ministre-de-leconomie-et-de-la-planification","tag-samir-abdelhafidh","tag-tunisie"],"_links":{"self":[{"href":"https:\/\/www.africanchallenges.com\/index.php?rest_route=\/wp\/v2\/posts\/57858","targetHints":{"allow":["GET"]}}],"collection":[{"href":"https:\/\/www.africanchallenges.com\/index.php?rest_route=\/wp\/v2\/posts"}],"about":[{"href":"https:\/\/www.africanchallenges.com\/index.php?rest_route=\/wp\/v2\/types\/post"}],"author":[{"embeddable":true,"href":"https:\/\/www.africanchallenges.com\/index.php?rest_route=\/wp\/v2\/users\/4"}],"replies":[{"embeddable":true,"href":"https:\/\/www.africanchallenges.com\/index.php?rest_route=%2Fwp%2Fv2%2Fcomments&post=57858"}],"version-history":[{"count":1,"href":"https:\/\/www.africanchallenges.com\/index.php?rest_route=\/wp\/v2\/posts\/57858\/revisions"}],"predecessor-version":[{"id":57859,"href":"https:\/\/www.africanchallenges.com\/index.php?rest_route=\/wp\/v2\/posts\/57858\/revisions\/57859"}],"wp:featuredmedia":[{"embeddable":true,"href":"https:\/\/www.africanchallenges.com\/index.php?rest_route=\/wp\/v2\/media\/57860"}],"wp:attachment":[{"href":"https:\/\/www.africanchallenges.com\/index.php?rest_route=%2Fwp%2Fv2%2Fmedia&parent=57858"}],"wp:term":[{"taxonomy":"category","embeddable":true,"href":"https:\/\/www.africanchallenges.com\/index.php?rest_route=%2Fwp%2Fv2%2Fcategories&post=57858"},{"taxonomy":"post_tag","embeddable":true,"href":"https:\/\/www.africanchallenges.com\/index.php?rest_route=%2Fwp%2Fv2%2Ftags&post=57858"}],"curies":[{"name":"wp","href":"https:\/\/api.w.org\/{rel}","templated":true}]}}