{"id":57855,"date":"2024-08-25T23:51:28","date_gmt":"2024-08-25T22:51:28","guid":{"rendered":"https:\/\/www.africanchallenges.com\/?p=57855"},"modified":"2024-08-25T23:58:46","modified_gmt":"2024-08-25T22:58:46","slug":"tunisie-le-professeur-mustapha-ferjani-nomme-nouveau-ministre-de-la-sante","status":"publish","type":"post","link":"https:\/\/www.africanchallenges.com\/?p=57855","title":{"rendered":"Tunisie : Le Professeur Mustapha Ferjani nomm\u00e9 nouveau ministre de la Sant\u00e9"},"content":{"rendered":"\n<p class=\"wp-block-paragraph\">Le Professeur Mustapha Ferjani a \u00e9t\u00e9 nomm\u00e9  nouveau ministre de la Sant\u00e9. N\u00e9 \u00e0 Tunis le 1er janvier 1961, il a obtenu son baccalaur\u00e9at en math\u00e9matiques au lyc\u00e9e Sadiki en 1980, suivi de son doctorat en m\u00e9decine en 1987. <\/p>\n\n\n\n<p class=\"wp-block-paragraph\">En 2022, il a \u00e9t\u00e9 \u00e9lev\u00e9 au rang de professeur agr\u00e9g\u00e9 en anesth\u00e9sie-r\u00e9animation et a pris la direction du service \u00e0 l\u2019h\u00f4pital militaire de Tunis en 2003. En 2017, le Professeur Ferjani a \u00e9t\u00e9 nomm\u00e9 directeur g\u00e9n\u00e9ral de la sant\u00e9 militaire.<\/p>\n\n\n\n<p class=\"wp-block-paragraph\"> Il a ensuite atteint les grades de G\u00e9n\u00e9ral de Brigade M\u00e9decin, puis de G\u00e9n\u00e9ral de Division M\u00e9decin en 2021. En tant que ministre-conseiller aupr\u00e8s du pr\u00e9sident de la R\u00e9publique, il a \u00e9t\u00e9 promu en ao\u00fbt 2024 au rang de G\u00e9n\u00e9ral de corps d&rsquo;arm\u00e9e M\u00e9decin.<\/p>\n","protected":false},"excerpt":{"rendered":"<p>Le Professeur Mustapha Ferjani a \u00e9t\u00e9 nomm\u00e9 nouveau ministre de la Sant\u00e9. N\u00e9 \u00e0 Tunis le 1er janvier 1961, il a obtenu son baccalaur\u00e9at en math\u00e9matiques au lyc\u00e9e Sadiki en 1980, suivi de son doctorat en m\u00e9decine en 1987. En 2022, il a \u00e9t\u00e9 \u00e9lev\u00e9 au rang de professeur agr\u00e9g\u00e9 en anesth\u00e9sie-r\u00e9animation et a pris [&hellip;]<\/p>\n","protected":false},"author":4,"featured_media":57856,"comment_status":"open","ping_status":"closed","sticky":false,"template":"","format":"standard","meta":{"content-type":"","jnews-multi-image_gallery":[],"jnews_single_post":{"subtitle":"","format":"standard","video":"","gallery":"","source_name":"","source_url":"","via_name":"","via_url":"","override_template":"0","override":[{"template":"1","single_blog_custom":"","parallax":"1","fullscreen":"1","layout":"right-sidebar","sidebar":"default-sidebar","second_sidebar":"default-sidebar","sticky_sidebar":"1","share_position":"top","share_float_style":"share-monocrhome","show_share_counter":"1","show_view_counter":"1","show_featured":"1","show_post_meta":"1","show_post_author":"1","show_post_author_image":"1","show_post_date":"1","post_date_format":"default","post_date_format_custom":"Y\/m\/d","show_post_category":"1","show_post_reading_time":"0","post_reading_time_wpm":"300","show_zoom_button":"0","zoom_button_out_step":"2","zoom_button_in_step":"3","show_post_tag":"1","show_prev_next_post":"1","show_popup_post":"1","number_popup_post":"1","show_author_box":"0","show_post_related":"0","show_inline_post_related":"0"}],"override_image_size":"0","image_override":[{"single_post_thumbnail_size":"crop-500","single_post_gallery_size":"crop-500"}],"trending_post":"0","trending_post_position":"meta","trending_post_label":"Trending","sponsored_post":"0","sponsored_post_label":"Sponsored by","sponsored_post_name":"","sponsored_post_url":"","sponsored_post_logo_enable":"0","sponsored_post_logo":"","sponsored_post_desc":"","disable_ad":"0"},"jnews_primary_category":{"id":"","hide":""},"jnews_override_bookmark_settings":[],"jnews_review":[],"enable_review":"","type":"","name":"","summary":"","brand":"","sku":"","good":[],"bad":[],"score_override":"","override_value":"","rating":[],"price":[],"jnews_post_split":[],"footnotes":""},"categories":[2],"tags":[6302,6486,54],"class_list":["post-57855","post","type-post","status-publish","format-standard","has-post-thumbnail","hentry","category-news-politique","tag-ministre-de-la-sante","tag-mustapha-ferjani","tag-tunisie"],"_links":{"self":[{"href":"https:\/\/www.africanchallenges.com\/index.php?rest_route=\/wp\/v2\/posts\/57855","targetHints":{"allow":["GET"]}}],"collection":[{"href":"https:\/\/www.africanchallenges.com\/index.php?rest_route=\/wp\/v2\/posts"}],"about":[{"href":"https:\/\/www.africanchallenges.com\/index.php?rest_route=\/wp\/v2\/types\/post"}],"author":[{"embeddable":true,"href":"https:\/\/www.africanchallenges.com\/index.php?rest_route=\/wp\/v2\/users\/4"}],"replies":[{"embeddable":true,"href":"https:\/\/www.africanchallenges.com\/index.php?rest_route=%2Fwp%2Fv2%2Fcomments&post=57855"}],"version-history":[{"count":1,"href":"https:\/\/www.africanchallenges.com\/index.php?rest_route=\/wp\/v2\/posts\/57855\/revisions"}],"predecessor-version":[{"id":57857,"href":"https:\/\/www.africanchallenges.com\/index.php?rest_route=\/wp\/v2\/posts\/57855\/revisions\/57857"}],"wp:featuredmedia":[{"embeddable":true,"href":"https:\/\/www.africanchallenges.com\/index.php?rest_route=\/wp\/v2\/media\/57856"}],"wp:attachment":[{"href":"https:\/\/www.africanchallenges.com\/index.php?rest_route=%2Fwp%2Fv2%2Fmedia&parent=57855"}],"wp:term":[{"taxonomy":"category","embeddable":true,"href":"https:\/\/www.africanchallenges.com\/index.php?rest_route=%2Fwp%2Fv2%2Fcategories&post=57855"},{"taxonomy":"post_tag","embeddable":true,"href":"https:\/\/www.africanchallenges.com\/index.php?rest_route=%2Fwp%2Fv2%2Ftags&post=57855"}],"curies":[{"name":"wp","href":"https:\/\/api.w.org\/{rel}","templated":true}]}}