{"id":57830,"date":"2024-08-25T20:00:56","date_gmt":"2024-08-25T19:00:56","guid":{"rendered":"https:\/\/www.africanchallenges.com\/?p=57830"},"modified":"2024-08-25T20:10:44","modified_gmt":"2024-08-25T19:10:44","slug":"tunisie-le-president-de-la-republique-kais-saied-annonce-un-remaniement-ministeriel","status":"publish","type":"post","link":"https:\/\/www.africanchallenges.com\/?p=57830","title":{"rendered":"Tunisie : Le pr\u00e9sident de la R\u00e9publique, Ka\u00efs Sa\u00efed annonce un remaniement minist\u00e9riel"},"content":{"rendered":"\n<p class=\"wp-block-paragraph\">Le 25 ao\u00fbt 2024, le pr\u00e9sident de la R\u00e9publique, Ka\u00efs Sa\u00efed a annonc\u00e9 un remaniement minist\u00e9riel affectant une grande partie du gouvernement pr\u00e9sid\u00e9 par Kamel Maddouri. Ainsi, l&rsquo;\u00e9quipe gouvernementale comptera 24 ministres. Il s&rsquo;agit de :<\/p>\n\n\n\n<p class=\"wp-block-paragraph\">&#8211; Khaled Nouri, ministre de l&rsquo;Int\u00e9rieur<\/p>\n\n\n\n<p class=\"wp-block-paragraph\">&#8211; Khaled Shili, ministre de la D\u00e9fense<\/p>\n\n\n\n<p class=\"wp-block-paragraph\">&#8211; Leila Jaffel, ministre de la Justice<\/p>\n\n\n\n<p class=\"wp-block-paragraph\">&#8211; Mohamed Ali Nafti, ministre des Affaires \u00e9trang\u00e8res, de la Migration et des Tunisiens \u00e0 l&rsquo;\u00e9tranger<\/p>\n\n\n\n<p class=\"wp-block-paragraph\">&#8211; Sihem Nemsia, ministre des Finances<\/p>\n\n\n\n<p class=\"wp-block-paragraph\">&#8211; Mustapha Ferjani, ministre de la Sant\u00e9<\/p>\n\n\n\n<p class=\"wp-block-paragraph\">&#8211; Samir Abdelhafidh, ministre de l&rsquo;\u00c9conomie et de la Planification<\/p>\n\n\n\n<p class=\"wp-block-paragraph\">&#8211; Fatma Thabet, ministre de l&rsquo;Industrie, des Mines et de l&rsquo;\u00c9nergie<\/p>\n\n\n\n<p class=\"wp-block-paragraph\">&#8211; Sara Zaafran, ministre de l&rsquo;\u00c9quipement<\/p>\n\n\n\n<p class=\"wp-block-paragraph\">&#8211; Issam Lahmer, ministre des Affaires sociales<\/p>\n\n\n\n<p class=\"wp-block-paragraph\">&#8211; Samir Abid, ministre du Commerce et du D\u00e9veloppement des exportations<\/p>\n\n\n\n<p class=\"wp-block-paragraph\">&#8211; Ezzeddine Bechikh, ministre de l&rsquo;Agriculture, de la P\u00eache et des Ressources hydrauliques<\/p>\n\n\n\n<p class=\"wp-block-paragraph\">&#8211; Noureddine Nouri, ministre de l&rsquo;\u00c9ducation<\/p>\n\n\n\n<p class=\"wp-block-paragraph\">&#8211; Mondher Belaid, ministre de l&rsquo;Enseignement sup\u00e9rieur et de la Recherche scientifique<\/p>\n\n\n\n<p class=\"wp-block-paragraph\">&#8211; Sadok Mourali, ministre de la Jeunesse et des Sports<\/p>\n\n\n\n<p class=\"wp-block-paragraph\">&#8211; Sofiene Hemissi, ministre des Technologies de l&rsquo;information<\/p>\n\n\n\n<p class=\"wp-block-paragraph\">&#8211; Rachid Amri, ministre du Transport<\/p>\n\n\n\n<p class=\"wp-block-paragraph\">&#8211; Wejdi Hdhili, ministre des Affaires fonci\u00e8res et des domaines de l&rsquo;\u00c9tat<\/p>\n\n\n\n<p class=\"wp-block-paragraph\">&#8211; Habib Abid, ministre de l&rsquo;Environnement<\/p>\n\n\n\n<p class=\"wp-block-paragraph\">&#8211; Soufiane Tekaya, ministre du Tourisme<\/p>\n\n\n\n<p class=\"wp-block-paragraph\">&#8211; Ahmed Bouhali, ministre des Affaires religieuses<\/p>\n\n\n\n<p class=\"wp-block-paragraph\">&#8211; Asma Jebri, ministre de la Fammile, de la Femme, de l&rsquo;Enfance et des S\u00e9niors<\/p>\n\n\n\n<p class=\"wp-block-paragraph\">&#8211; Amina Srarfi, ministre des Affaires culturelles<\/p>\n\n\n\n<p class=\"wp-block-paragraph\">&#8211; Riadh Chaouad, ministre de l&rsquo;Emploi et de la Formation professionnelle<\/p>\n\n\n\n<p class=\"wp-block-paragraph\">Pour ce qui est des secr\u00e9taires d&rsquo;\u00c9tat, le gouvernement de Kamel Maddouri en compterait cinq. Il s&rsquo;agit de :<\/p>\n\n\n\n<p class=\"wp-block-paragraph\">&#8211; Sofien Bessadok, secr\u00e9taire d&rsquo;\u00c9tat aupr\u00e8s du minist\u00e8re de l&rsquo;Int\u00e9rieur charg\u00e9 de la s\u00fbret\u00e9 nationale<\/p>\n\n\n\n<p class=\"wp-block-paragraph\">&#8211; Mohamed Ben Ayed, secr\u00e9taire d&rsquo;\u00c9tat aupr\u00e8s du minist\u00e8re des Affaires \u00e9trang\u00e8res<\/p>\n\n\n\n<p class=\"wp-block-paragraph\">&#8211; Hamadi Habib, secr\u00e9taire d&rsquo;\u00c9tat aupr\u00e8s du minist\u00e8re de l&rsquo;Agriculture charg\u00e9 des eaux<\/p>\n\n\n\n<p class=\"wp-block-paragraph\">&#8211; Hasna Jiballah, secr\u00e9taire d&rsquo;\u00c9tat aupr\u00e8s du minist\u00e8re de l&rsquo;Emploi charg\u00e9 des entreprises communautaires<\/p>\n\n\n\n<p class=\"wp-block-paragraph\">&#8211; Wael Chouchane, secr\u00e9taire d\u2019\u00c9tat aupr\u00e8s de la ministre de l\u2019Industrie charg\u00e9 de la Transition \u00e9nerg\u00e9tique<\/p>\n","protected":false},"excerpt":{"rendered":"<p>Le 25 ao\u00fbt 2024, le pr\u00e9sident de la R\u00e9publique, Ka\u00efs Sa\u00efed a annonc\u00e9 un remaniement minist\u00e9riel affectant une grande partie du gouvernement pr\u00e9sid\u00e9 par Kamel Maddouri. Ainsi, l&rsquo;\u00e9quipe gouvernementale comptera 24 ministres. Il s&rsquo;agit de : &#8211; Khaled Nouri, ministre de l&rsquo;Int\u00e9rieur &#8211; Khaled Shili, ministre de la D\u00e9fense &#8211; Leila Jaffel, ministre de la [&hellip;]<\/p>\n","protected":false},"author":4,"featured_media":23722,"comment_status":"open","ping_status":"closed","sticky":false,"template":"","format":"standard","meta":{"content-type":"","jnews-multi-image_gallery":[],"jnews_single_post":{"subtitle":"","format":"standard","video":"","gallery":"","source_name":"","source_url":"","via_name":"","via_url":"","override_template":"0","override":[{"template":"1","single_blog_custom":"","parallax":"1","fullscreen":"1","layout":"right-sidebar","sidebar":"default-sidebar","second_sidebar":"default-sidebar","sticky_sidebar":"1","share_position":"top","share_float_style":"share-monocrhome","show_share_counter":"1","show_view_counter":"1","show_featured":"1","show_post_meta":"1","show_post_author":"1","show_post_author_image":"1","show_post_date":"1","post_date_format":"default","post_date_format_custom":"Y\/m\/d","show_post_category":"1","show_post_reading_time":"0","post_reading_time_wpm":"300","show_zoom_button":"0","zoom_button_out_step":"2","zoom_button_in_step":"3","show_post_tag":"1","show_prev_next_post":"1","show_popup_post":"1","number_popup_post":"1","show_author_box":"0","show_post_related":"0","show_inline_post_related":"0"}],"override_image_size":"0","image_override":[{"single_post_thumbnail_size":"crop-500","single_post_gallery_size":"crop-500"}],"trending_post":"0","trending_post_position":"meta","trending_post_label":"Trending","sponsored_post":"0","sponsored_post_label":"Sponsored by","sponsored_post_name":"","sponsored_post_url":"","sponsored_post_logo_enable":"0","sponsored_post_logo":"","sponsored_post_desc":"","disable_ad":"0"},"jnews_primary_category":{"id":"","hide":""},"jnews_override_bookmark_settings":[],"jnews_review":[],"enable_review":"","type":"","name":"","summary":"","brand":"","sku":"","good":[],"bad":[],"score_override":"","override_value":"","rating":[],"price":[],"jnews_post_split":[],"footnotes":""},"categories":[2],"tags":[1682,3712,12771,4937],"class_list":["post-57830","post","type-post","status-publish","format-standard","has-post-thumbnail","hentry","category-news-politique","tag-gouvernement","tag-kais-saied-2","tag-kamel-maddouri","tag-remaniement-ministeriel"],"_links":{"self":[{"href":"https:\/\/www.africanchallenges.com\/index.php?rest_route=\/wp\/v2\/posts\/57830","targetHints":{"allow":["GET"]}}],"collection":[{"href":"https:\/\/www.africanchallenges.com\/index.php?rest_route=\/wp\/v2\/posts"}],"about":[{"href":"https:\/\/www.africanchallenges.com\/index.php?rest_route=\/wp\/v2\/types\/post"}],"author":[{"embeddable":true,"href":"https:\/\/www.africanchallenges.com\/index.php?rest_route=\/wp\/v2\/users\/4"}],"replies":[{"embeddable":true,"href":"https:\/\/www.africanchallenges.com\/index.php?rest_route=%2Fwp%2Fv2%2Fcomments&post=57830"}],"version-history":[{"count":1,"href":"https:\/\/www.africanchallenges.com\/index.php?rest_route=\/wp\/v2\/posts\/57830\/revisions"}],"predecessor-version":[{"id":57831,"href":"https:\/\/www.africanchallenges.com\/index.php?rest_route=\/wp\/v2\/posts\/57830\/revisions\/57831"}],"wp:featuredmedia":[{"embeddable":true,"href":"https:\/\/www.africanchallenges.com\/index.php?rest_route=\/wp\/v2\/media\/23722"}],"wp:attachment":[{"href":"https:\/\/www.africanchallenges.com\/index.php?rest_route=%2Fwp%2Fv2%2Fmedia&parent=57830"}],"wp:term":[{"taxonomy":"category","embeddable":true,"href":"https:\/\/www.africanchallenges.com\/index.php?rest_route=%2Fwp%2Fv2%2Fcategories&post=57830"},{"taxonomy":"post_tag","embeddable":true,"href":"https:\/\/www.africanchallenges.com\/index.php?rest_route=%2Fwp%2Fv2%2Ftags&post=57830"}],"curies":[{"name":"wp","href":"https:\/\/api.w.org\/{rel}","templated":true}]}}