{"id":57293,"date":"2024-08-05T16:26:05","date_gmt":"2024-08-05T15:26:05","guid":{"rendered":"https:\/\/www.africanchallenges.com\/?p=57293"},"modified":"2024-08-05T16:34:47","modified_gmt":"2024-08-05T15:34:47","slug":"le-ministre-de-la-defense-nationale-preside-la-ceremonie-de-depart-de-lunite-militaire-de-transport-aerien-a-destination-de-la-republique-centrafricaine","status":"publish","type":"post","link":"https:\/\/www.africanchallenges.com\/?p=57293","title":{"rendered":"Le ministre de la D\u00e9fense nationale pr\u00e9side la c\u00e9r\u00e9monie de d\u00e9part de l&rsquo;unit\u00e9 militaire de transport a\u00e9rien \u00e0 destination de la R\u00e9publique centrafricaine"},"content":{"rendered":"\n<p class=\"wp-block-paragraph\">Le ministre de la D\u00e9fense nationale, M. Imed Memmich, a pr\u00e9sid\u00e9 ce lundi matin, 5 ao\u00fbt 2024, \u00e0 la base a\u00e9rienne de Sidi Ahmed \u00e0 Bizerte, la c\u00e9r\u00e9monie de d\u00e9part de la mission militaire tunisienne de transport a\u00e9rien \u00e0 destination de la R\u00e9publique centrafricaine, dans le cadre du soutien \u00e0 la Mission multidimensionnelle int\u00e9gr\u00e9e des Nations Unies pour la stabilisation de ce pays africain.<\/p>\n\n\n\n<p class=\"wp-block-paragraph\">Lors de cet \u00e9v\u00e9nement, auquel le chef d&rsquo;\u00e9tat-major de l&rsquo;arm\u00e9e de l&rsquo;air a assist\u00e9, le ministre de la D\u00e9fense nationale a exprim\u00e9 sa reconnaissance pour la r\u00e9putation exemplaire acquise par les membres de l&rsquo;arm\u00e9e nationale lors de leur participation aux missions de l&rsquo;ONU. Leur disponibilit\u00e9 et leur professionnalisme ont \u00e9t\u00e9 salu\u00e9s, soulignant ainsi les louanges et l&rsquo;appr\u00e9ciation des Nations Unies et des populations des pays concern\u00e9s. Il a \u00e9galement mis en avant les efforts des diff\u00e9rentes structures de l&rsquo;institution militaire et leur contribution essentielle au renforcement de cette unit\u00e9, en assurant un soutien ad\u00e9quat en termes de ressources humaines, d&rsquo;\u00e9quipements et de formation pour mener \u00e0 bien leurs missions de la meilleure mani\u00e8re qui soit.<\/p>\n\n\n\n<p class=\"wp-block-paragraph\">Le ministre de la D\u00e9fense nationale a remis le drapeau de l\u2019unit\u00e9 au commandant de la mission, en les exhortant, comme \u00e0 l\u2019habitude, \u00e0 faire preuve de discipline et d\u2019engagement envers les principes militaires et humanitaires, conform\u00e9ment au droit international humanitaire. <\/p>\n\n\n\n<p class=\"wp-block-paragraph\">Il a \u00e9galement soulign\u00e9 l&rsquo;importance de collaborer et d&rsquo;agir en harmonie avec leurs homologues militaires \u00e9trangers engag\u00e9s dans les missions de l&rsquo;ONU, afin de valoriser l&rsquo;image de l&rsquo;arm\u00e9e tunisienne dans ses plus belles expressions.<\/p>\n\n\n\n<p class=\"wp-block-paragraph\">Il est \u00e0 noter que la mission tunisienne contribue \u00e0 cette nouvelle mission en fournissant un avion C-130 ainsi que 75 membres d&rsquo;\u00e9quipage et militaires de diff\u00e9rentes sp\u00e9cialit\u00e9s pour soutenir logistiquement les forces de l&rsquo;ONU dans le domaine du transport de personnel et d&rsquo;\u00e9quipements dans le cadre du mandat de la Mission des Nations Unies en R\u00e9publique centrafricaine, pour une dur\u00e9e d&rsquo;un an, renouvelable pour une ann\u00e9e suppl\u00e9mentaire.<\/p>\n\n\n\n<figure class=\"wp-block-image size-full\"><img fetchpriority=\"high\" decoding=\"async\" width=\"615\" height=\"410\" src=\"https:\/\/www.africanchallenges.com\/wp-content\/uploads\/2024\/08\/Defense-1.jpg\" alt=\"\" class=\"wp-image-57297\" srcset=\"https:\/\/www.africanchallenges.com\/wp-content\/uploads\/2024\/08\/Defense-1.jpg 615w, https:\/\/www.africanchallenges.com\/wp-content\/uploads\/2024\/08\/Defense-1-300x200.jpg 300w\" sizes=\"(max-width: 615px) 100vw, 615px\" \/><\/figure>\n","protected":false},"excerpt":{"rendered":"<p>Le ministre de la D\u00e9fense nationale, M. Imed Memmich, a pr\u00e9sid\u00e9 ce lundi matin, 5 ao\u00fbt 2024, \u00e0 la base a\u00e9rienne de Sidi Ahmed \u00e0 Bizerte, la c\u00e9r\u00e9monie de d\u00e9part de la mission militaire tunisienne de transport a\u00e9rien \u00e0 destination de la R\u00e9publique centrafricaine, dans le cadre du soutien \u00e0 la Mission multidimensionnelle int\u00e9gr\u00e9e des [&hellip;]<\/p>\n","protected":false},"author":4,"featured_media":57298,"comment_status":"open","ping_status":"closed","sticky":false,"template":"","format":"standard","meta":{"content-type":"","jnews-multi-image_gallery":[],"jnews_single_post":{"subtitle":"","format":"standard","video":"","gallery":"","source_name":"","source_url":"","via_name":"","via_url":"","override_template":"0","override":[{"template":"1","single_blog_custom":"","parallax":"1","fullscreen":"1","layout":"right-sidebar","sidebar":"default-sidebar","second_sidebar":"default-sidebar","sticky_sidebar":"1","share_position":"top","share_float_style":"share-monocrhome","show_share_counter":"1","show_view_counter":"1","show_featured":"1","show_post_meta":"1","show_post_author":"1","show_post_author_image":"1","show_post_date":"1","post_date_format":"default","post_date_format_custom":"Y\/m\/d","show_post_category":"1","show_post_reading_time":"0","post_reading_time_wpm":"300","show_zoom_button":"0","zoom_button_out_step":"2","zoom_button_in_step":"3","show_post_tag":"1","show_prev_next_post":"1","show_popup_post":"1","number_popup_post":"1","show_author_box":"0","show_post_related":"0","show_inline_post_related":"0"}],"override_image_size":"0","image_override":[{"single_post_thumbnail_size":"crop-500","single_post_gallery_size":"crop-500"}],"trending_post":"0","trending_post_position":"meta","trending_post_label":"Trending","sponsored_post":"0","sponsored_post_label":"Sponsored by","sponsored_post_name":"","sponsored_post_url":"","sponsored_post_logo_enable":"0","sponsored_post_logo":"","sponsored_post_desc":"","disable_ad":"0"},"jnews_primary_category":{"id":"","hide":""},"jnews_override_bookmark_settings":[],"jnews_review":[],"enable_review":"","type":"","name":"","summary":"","brand":"","sku":"","good":[],"bad":[],"score_override":"","override_value":"","rating":[],"price":[],"jnews_post_split":[],"footnotes":""},"categories":[2],"tags":[5035,8736,12750],"class_list":["post-57293","post","type-post","status-publish","format-standard","has-post-thumbnail","hentry","category-news-politique","tag-depart","tag-imed-memmich","tag-la-republique-centrafricaine"],"_links":{"self":[{"href":"https:\/\/www.africanchallenges.com\/index.php?rest_route=\/wp\/v2\/posts\/57293","targetHints":{"allow":["GET"]}}],"collection":[{"href":"https:\/\/www.africanchallenges.com\/index.php?rest_route=\/wp\/v2\/posts"}],"about":[{"href":"https:\/\/www.africanchallenges.com\/index.php?rest_route=\/wp\/v2\/types\/post"}],"author":[{"embeddable":true,"href":"https:\/\/www.africanchallenges.com\/index.php?rest_route=\/wp\/v2\/users\/4"}],"replies":[{"embeddable":true,"href":"https:\/\/www.africanchallenges.com\/index.php?rest_route=%2Fwp%2Fv2%2Fcomments&post=57293"}],"version-history":[{"count":3,"href":"https:\/\/www.africanchallenges.com\/index.php?rest_route=\/wp\/v2\/posts\/57293\/revisions"}],"predecessor-version":[{"id":57301,"href":"https:\/\/www.africanchallenges.com\/index.php?rest_route=\/wp\/v2\/posts\/57293\/revisions\/57301"}],"wp:featuredmedia":[{"embeddable":true,"href":"https:\/\/www.africanchallenges.com\/index.php?rest_route=\/wp\/v2\/media\/57298"}],"wp:attachment":[{"href":"https:\/\/www.africanchallenges.com\/index.php?rest_route=%2Fwp%2Fv2%2Fmedia&parent=57293"}],"wp:term":[{"taxonomy":"category","embeddable":true,"href":"https:\/\/www.africanchallenges.com\/index.php?rest_route=%2Fwp%2Fv2%2Fcategories&post=57293"},{"taxonomy":"post_tag","embeddable":true,"href":"https:\/\/www.africanchallenges.com\/index.php?rest_route=%2Fwp%2Fv2%2Ftags&post=57293"}],"curies":[{"name":"wp","href":"https:\/\/api.w.org\/{rel}","templated":true}]}}