{"id":57115,"date":"2024-07-31T17:06:04","date_gmt":"2024-07-31T16:06:04","guid":{"rendered":"https:\/\/www.africanchallenges.com\/?p=57115"},"modified":"2024-07-31T17:14:16","modified_gmt":"2024-07-31T16:14:16","slug":"tunisie-la-ministre-de-lindustrie-des-mines-et-de-lenergie-participe-a-la-conference-annuelle-des-chefs-de-missions-diplomatiques-et-consulaires","status":"publish","type":"post","link":"https:\/\/www.africanchallenges.com\/?p=57115","title":{"rendered":"Tunisie\u00a0: La Ministre de l\u2019Industrie, des Mines et de l\u2019Energie participe \u00e0 la conf\u00e9rence annuelle des chefs de missions diplomatiques et consulaires"},"content":{"rendered":"\n<p class=\"wp-block-paragraph\">Le 31 juillet, Mme Fatima Thabet Chiboub, Ministre de l\u2019Industrie, des Mines et de l\u2019Energie, a pris part aux activit\u00e9s de la conf\u00e9rence annuelle des chefs de missions diplomatiques et consulaires, \u00e0 l\u2019Acad\u00e9mie diplomatique internationale de Tunis, en pr\u00e9sence de M. Nabil Ammar, Ministre des Affaires Etrang\u00e8res, de l\u2019Immigration et des Tunisiens de l\u2019\u00c9tranger, et d&rsquo;un grand nombre d&rsquo;ambassadeurs, de chefs de missions diplomatiques et de hauts fonctionnaires. Le th\u00e8me de la conf\u00e9rence \u00e9tait : \u00ab Le r\u00f4le de la diplomatie pour surmonter les diff\u00e9rents d\u00e9fis \u00bb.<\/p>\n\n\n\n<p class=\"wp-block-paragraph\">Dans de son intervention lors d\u2019une table ronde organis\u00e9e en marge de la conf\u00e9rence sur \u00ab\u00a0Renforcer le r\u00f4le de la diplomatie dans le soutien \u00e0 la s\u00e9curit\u00e9 alimentaire et \u00e9nerg\u00e9tique et aux industries nationales\u00a0\u00bb, Mme Fatima Thabet Chiboub a mis en avant l&rsquo;importance de cet \u00e9v\u00e9nement pour renforcer la coop\u00e9ration internationale et d\u00e9velopper les m\u00e9canismes de coop\u00e9ration. Cela permettra de favoriser le d\u00e9veloppement \u00e9conomique, d&rsquo;augmenter les exportations tunisiennes, de promouvoir l&rsquo;industrialisation nationale, notamment dans les secteurs alimentaire et manufacturier, tels que les phosphates et leurs d\u00e9riv\u00e9s ainsi que les engrais.<\/p>\n\n\n\n<p class=\"wp-block-paragraph\">La ministre a soulign\u00e9 l&rsquo;importance de cette trajectoire pour soutenir la s\u00e9curit\u00e9 alimentaire, en tenant compte de l&rsquo;augmentation sans pr\u00e9c\u00e9dent des prix des mati\u00e8res premi\u00e8res et des effets du changement climatique d&rsquo;une part, et pour r\u00e9aliser la transition \u00e9nerg\u00e9tique afin de r\u00e9duire le d\u00e9ficit \u00e9nerg\u00e9tique et la d\u00e9pendance au gaz naturel dans la production d&rsquo;\u00e9lectricit\u00e9, en examinant les principaux axes de la strat\u00e9gie industrielle et \u00e9nerg\u00e9tique nationale..<\/p>\n\n\n\n<p class=\"wp-block-paragraph\">Fatma Thabet Chiboub a mis en avant l&rsquo;importance strat\u00e9gique de la diplomatie tunisienne pour atteindre les objectifs souhait\u00e9s, en particulier en renfor\u00e7ant le soutien financier et technique aux entreprises industrielles. Elle a appel\u00e9 \u00e0 une plus grande implication des institutions sous tutelle, \u00e0 la valorisation des comp\u00e9tences tunisiennes et \u00e0 leur participation dans divers programmes internationaux et r\u00e9gionaux.<\/p>\n\n\n\n<p class=\"wp-block-paragraph\">De plus, la ministre a sugg\u00e9r\u00e9 de mettre notre expertise nationale \u00e0 disposition des pays africains, notamment dans les domaines de l&rsquo;industrie, des mines et des \u00e9nergies renouvelables, dans le cadre des partenariats afro-africains.<\/p>\n","protected":false},"excerpt":{"rendered":"<p>Le 31 juillet, Mme Fatima Thabet Chiboub, Ministre de l\u2019Industrie, des Mines et de l\u2019Energie, a pris part aux activit\u00e9s de la conf\u00e9rence annuelle des chefs de missions diplomatiques et consulaires, \u00e0 l\u2019Acad\u00e9mie diplomatique internationale de Tunis, en pr\u00e9sence de M. Nabil Ammar, Ministre des Affaires Etrang\u00e8res, de l\u2019Immigration et des Tunisiens de l\u2019\u00c9tranger, et [&hellip;]<\/p>\n","protected":false},"author":4,"featured_media":57116,"comment_status":"open","ping_status":"closed","sticky":false,"template":"","format":"standard","meta":{"content-type":"","jnews-multi-image_gallery":[],"jnews_single_post":{"subtitle":"","format":"standard","video":"","gallery":"","source_name":"","source_url":"","via_name":"","via_url":"","override_template":"0","override":[{"template":"1","single_blog_custom":"","parallax":"1","fullscreen":"1","layout":"right-sidebar","sidebar":"default-sidebar","second_sidebar":"default-sidebar","sticky_sidebar":"1","share_position":"top","share_float_style":"share-monocrhome","show_share_counter":"1","show_view_counter":"1","show_featured":"1","show_post_meta":"1","show_post_author":"1","show_post_author_image":"1","show_post_date":"1","post_date_format":"default","post_date_format_custom":"Y\/m\/d","show_post_category":"1","show_post_reading_time":"0","post_reading_time_wpm":"300","show_zoom_button":"0","zoom_button_out_step":"2","zoom_button_in_step":"3","show_post_tag":"1","show_prev_next_post":"1","show_popup_post":"1","number_popup_post":"1","show_author_box":"0","show_post_related":"0","show_inline_post_related":"0"}],"override_image_size":"0","image_override":[{"single_post_thumbnail_size":"crop-500","single_post_gallery_size":"crop-500"}],"trending_post":"0","trending_post_position":"meta","trending_post_label":"Trending","sponsored_post":"0","sponsored_post_label":"Sponsored by","sponsored_post_name":"","sponsored_post_url":"","sponsored_post_logo_enable":"0","sponsored_post_logo":"","sponsored_post_desc":"","disable_ad":"0"},"jnews_primary_category":{"id":"","hide":""},"jnews_override_bookmark_settings":[],"jnews_review":[],"enable_review":"","type":"","name":"","summary":"","brand":"","sku":"","good":[],"bad":[],"score_override":"","override_value":"","rating":[],"price":[],"jnews_post_split":[],"footnotes":""},"categories":[2],"tags":[12717,12718,12227,9906],"class_list":["post-57115","post","type-post","status-publish","format-standard","has-post-thumbnail","hentry","category-news-politique","tag-conference-annuelle-des-chefs-de-missions-diplomatiques-et-consulaires","tag-cooperation-internationale","tag-fatima-thabet-chiboub","tag-nabil-ammar"],"_links":{"self":[{"href":"https:\/\/www.africanchallenges.com\/index.php?rest_route=\/wp\/v2\/posts\/57115","targetHints":{"allow":["GET"]}}],"collection":[{"href":"https:\/\/www.africanchallenges.com\/index.php?rest_route=\/wp\/v2\/posts"}],"about":[{"href":"https:\/\/www.africanchallenges.com\/index.php?rest_route=\/wp\/v2\/types\/post"}],"author":[{"embeddable":true,"href":"https:\/\/www.africanchallenges.com\/index.php?rest_route=\/wp\/v2\/users\/4"}],"replies":[{"embeddable":true,"href":"https:\/\/www.africanchallenges.com\/index.php?rest_route=%2Fwp%2Fv2%2Fcomments&post=57115"}],"version-history":[{"count":5,"href":"https:\/\/www.africanchallenges.com\/index.php?rest_route=\/wp\/v2\/posts\/57115\/revisions"}],"predecessor-version":[{"id":57123,"href":"https:\/\/www.africanchallenges.com\/index.php?rest_route=\/wp\/v2\/posts\/57115\/revisions\/57123"}],"wp:featuredmedia":[{"embeddable":true,"href":"https:\/\/www.africanchallenges.com\/index.php?rest_route=\/wp\/v2\/media\/57116"}],"wp:attachment":[{"href":"https:\/\/www.africanchallenges.com\/index.php?rest_route=%2Fwp%2Fv2%2Fmedia&parent=57115"}],"wp:term":[{"taxonomy":"category","embeddable":true,"href":"https:\/\/www.africanchallenges.com\/index.php?rest_route=%2Fwp%2Fv2%2Fcategories&post=57115"},{"taxonomy":"post_tag","embeddable":true,"href":"https:\/\/www.africanchallenges.com\/index.php?rest_route=%2Fwp%2Fv2%2Ftags&post=57115"}],"curies":[{"name":"wp","href":"https:\/\/api.w.org\/{rel}","templated":true}]}}