{"id":57074,"date":"2024-07-31T12:40:24","date_gmt":"2024-07-31T11:40:24","guid":{"rendered":"https:\/\/www.africanchallenges.com\/?p=57074"},"modified":"2024-07-31T12:44:17","modified_gmt":"2024-07-31T11:44:17","slug":"tunisie-arrestation-du-directeur-general-de-tunisair-khaled-chelly","status":"publish","type":"post","link":"https:\/\/www.africanchallenges.com\/?p=57074","title":{"rendered":"Tunisie : Arrestation du directeur g\u00e9n\u00e9ral de Tunisair, Khaled Chelly"},"content":{"rendered":"\n<p class=\"wp-block-paragraph\">Le directeur g\u00e9n\u00e9ral de Tunisair, Khaled Chelly, a \u00e9t\u00e9 appr\u00e9hend\u00e9 et mis en d\u00e9tention pendant la nuit du 30 au 31 juillet 2024, d&rsquo;apr\u00e8s des sources bien inform\u00e9es. Cette arrestation serait en relation avec l&rsquo;enqu\u00eate concernant le secr\u00e9taire g\u00e9n\u00e9ral du syndicat de base de la compagnie a\u00e9rienne, Najmeddine Mzoughi, selon plusieurs sources.<\/p>\n\n\n\n<p class=\"wp-block-paragraph\">Ce dernier est accus\u00e9 de divers crimes, notamment de faux, d&rsquo;usage de faux, de corruption et de prox\u00e9n\u00e9tisme. Les forces de l&rsquo;ordre ont arr\u00eat\u00e9 le syndicaliste alors qu&rsquo;il s&rsquo;appr\u00eatait \u00e0 fuir vers la Libye. <\/p>\n\n\n\n<p class=\"wp-block-paragraph\">Khaled Chelly a \u00e9t\u00e9 interrog\u00e9 durant la nuit. Il a \u00e9t\u00e9 plac\u00e9 en d\u00e9tention et compara\u00eetra aujourd&rsquo;hui, le 31 juillet 2024, devant le procureur de la R\u00e9publique. De son c\u00f4t\u00e9, Najmeddine Mzoughi a \u00e9t\u00e9 incarc\u00e9r\u00e9 le 27 juillet 2024. Sa d\u00e9tention a \u00e9t\u00e9 prolong\u00e9e de 48 heures jusqu&rsquo;au 29 juillet 2024.<\/p>\n","protected":false},"excerpt":{"rendered":"<p>Le directeur g\u00e9n\u00e9ral de Tunisair, Khaled Chelly, a \u00e9t\u00e9 appr\u00e9hend\u00e9 et mis en d\u00e9tention pendant la nuit du 30 au 31 juillet 2024, d&rsquo;apr\u00e8s des sources bien inform\u00e9es. Cette arrestation serait en relation avec l&rsquo;enqu\u00eate concernant le secr\u00e9taire g\u00e9n\u00e9ral du syndicat de base de la compagnie a\u00e9rienne, Najmeddine Mzoughi, selon plusieurs sources. Ce dernier est [&hellip;]<\/p>\n","protected":false},"author":4,"featured_media":57075,"comment_status":"open","ping_status":"closed","sticky":false,"template":"","format":"standard","meta":{"content-type":"","jnews-multi-image_gallery":[],"jnews_single_post":{"subtitle":"","format":"standard","video":"","gallery":"","source_name":"","source_url":"","via_name":"","via_url":"","override_template":"0","override":[{"template":"1","single_blog_custom":"","parallax":"1","fullscreen":"1","layout":"right-sidebar","sidebar":"default-sidebar","second_sidebar":"default-sidebar","sticky_sidebar":"1","share_position":"top","share_float_style":"share-monocrhome","show_share_counter":"1","show_view_counter":"1","show_featured":"1","show_post_meta":"1","show_post_author":"1","show_post_author_image":"1","show_post_date":"1","post_date_format":"default","post_date_format_custom":"Y\/m\/d","show_post_category":"1","show_post_reading_time":"0","post_reading_time_wpm":"300","show_zoom_button":"0","zoom_button_out_step":"2","zoom_button_in_step":"3","show_post_tag":"1","show_prev_next_post":"1","show_popup_post":"1","number_popup_post":"1","show_author_box":"0","show_post_related":"0","show_inline_post_related":"0"}],"override_image_size":"0","image_override":[{"single_post_thumbnail_size":"crop-500","single_post_gallery_size":"crop-500"}],"trending_post":"0","trending_post_position":"meta","trending_post_label":"Trending","sponsored_post":"0","sponsored_post_label":"Sponsored by","sponsored_post_name":"","sponsored_post_url":"","sponsored_post_logo_enable":"0","sponsored_post_logo":"","sponsored_post_desc":"","disable_ad":"0"},"jnews_primary_category":{"id":"","hide":""},"jnews_override_bookmark_settings":[],"jnews_review":[],"enable_review":"","type":"","name":"","summary":"","brand":"","sku":"","good":[],"bad":[],"score_override":"","override_value":"","rating":[],"price":[],"jnews_post_split":[],"footnotes":""},"categories":[2],"tags":[3480,1762,924],"class_list":["post-57074","post","type-post","status-publish","format-standard","has-post-thumbnail","hentry","category-news-politique","tag-arrestation","tag-khaled-chelly","tag-tunisair"],"_links":{"self":[{"href":"https:\/\/www.africanchallenges.com\/index.php?rest_route=\/wp\/v2\/posts\/57074","targetHints":{"allow":["GET"]}}],"collection":[{"href":"https:\/\/www.africanchallenges.com\/index.php?rest_route=\/wp\/v2\/posts"}],"about":[{"href":"https:\/\/www.africanchallenges.com\/index.php?rest_route=\/wp\/v2\/types\/post"}],"author":[{"embeddable":true,"href":"https:\/\/www.africanchallenges.com\/index.php?rest_route=\/wp\/v2\/users\/4"}],"replies":[{"embeddable":true,"href":"https:\/\/www.africanchallenges.com\/index.php?rest_route=%2Fwp%2Fv2%2Fcomments&post=57074"}],"version-history":[{"count":2,"href":"https:\/\/www.africanchallenges.com\/index.php?rest_route=\/wp\/v2\/posts\/57074\/revisions"}],"predecessor-version":[{"id":57078,"href":"https:\/\/www.africanchallenges.com\/index.php?rest_route=\/wp\/v2\/posts\/57074\/revisions\/57078"}],"wp:featuredmedia":[{"embeddable":true,"href":"https:\/\/www.africanchallenges.com\/index.php?rest_route=\/wp\/v2\/media\/57075"}],"wp:attachment":[{"href":"https:\/\/www.africanchallenges.com\/index.php?rest_route=%2Fwp%2Fv2%2Fmedia&parent=57074"}],"wp:term":[{"taxonomy":"category","embeddable":true,"href":"https:\/\/www.africanchallenges.com\/index.php?rest_route=%2Fwp%2Fv2%2Fcategories&post=57074"},{"taxonomy":"post_tag","embeddable":true,"href":"https:\/\/www.africanchallenges.com\/index.php?rest_route=%2Fwp%2Fv2%2Ftags&post=57074"}],"curies":[{"name":"wp","href":"https:\/\/api.w.org\/{rel}","templated":true}]}}