{"id":57071,"date":"2024-07-31T12:25:10","date_gmt":"2024-07-31T11:25:10","guid":{"rendered":"https:\/\/www.africanchallenges.com\/?p=57071"},"modified":"2024-07-31T12:25:14","modified_gmt":"2024-07-31T11:25:14","slug":"tunisie-39eme-session-de-la-conference-annuelle-des-chefs-de-missions-diplomatiques-et-consulaires","status":"publish","type":"post","link":"https:\/\/www.africanchallenges.com\/?p=57071","title":{"rendered":"Tunisie : 39\u00e8me session de la Conf\u00e9rence annuelle des Chefs de Missions Diplomatiques et Consulaires"},"content":{"rendered":"\n<p class=\"wp-block-paragraph\">Sous le patronage de Son Excellence le Pr\u00e9sident de la R\u00e9publique, M. Ka\u00efs Sa\u00efed, les travaux de la 39\u00e8me session de la Conf\u00e9rence annuelle des Chefs de Missions Diplomatiques et Consulaires ont d\u00e9but\u00e9 au cours de la matin\u00e9e du mercredi 31 juillet 2024, et ce apr\u00e8s une interruption de trois ans.<\/p>\n\n\n\n<p class=\"wp-block-paragraph\">M. Nabil Ammar, Ministre des Affaires \u00c9trang\u00e8res, de la Migration et des Tunisiens \u00e0 l\u2019\u00c9tranger, a proc\u00e9d\u00e9 \u00e0 l\u2019inauguration des travaux de cette Conf\u00e9rence, en pr\u00e9sence de tous les Chefs de Missions Diplomatiques et Consulaires tunisiens, ainsi que de plusieurs hauts cadres du Minist\u00e8re, avec une participation remarquable et pour la premi\u00e8re fois, des Ambassadeurs des pays \u00e9trangers accr\u00e9dit\u00e9s en Tunisie \u00e0 la s\u00e9ance d\u2019ouverture.<\/p>\n\n\n\n<p class=\"wp-block-paragraph\">Dans son allocution d\u2019ouverture, M. Nabil Ammar a soulign\u00e9 l\u2019importance de cette Conf\u00e9rence pour renforcer le travail diplomatique tunisien. \u00c0 cet effet, il a remerci\u00e9 et exprim\u00e9 sa gratitude \u00e0 Monsieur le Pr\u00e9sident de la R\u00e9publique pour le soutien continu qu\u2019il ne cesse d\u2019apporter au corps diplomatique, ce qui a permis \u00e0 la diplomatie tunisienne, gr\u00e2ce \u00e0 la clart\u00e9 des positions et \u00e0 la constance des principes en politique ext\u00e9rieure, d\u2019assumer son r\u00f4le dans la d\u00e9fense des int\u00e9r\u00eats supr\u00eames de la Tunisie et la r\u00e9alisation de ses objectifs nationaux.<\/p>\n\n\n\n<p class=\"wp-block-paragraph\">M. le Ministre a r\u00e9affirm\u00e9 l\u2019engagement de la Tunisie en faveur des valeurs de justice et d\u2019\u00e9galit\u00e9 dans les relations internationales, ainsi que son attachement au principe de souverainet\u00e9 nationale, \u00e0 un traitement fond\u00e9 sur le respect mutuel, la non-ing\u00e9rence dans les affaires int\u00e9rieures des \u00c9tats et les int\u00e9r\u00eats communs.<\/p>\n\n\n\n<p class=\"wp-block-paragraph\">Il a \u00e9galement r\u00e9it\u00e9r\u00e9 le soutien ind\u00e9fectible \u00e0 la Cause Palestinienne et au droit du Peuple Palestinien \u00e0 son \u00c9tat ind\u00e9pendant sur l\u2019ensemble de son territoire, avec Al-Quds Al-Sharif comme capitale. Il a fermement condamn\u00e9 le g\u00e9nocide et les graves violations auxquels les Palestiniens sont confront\u00e9s \u00e0 Gaza et dans les autres territoires Palestiniens occup\u00e9s, exprimant la solidarit\u00e9 de la Tunisie, Gouvernement et peuple, avec le Peuple Palestinien.<\/p>\n\n\n\n<p class=\"wp-block-paragraph\">Cette Conf\u00e9rence constitue une occasion majeure de renouveler l\u2019engagement de la Tunisie pour une diplomatie efficace, consolider ses relations avec les pays fr\u00e8res et amis, examiner le r\u00f4le de la diplomatie tunisienne dans la protection, la d\u00e9fense et la valorisation des int\u00e9r\u00eats de la Tunisie.<\/p>\n\n\n\n<p class=\"wp-block-paragraph\">Prendront part aux travaux de cette Conf\u00e9rence les Ministres de l&rsquo;Int\u00e9rieur, des Finances, de l\u2019Industrie, des Mines et de l\u2019\u00c9nergie, de l\u2019Agriculture, des Ressources hydrauliques et de la P\u00eache, de l\u2019Enseignement sup\u00e9rieur et de la Recherche scientifique, Charg\u00e9 de la gestion du Minist\u00e8re des Affaires Culturelles, du Tourisme, ainsi que le Pr\u00e9sident de l\u2019Instance Sup\u00e9rieure Ind\u00e9pendante pour les \u00c9lections (ISIE).<\/p>\n\n\n\n<p class=\"wp-block-paragraph\">Il s\u2019agit donc d\u2019une occasion de discuter de plusieurs sujets et d\u2019\u00e9changer des points de vue entre les Chefs de Missions Diplomatiques et Consulaires tunisiens et les Ministres, chacun en fonction de son domaine de comp\u00e9tence. L\u2019accent sera \u00e9galement mis sur le r\u00f4le de ces missions dans la r\u00e9ussite de la prochaine \u00e9ch\u00e9ance \u00e9lectorale et l\u2019am\u00e9lioration des prestations destin\u00e9es aux Tunisiens \u00e0 l\u2019\u00e9tranger.<\/p>\n","protected":false},"excerpt":{"rendered":"<p>Sous le patronage de Son Excellence le Pr\u00e9sident de la R\u00e9publique, M. Ka\u00efs Sa\u00efed, les travaux de la 39\u00e8me session de la Conf\u00e9rence annuelle des Chefs de Missions Diplomatiques et Consulaires ont d\u00e9but\u00e9 au cours de la matin\u00e9e du mercredi 31 juillet 2024, et ce apr\u00e8s une interruption de trois ans. M. Nabil Ammar, Ministre [&hellip;]<\/p>\n","protected":false},"author":4,"featured_media":57072,"comment_status":"open","ping_status":"closed","sticky":false,"template":"","format":"standard","meta":{"content-type":"","jnews-multi-image_gallery":[],"jnews_single_post":{"subtitle":"","format":"standard","video":"","gallery":"","source_name":"","source_url":"","via_name":"","via_url":"","override_template":"0","override":[{"template":"1","single_blog_custom":"","parallax":"1","fullscreen":"1","layout":"right-sidebar","sidebar":"default-sidebar","second_sidebar":"default-sidebar","sticky_sidebar":"1","share_position":"top","share_float_style":"share-monocrhome","show_share_counter":"1","show_view_counter":"1","show_featured":"1","show_post_meta":"1","show_post_author":"1","show_post_author_image":"1","show_post_date":"1","post_date_format":"default","post_date_format_custom":"Y\/m\/d","show_post_category":"1","show_post_reading_time":"0","post_reading_time_wpm":"300","show_zoom_button":"0","zoom_button_out_step":"2","zoom_button_in_step":"3","show_post_tag":"1","show_prev_next_post":"1","show_popup_post":"1","number_popup_post":"1","show_author_box":"0","show_post_related":"0","show_inline_post_related":"0"}],"override_image_size":"0","image_override":[{"single_post_thumbnail_size":"crop-500","single_post_gallery_size":"crop-500"}],"trending_post":"0","trending_post_position":"meta","trending_post_label":"Trending","sponsored_post":"0","sponsored_post_label":"Sponsored by","sponsored_post_name":"","sponsored_post_url":"","sponsored_post_logo_enable":"0","sponsored_post_logo":"","sponsored_post_desc":"","disable_ad":"0"},"jnews_primary_category":{"id":"","hide":""},"jnews_override_bookmark_settings":[],"jnews_review":[],"enable_review":"","type":"","name":"","summary":"","brand":"","sku":"","good":[],"bad":[],"score_override":"","override_value":"","rating":[],"price":[],"jnews_post_split":[],"footnotes":""},"categories":[2],"tags":[8532,12713,2801],"class_list":["post-57071","post","type-post","status-publish","format-standard","has-post-thumbnail","hentry","category-news-politique","tag-conference-annuelle","tag-missions-diplomatiques-et-consulaires","tag-tuniise"],"_links":{"self":[{"href":"https:\/\/www.africanchallenges.com\/index.php?rest_route=\/wp\/v2\/posts\/57071","targetHints":{"allow":["GET"]}}],"collection":[{"href":"https:\/\/www.africanchallenges.com\/index.php?rest_route=\/wp\/v2\/posts"}],"about":[{"href":"https:\/\/www.africanchallenges.com\/index.php?rest_route=\/wp\/v2\/types\/post"}],"author":[{"embeddable":true,"href":"https:\/\/www.africanchallenges.com\/index.php?rest_route=\/wp\/v2\/users\/4"}],"replies":[{"embeddable":true,"href":"https:\/\/www.africanchallenges.com\/index.php?rest_route=%2Fwp%2Fv2%2Fcomments&post=57071"}],"version-history":[{"count":1,"href":"https:\/\/www.africanchallenges.com\/index.php?rest_route=\/wp\/v2\/posts\/57071\/revisions"}],"predecessor-version":[{"id":57073,"href":"https:\/\/www.africanchallenges.com\/index.php?rest_route=\/wp\/v2\/posts\/57071\/revisions\/57073"}],"wp:featuredmedia":[{"embeddable":true,"href":"https:\/\/www.africanchallenges.com\/index.php?rest_route=\/wp\/v2\/media\/57072"}],"wp:attachment":[{"href":"https:\/\/www.africanchallenges.com\/index.php?rest_route=%2Fwp%2Fv2%2Fmedia&parent=57071"}],"wp:term":[{"taxonomy":"category","embeddable":true,"href":"https:\/\/www.africanchallenges.com\/index.php?rest_route=%2Fwp%2Fv2%2Fcategories&post=57071"},{"taxonomy":"post_tag","embeddable":true,"href":"https:\/\/www.africanchallenges.com\/index.php?rest_route=%2Fwp%2Fv2%2Ftags&post=57071"}],"curies":[{"name":"wp","href":"https:\/\/api.w.org\/{rel}","templated":true}]}}