{"id":57053,"date":"2024-07-30T19:45:29","date_gmt":"2024-07-30T18:45:29","guid":{"rendered":"https:\/\/www.africanchallenges.com\/?p=57053"},"modified":"2024-07-30T20:06:10","modified_gmt":"2024-07-30T19:06:10","slug":"tunisie-ouverture-du-congres-la-diaspora-tunisienne-au-service-de-la-transformation-et-du-renouveau-economiques-durables-a-gabes","status":"publish","type":"post","link":"https:\/\/www.africanchallenges.com\/?p=57053","title":{"rendered":"Tunisie : Ouverture du Congr\u00e8s \u00ab\u00a0La Diaspora tunisienne au service de la transformation et du renouveau \u00e9conomiques durables\u00a0\u00bb,  \u00e0 Gab\u00e8s"},"content":{"rendered":"\n<p class=\"wp-block-paragraph\">Mme Ahlem B\u00e9ji Sayeb a supervis\u00e9 ce mardi 30 juillet 2024, l&rsquo;ouverture du congr\u00e8s \u00ab\u00a0La Diaspora tunisienne au service de la transformation et du renouveau \u00e9conomiques durables\u00a0\u00bb \u00e0 Gab\u00e8s, en pr\u00e9sence du Secr\u00e9taire g\u00e9n\u00e9ral charg\u00e9 de la gestion des affaires du gouvernorat, M. Ghaleb Guellali, du Pr\u00e9sident et Directeur g\u00e9n\u00e9ral du P\u00f4le industriel et technologique de Gab\u00e8s, M. Abderrazak Jedi, du Directeur g\u00e9n\u00e9ral du groupe chimique tunisien, M. Hedi Yousef, et de plusieurs hauts responsables du minist\u00e8re.<\/p>\n\n\n\n<p class=\"wp-block-paragraph\">Dans son discours, Mme Ahlem B\u00e9ji Sayeb a soulign\u00e9 l&rsquo;importance de ce congr\u00e8s pour renforcer le r\u00f4le de la Diaspora tunisienne dans la promotion des relations \u00e9conomiques, notamment en attirant les investissements et en contribuant ainsi au d\u00e9veloppement durable en Tunisie.<\/p>\n\n\n\n<p class=\"wp-block-paragraph\">Elle a mentionn\u00e9 que le gouvernement encourage les investissements dans des secteurs industriels prometteurs, bas\u00e9s sur les nouvelles technologies, comme les industries m\u00e9caniques, \u00e9lectriques, chimiques, m\u00e9catroniques, les textiles techniques, l&rsquo;agroalimentaire, la pharmacie, le cuir et la chaussure.<\/p>\n\n\n\n<p class=\"wp-block-paragraph\">Mme Ahlem B\u00e9ji Sayeb a \u00e9galement not\u00e9 que la Diaspora tunisienne peut jouer un r\u00f4le actif et pr\u00e9cieux dans le d\u00e9veloppement r\u00e9gional. De plus, il a \u00e9t\u00e9 soulign\u00e9 l&rsquo;importance d&rsquo;\u00e9tablir une plateforme participative de veille scientifique, technologique et \u00e9conomique au sein du p\u00f4le industriel et technologique de Gab\u00e8s, accompagn\u00e9e d&rsquo;une strat\u00e9gie d&rsquo;intelligence \u00e9conomique inspir\u00e9e des exp\u00e9riences des pays d\u00e9velopp\u00e9s.<\/p>\n\n\n\n<p class=\"wp-block-paragraph\">Enfin, elle a pr\u00e9cis\u00e9 qu&rsquo;une des grandes orientations de la Strat\u00e9gie nationale pour l&rsquo;industrie et le renouveau consiste \u00e0 cr\u00e9er une nouvelle g\u00e9n\u00e9ration d&rsquo;entreprises industrielles hautement comp\u00e9titives et innovantes, capables de g\u00e9n\u00e9rer de nouveaux emplois, notamment pour les jeunes dipl\u00f4m\u00e9s au niveau r\u00e9gional, tout en contribuant \u00e0 la transformation \u00e9conomique de notre pays.<\/p>\n\n\n\n<p class=\"wp-block-paragraph\">Mme Ahlem B\u00e9ji Sayeb a d\u00e9clar\u00e9 que le tissu industriel dans le gouvernorat de Gab\u00e8s se caract\u00e9rise par la pr\u00e9sence de 106 \u00e9tablissements industriels, dont 26 sont enti\u00e8rement export\u00e9s et fournissent environ 7 600 emplois, notant que la r\u00e9gion se caract\u00e9rise par d\u2019importantes ressources naturelles qui contribuent \u00e0 attirer les investissements.<\/p>\n\n\n\n<p class=\"wp-block-paragraph\">A noter que le congr\u00e8s \u00ab La Diaspora tunisienne au service de la transformation et du renouveau \u00e9conomique durable \u00bb organis\u00e9 par<em> <\/em>l&rsquo;Association\u00a0des\u00a0Tunisiens\u00a0des Grandes Ecoles (ATUGE), la Conf\u00e9d\u00e9ration des Entreprises Citoyennes de Tunisie\u00a0\u00ab CONECT \u00bb, la Soci\u00e9t\u00e9\u00a0de\u00a0Gestion\u00a0du\u00a0P\u00f4le Industriel\u00a0et\u00a0Technologique\u00a0de\u00a0Gab\u00e8s, et Global network initative a repr\u00e9sent\u00e9 une opportunit\u00e9 de pr\u00e9senter les \u00e9l\u00e9ments et les opportunit\u00e9s d\u2019investissement disponibles dans le gouvernorat de Gab\u00e8s dans divers domaines de d\u00e9veloppement.<\/p>\n","protected":false},"excerpt":{"rendered":"<p>Mme Ahlem B\u00e9ji Sayeb a supervis\u00e9 ce mardi 30 juillet 2024, l&rsquo;ouverture du congr\u00e8s \u00ab\u00a0La Diaspora tunisienne au service de la transformation et du renouveau \u00e9conomiques durables\u00a0\u00bb \u00e0 Gab\u00e8s, en pr\u00e9sence du Secr\u00e9taire g\u00e9n\u00e9ral charg\u00e9 de la gestion des affaires du gouvernorat, M. Ghaleb Guellali, du Pr\u00e9sident et Directeur g\u00e9n\u00e9ral du P\u00f4le industriel et technologique [&hellip;]<\/p>\n","protected":false},"author":4,"featured_media":57054,"comment_status":"open","ping_status":"closed","sticky":false,"template":"","format":"standard","meta":{"content-type":"","jnews-multi-image_gallery":[],"jnews_single_post":{"subtitle":"","format":"standard","video":"","gallery":"","source_name":"","source_url":"","via_name":"","via_url":"","override_template":"0","override":[{"template":"1","single_blog_custom":"","parallax":"1","fullscreen":"1","layout":"right-sidebar","sidebar":"default-sidebar","second_sidebar":"default-sidebar","sticky_sidebar":"1","share_position":"top","share_float_style":"share-monocrhome","show_share_counter":"1","show_view_counter":"1","show_featured":"1","show_post_meta":"1","show_post_author":"1","show_post_author_image":"1","show_post_date":"1","post_date_format":"default","post_date_format_custom":"Y\/m\/d","show_post_category":"1","show_post_reading_time":"0","post_reading_time_wpm":"300","show_zoom_button":"0","zoom_button_out_step":"2","zoom_button_in_step":"3","show_post_tag":"1","show_prev_next_post":"1","show_popup_post":"1","number_popup_post":"1","show_author_box":"0","show_post_related":"0","show_inline_post_related":"0"}],"override_image_size":"0","image_override":[{"single_post_thumbnail_size":"crop-500","single_post_gallery_size":"crop-500"}],"trending_post":"0","trending_post_position":"meta","trending_post_label":"Trending","sponsored_post":"0","sponsored_post_label":"Sponsored by","sponsored_post_name":"","sponsored_post_url":"","sponsored_post_logo_enable":"0","sponsored_post_logo":"","sponsored_post_desc":"","disable_ad":"0"},"jnews_primary_category":{"id":"","hide":""},"jnews_override_bookmark_settings":[],"jnews_review":[],"enable_review":"","type":"","name":"","summary":"","brand":"","sku":"","good":[],"bad":[],"score_override":"","override_value":"","rating":[],"price":[],"jnews_post_split":[],"footnotes":""},"categories":[43,73],"tags":[1455,10373,12711,2329,234],"class_list":["post-57053","post","type-post","status-publish","format-standard","has-post-thumbnail","hentry","category-eco-business","category-eco","tag-congres","tag-diaspora-tunisienne","tag-etranger","tag-gabes","tag-ouverture"],"_links":{"self":[{"href":"https:\/\/www.africanchallenges.com\/index.php?rest_route=\/wp\/v2\/posts\/57053","targetHints":{"allow":["GET"]}}],"collection":[{"href":"https:\/\/www.africanchallenges.com\/index.php?rest_route=\/wp\/v2\/posts"}],"about":[{"href":"https:\/\/www.africanchallenges.com\/index.php?rest_route=\/wp\/v2\/types\/post"}],"author":[{"embeddable":true,"href":"https:\/\/www.africanchallenges.com\/index.php?rest_route=\/wp\/v2\/users\/4"}],"replies":[{"embeddable":true,"href":"https:\/\/www.africanchallenges.com\/index.php?rest_route=%2Fwp%2Fv2%2Fcomments&post=57053"}],"version-history":[{"count":7,"href":"https:\/\/www.africanchallenges.com\/index.php?rest_route=\/wp\/v2\/posts\/57053\/revisions"}],"predecessor-version":[{"id":57064,"href":"https:\/\/www.africanchallenges.com\/index.php?rest_route=\/wp\/v2\/posts\/57053\/revisions\/57064"}],"wp:featuredmedia":[{"embeddable":true,"href":"https:\/\/www.africanchallenges.com\/index.php?rest_route=\/wp\/v2\/media\/57054"}],"wp:attachment":[{"href":"https:\/\/www.africanchallenges.com\/index.php?rest_route=%2Fwp%2Fv2%2Fmedia&parent=57053"}],"wp:term":[{"taxonomy":"category","embeddable":true,"href":"https:\/\/www.africanchallenges.com\/index.php?rest_route=%2Fwp%2Fv2%2Fcategories&post=57053"},{"taxonomy":"post_tag","embeddable":true,"href":"https:\/\/www.africanchallenges.com\/index.php?rest_route=%2Fwp%2Fv2%2Ftags&post=57053"}],"curies":[{"name":"wp","href":"https:\/\/api.w.org\/{rel}","templated":true}]}}