{"id":56856,"date":"2024-07-24T17:43:29","date_gmt":"2024-07-24T16:43:29","guid":{"rendered":"https:\/\/www.africanchallenges.com\/?p=56856"},"modified":"2024-07-24T17:43:35","modified_gmt":"2024-07-24T16:43:35","slug":"tunisie-le-syndicat-national-des-journalistes-tunisiens-organise-une-journee-de-solidarite-envers-les-journalistes-emprisonnes","status":"publish","type":"post","link":"https:\/\/www.africanchallenges.com\/?p=56856","title":{"rendered":"Tunisie : Le Syndicat national des journalistes tunisiens organise une journ\u00e9e de solidarit\u00e9 envers les journalistes emprisonn\u00e9s"},"content":{"rendered":"\n<p class=\"wp-block-paragraph\">Le Syndicat national des journalistes tunisiens (SNJT) a indiqu\u00e9 dans un communiqu\u00e9 dat\u00e9 du 24 juillet 2024 que le 25 juillet 2024, \u00e0 partir de 10 heures, sera organis\u00e9e une journ\u00e9e de solidarit\u00e9 envers les journalistes emprisonn\u00e9s. <\/p>\n\n\n\n<p class=\"wp-block-paragraph\">Selon le SNJT, cette journ\u00e9e aura pour th\u00e8me : \u00ab La libert\u00e9 de la presse entre l&#8217;emprisonnement des journalistes et l&rsquo;absence de garanties d&rsquo;un proc\u00e8s \u00e9quitable \u00bb.<\/p>\n\n\n\n<p class=\"wp-block-paragraph\"> Il a \u00e9galement \u00e9t\u00e9 mentionn\u00e9 que des repr\u00e9sentants de l&rsquo;Ordre national des avocats de Tunisie, de la Ligue Tunisienne de D\u00e9fense des Droits de l&rsquo;Homme et des comit\u00e9s de d\u00e9fense seront pr\u00e9sents lors de cet \u00e9v\u00e9nement.<\/p>\n","protected":false},"excerpt":{"rendered":"<p>Le Syndicat national des journalistes tunisiens (SNJT) a indiqu\u00e9 dans un communiqu\u00e9 dat\u00e9 du 24 juillet 2024 que le 25 juillet 2024, \u00e0 partir de 10 heures, sera organis\u00e9e une journ\u00e9e de solidarit\u00e9 envers les journalistes emprisonn\u00e9s. Selon le SNJT, cette journ\u00e9e aura pour th\u00e8me : \u00ab La libert\u00e9 de la presse entre l&#8217;emprisonnement des [&hellip;]<\/p>\n","protected":false},"author":4,"featured_media":6510,"comment_status":"open","ping_status":"closed","sticky":false,"template":"","format":"standard","meta":{"content-type":"","jnews-multi-image_gallery":[],"jnews_single_post":{"subtitle":"","format":"standard","video":"","gallery":"","source_name":"","source_url":"","via_name":"","via_url":"","override_template":"0","override":[{"template":"1","single_blog_custom":"","parallax":"1","fullscreen":"1","layout":"right-sidebar","sidebar":"default-sidebar","second_sidebar":"default-sidebar","sticky_sidebar":"1","share_position":"top","share_float_style":"share-monocrhome","show_share_counter":"1","show_view_counter":"1","show_featured":"1","show_post_meta":"1","show_post_author":"1","show_post_author_image":"1","show_post_date":"1","post_date_format":"default","post_date_format_custom":"Y\/m\/d","show_post_category":"1","show_post_reading_time":"0","post_reading_time_wpm":"300","show_zoom_button":"0","zoom_button_out_step":"2","zoom_button_in_step":"3","show_post_tag":"1","show_prev_next_post":"1","show_popup_post":"1","number_popup_post":"1","show_author_box":"0","show_post_related":"0","show_inline_post_related":"0"}],"override_image_size":"0","image_override":[{"single_post_thumbnail_size":"crop-500","single_post_gallery_size":"crop-500"}],"trending_post":"0","trending_post_position":"meta","trending_post_label":"Trending","sponsored_post":"0","sponsored_post_label":"Sponsored by","sponsored_post_name":"","sponsored_post_url":"","sponsored_post_logo_enable":"0","sponsored_post_logo":"","sponsored_post_desc":"","disable_ad":"0"},"jnews_primary_category":{"id":"","hide":""},"jnews_override_bookmark_settings":[],"jnews_review":[],"enable_review":"","type":"","name":"","summary":"","brand":"","sku":"","good":[],"bad":[],"score_override":"","override_value":"","rating":[],"price":[],"jnews_post_split":[],"footnotes":""},"categories":[2],"tags":[12652,7043,6250,1205],"class_list":["post-56856","post","type-post","status-publish","format-standard","has-post-thumbnail","hentry","category-news-politique","tag-journalistes-emprisonnes","tag-journee","tag-le-syndicat-national-des-journalistes-tunisiens","tag-solidarite"],"_links":{"self":[{"href":"https:\/\/www.africanchallenges.com\/index.php?rest_route=\/wp\/v2\/posts\/56856","targetHints":{"allow":["GET"]}}],"collection":[{"href":"https:\/\/www.africanchallenges.com\/index.php?rest_route=\/wp\/v2\/posts"}],"about":[{"href":"https:\/\/www.africanchallenges.com\/index.php?rest_route=\/wp\/v2\/types\/post"}],"author":[{"embeddable":true,"href":"https:\/\/www.africanchallenges.com\/index.php?rest_route=\/wp\/v2\/users\/4"}],"replies":[{"embeddable":true,"href":"https:\/\/www.africanchallenges.com\/index.php?rest_route=%2Fwp%2Fv2%2Fcomments&post=56856"}],"version-history":[{"count":1,"href":"https:\/\/www.africanchallenges.com\/index.php?rest_route=\/wp\/v2\/posts\/56856\/revisions"}],"predecessor-version":[{"id":56857,"href":"https:\/\/www.africanchallenges.com\/index.php?rest_route=\/wp\/v2\/posts\/56856\/revisions\/56857"}],"wp:featuredmedia":[{"embeddable":true,"href":"https:\/\/www.africanchallenges.com\/index.php?rest_route=\/wp\/v2\/media\/6510"}],"wp:attachment":[{"href":"https:\/\/www.africanchallenges.com\/index.php?rest_route=%2Fwp%2Fv2%2Fmedia&parent=56856"}],"wp:term":[{"taxonomy":"category","embeddable":true,"href":"https:\/\/www.africanchallenges.com\/index.php?rest_route=%2Fwp%2Fv2%2Fcategories&post=56856"},{"taxonomy":"post_tag","embeddable":true,"href":"https:\/\/www.africanchallenges.com\/index.php?rest_route=%2Fwp%2Fv2%2Ftags&post=56856"}],"curies":[{"name":"wp","href":"https:\/\/api.w.org\/{rel}","templated":true}]}}