{"id":56802,"date":"2024-07-23T13:01:45","date_gmt":"2024-07-23T12:01:45","guid":{"rendered":"https:\/\/www.africanchallenges.com\/?p=56802"},"modified":"2024-07-23T13:04:05","modified_gmt":"2024-07-23T12:04:05","slug":"tunisie-le-president-de-la-republique-en-visite-au-barrage-de-nebhana","status":"publish","type":"post","link":"https:\/\/www.africanchallenges.com\/?p=56802","title":{"rendered":"Tunisie : Le pr\u00e9sident de la R\u00e9publique en visite au barrage de Nebhana"},"content":{"rendered":"\n<p class=\"wp-block-paragraph\">Le pr\u00e9sident de la R\u00e9publique, Ka\u00efs Sa\u00efed s&rsquo;est rendu au barrage de Nebhana dans le gouvernorat de Kairouan t\u00f4t mardi matin, selon un communiqu\u00e9 de la Pr\u00e9sidence de la R\u00e9publique.<\/p>\n\n\n\n<p class=\"wp-block-paragraph\">D&rsquo;apr\u00e8s la m\u00eame source, \u00ab\u00a0ce barrage n&rsquo;a pas \u00e9t\u00e9 entretenu depuis 1969, ce qui l&rsquo;a rendu inexploitable, en plus de la pr\u00e9sence de r\u00e9seaux criminels sur place qui endommagent les conduites d&rsquo;eau\u00a0\u00bb.<\/p>\n\n\n\n<p class=\"wp-block-paragraph\">Ensuite, le Chef de l&rsquo;\u00c9tat s&rsquo;est rendu dans la d\u00e9l\u00e9gation de Menzel Harb dans le gouvernorat de Monastir, o\u00f9 le ph\u00e9nom\u00e8ne de coupure d&rsquo;eau est en recrudescence avec les gouvernorats voisins.<\/p>\n\n\n\n<p class=\"wp-block-paragraph\">Sa\u00efed a d\u00e9clar\u00e9 que \u00ab\u00a0la coupure d&rsquo;eau de mani\u00e8re m\u00e9thodique et pr\u00e9m\u00e9dit\u00e9e constitue un crime contre le peuple et porte atteinte \u00e0 la s\u00e9curit\u00e9 nationale\u00a0\u00bb, ajoutant que \u00ab\u00a0les auteurs de ces actes criminels et ceux qui les ont ex\u00e9cut\u00e9s ne resteront pas impunis et seront sanctionn\u00e9s\u00a0\u00bb.<\/p>\n\n\n\n<p class=\"wp-block-paragraph\">Il s&rsquo;est \u00e9galement rendu mardi matin \u00e0 Grombalia (gouvernorat de Nabeul) o\u00f9 il a constat\u00e9 que \u00ab\u00a0le d\u00e9bit d&rsquo;eau dans le canal Tunis-Medjerda est normal, ce qui confirme que ce qui se passe dans certaines r\u00e9gions de la R\u00e9publique est le r\u00e9sultat d&rsquo;actions pr\u00e9m\u00e9dit\u00e9es orchestr\u00e9es par des r\u00e9seaux criminels ciblant les r\u00e9seaux de distribution d&rsquo;eau et les centrales \u00e9lectriques\u00a0\u00bb.<\/p>\n\n\n\n<p class=\"wp-block-paragraph\">Sa\u00efed a soulign\u00e9 que \u00ab\u00a0l&rsquo;\u00c9tat n&rsquo;attendra pas sans rien faire face \u00e0 ceux qui planifient et ex\u00e9cutent de tels crimes odieux, privant les citoyens de leurs droits les plus \u00e9l\u00e9mentaires, comme celui d&rsquo;acc\u00e9der \u00e0 l&rsquo;eau\u00a0\u00bb.<\/p>\n\n\n\n<p class=\"wp-block-paragraph\">Le pr\u00e9sident de la R\u00e9publique avait \u00e9galement effectu\u00e9 une visite lundi apr\u00e8s-midi dans le gouvernorat de Jendouba pour se renseigner sur la situation des ressources hydrauliques dans la r\u00e9gion.<\/p>\n\n\n\n<p class=\"wp-block-paragraph\">Le pr\u00e9sident Sa\u00efed a visit\u00e9 les barrages de \u00ab\u00a0Bouhertma\u00a0\u00bb et de \u00ab\u00a0Barbara\u00a0\u00bb o\u00f9 il a rencontr\u00e9 des responsables et de nombreux citoyens pour \u00e9couter leurs pr\u00e9occupations concernant les perturbations r\u00e9currentes dans la distribution d&rsquo;eau potable dans la r\u00e9gion.<\/p>\n\n\n\n<p class=\"wp-block-paragraph\">Il a d\u00e9clar\u00e9 qu&rsquo;il est inacceptable que les habitants de la r\u00e9gion souffrent de soif alors qu&rsquo;ils sont entour\u00e9s de barrages, accusant \u00ab\u00a0des parties\u00a0\u00bb qui se cachent derri\u00e8re ces coupures d&rsquo;eau, notamment \u00ab\u00a0durant cette p\u00e9riode\u00a0\u00bb.<\/p>\n\n\n\n<p class=\"wp-block-paragraph\">Le pr\u00e9sident de la R\u00e9publique a qualifi\u00e9 les coupures d&rsquo;eau de \u00ab\u00a0non-sens\u00a0\u00bb, surtout \u00ab\u00a0en pr\u00e9sence de barrages qui stockent de grandes quantit\u00e9s d&rsquo;eau douce\u00a0\u00bb.<\/p>\n\n\n\n<p class=\"wp-block-paragraph\">Il s&rsquo;est engag\u00e9 \u00e0 intervenir dans les plus brefs d\u00e9lais pour r\u00e9soudre cette question et \u00e0 presser les parties intervenantes \u00e0 rechercher des solutions efficaces aux dysfonctionnements enregistr\u00e9s depuis des ann\u00e9es au niveau du barrage de \u00ab\u00a0Barbara\u00a0\u00bb.<\/p>\n","protected":false},"excerpt":{"rendered":"<p>Le pr\u00e9sident de la R\u00e9publique, Ka\u00efs Sa\u00efed s&rsquo;est rendu au barrage de Nebhana dans le gouvernorat de Kairouan t\u00f4t mardi matin, selon un communiqu\u00e9 de la Pr\u00e9sidence de la R\u00e9publique. D&rsquo;apr\u00e8s la m\u00eame source, \u00ab\u00a0ce barrage n&rsquo;a pas \u00e9t\u00e9 entretenu depuis 1969, ce qui l&rsquo;a rendu inexploitable, en plus de la pr\u00e9sence de r\u00e9seaux criminels [&hellip;]<\/p>\n","protected":false},"author":4,"featured_media":56803,"comment_status":"open","ping_status":"closed","sticky":false,"template":"","format":"standard","meta":{"content-type":"","jnews-multi-image_gallery":[],"jnews_single_post":{"subtitle":"","format":"standard","video":"","gallery":"","source_name":"","source_url":"","via_name":"","via_url":"","override_template":"0","override":[{"template":"1","single_blog_custom":"","parallax":"1","fullscreen":"1","layout":"right-sidebar","sidebar":"default-sidebar","second_sidebar":"default-sidebar","sticky_sidebar":"1","share_position":"top","share_float_style":"share-monocrhome","show_share_counter":"1","show_view_counter":"1","show_featured":"1","show_post_meta":"1","show_post_author":"1","show_post_author_image":"1","show_post_date":"1","post_date_format":"default","post_date_format_custom":"Y\/m\/d","show_post_category":"1","show_post_reading_time":"0","post_reading_time_wpm":"300","show_zoom_button":"0","zoom_button_out_step":"2","zoom_button_in_step":"3","show_post_tag":"1","show_prev_next_post":"1","show_popup_post":"1","number_popup_post":"1","show_author_box":"0","show_post_related":"0","show_inline_post_related":"0"}],"override_image_size":"0","image_override":[{"single_post_thumbnail_size":"crop-500","single_post_gallery_size":"crop-500"}],"trending_post":"0","trending_post_position":"meta","trending_post_label":"Trending","sponsored_post":"0","sponsored_post_label":"Sponsored by","sponsored_post_name":"","sponsored_post_url":"","sponsored_post_logo_enable":"0","sponsored_post_logo":"","sponsored_post_desc":"","disable_ad":"0"},"jnews_primary_category":{"id":"","hide":""},"jnews_override_bookmark_settings":[],"jnews_review":[],"enable_review":"","type":"","name":"","summary":"","brand":"","sku":"","good":[],"bad":[],"score_override":"","override_value":"","rating":[],"price":[],"jnews_post_split":[],"footnotes":""},"categories":[2],"tags":[7326,3712,1190],"class_list":["post-56802","post","type-post","status-publish","format-standard","has-post-thumbnail","hentry","category-news-politique","tag-barrage","tag-kais-saied-2","tag-visite"],"_links":{"self":[{"href":"https:\/\/www.africanchallenges.com\/index.php?rest_route=\/wp\/v2\/posts\/56802","targetHints":{"allow":["GET"]}}],"collection":[{"href":"https:\/\/www.africanchallenges.com\/index.php?rest_route=\/wp\/v2\/posts"}],"about":[{"href":"https:\/\/www.africanchallenges.com\/index.php?rest_route=\/wp\/v2\/types\/post"}],"author":[{"embeddable":true,"href":"https:\/\/www.africanchallenges.com\/index.php?rest_route=\/wp\/v2\/users\/4"}],"replies":[{"embeddable":true,"href":"https:\/\/www.africanchallenges.com\/index.php?rest_route=%2Fwp%2Fv2%2Fcomments&post=56802"}],"version-history":[{"count":1,"href":"https:\/\/www.africanchallenges.com\/index.php?rest_route=\/wp\/v2\/posts\/56802\/revisions"}],"predecessor-version":[{"id":56804,"href":"https:\/\/www.africanchallenges.com\/index.php?rest_route=\/wp\/v2\/posts\/56802\/revisions\/56804"}],"wp:featuredmedia":[{"embeddable":true,"href":"https:\/\/www.africanchallenges.com\/index.php?rest_route=\/wp\/v2\/media\/56803"}],"wp:attachment":[{"href":"https:\/\/www.africanchallenges.com\/index.php?rest_route=%2Fwp%2Fv2%2Fmedia&parent=56802"}],"wp:term":[{"taxonomy":"category","embeddable":true,"href":"https:\/\/www.africanchallenges.com\/index.php?rest_route=%2Fwp%2Fv2%2Fcategories&post=56802"},{"taxonomy":"post_tag","embeddable":true,"href":"https:\/\/www.africanchallenges.com\/index.php?rest_route=%2Fwp%2Fv2%2Ftags&post=56802"}],"curies":[{"name":"wp","href":"https:\/\/api.w.org\/{rel}","templated":true}]}}