{"id":56672,"date":"2024-07-18T14:49:20","date_gmt":"2024-07-18T13:49:20","guid":{"rendered":"https:\/\/www.africanchallenges.com\/?p=56672"},"modified":"2024-07-18T14:49:25","modified_gmt":"2024-07-18T13:49:25","slug":"tunisie-le-ministre-des-affaires-etrangeres-se-reunit-avec-les-chefs-de-missions-diplomatiques-et-consulaires-pour-discuter-de-la-preparation-de-la-prochaine-election-presidentielle","status":"publish","type":"post","link":"https:\/\/www.africanchallenges.com\/?p=56672","title":{"rendered":"Tunisie : Le Ministre des Affaires \u00c9trang\u00e8res se r\u00e9unit avec les chefs de missions diplomatiques et consulaires pour discuter de la pr\u00e9paration de la prochaine \u00e9lection pr\u00e9sidentielle"},"content":{"rendered":"\n<p class=\"wp-block-paragraph\">M. Nabil Ammar, Ministre des Affaires \u00c9trang\u00e8res, de la Migration et des Tunisiens \u00e0 l\u2019\u00c9tranger, a pr\u00e9sid\u00e9, ce mercredi 17 juillet 2024, une visioconf\u00e9rence \u00e0 laquelle ont pris part les chefs de missions diplomatiques et consulaires, et qui a port\u00e9 sur les moyens d\u2019organiser, dans les meilleures conditions, la prochaine \u00e9lection pr\u00e9sidentielle.<\/p>\n\n\n\n<p class=\"wp-block-paragraph\">Dans ce contexte, M. le Ministre a soulign\u00e9 l\u2019importance de d\u00e9ployer tous les efforts n\u00e9cessaires dans l\u2019objectif de garantir la r\u00e9ussite de cette \u00e9ch\u00e9ance \u00e9lectorale importante, tout en mettant en \u0153uvre tous les moyens administratifs et logistiques, et ce afin d\u2019assurer le bon d\u00e9roulement de l\u2019\u00e9lection dans une impartialit\u00e9 totale.<\/p>\n\n\n\n<p class=\"wp-block-paragraph\">M. le Ministre a \u00e9galement mis l\u2019accent sur la n\u00e9cessit\u00e9 de mettre en valeur les efforts d\u00e9ploy\u00e9s \u00e0 cet effet et clarifier les responsabilit\u00e9s de tous les intervenants.<\/p>\n\n\n\n<p class=\"wp-block-paragraph\">D\u2019un autre c\u00f4t\u00e9, il a appel\u00e9 les chefs de missions diplomatiques et consulaires \u00e0 finaliser les d\u00e9marches n\u00e9cessaires, entreprises aupr\u00e8s des pays d\u2019accr\u00e9ditation en vue d\u2019obtenir les approbations officielles relatives \u00e0 l\u2019ouverture des bureaux de vote, et ce dans les plus brefs d\u00e9lais possibles, tout en rapprochant ces bureaux des citoyens tunisiens dans la mesure du possible.<\/p>\n\n\n\n<p class=\"wp-block-paragraph\">M. le Ministre a \u00e9galement insist\u00e9 sur l\u2019importance d\u2019une coordination compl\u00e8te avec l\u2019Instance Sup\u00e9rieure Ind\u00e9pendante pour les \u00c9lections (ISIE) et avec ses diff\u00e9rentes branches \u00e0 l\u2019\u00e9tranger, dans le cadre des comp\u00e9tences respectives de chaque partie, dans le but de faciliter leurs missions et de permettre aux ressortissants tunisiens \u00e0 l\u2019\u00e9tranger d\u2019exercer leur devoir \u00e9lectoral dans les meilleures conditions possibles.<\/p>\n","protected":false},"excerpt":{"rendered":"<p>M. Nabil Ammar, Ministre des Affaires \u00c9trang\u00e8res, de la Migration et des Tunisiens \u00e0 l\u2019\u00c9tranger, a pr\u00e9sid\u00e9, ce mercredi 17 juillet 2024, une visioconf\u00e9rence \u00e0 laquelle ont pris part les chefs de missions diplomatiques et consulaires, et qui a port\u00e9 sur les moyens d\u2019organiser, dans les meilleures conditions, la prochaine \u00e9lection pr\u00e9sidentielle. Dans ce contexte, [&hellip;]<\/p>\n","protected":false},"author":4,"featured_media":56673,"comment_status":"open","ping_status":"closed","sticky":false,"template":"","format":"standard","meta":{"content-type":"","jnews-multi-image_gallery":[],"jnews_single_post":{"subtitle":"","format":"standard","video":"","gallery":"","source_name":"","source_url":"","via_name":"","via_url":"","override_template":"0","override":[{"template":"1","single_blog_custom":"","parallax":"1","fullscreen":"1","layout":"right-sidebar","sidebar":"default-sidebar","second_sidebar":"default-sidebar","sticky_sidebar":"1","share_position":"top","share_float_style":"share-monocrhome","show_share_counter":"1","show_view_counter":"1","show_featured":"1","show_post_meta":"1","show_post_author":"1","show_post_author_image":"1","show_post_date":"1","post_date_format":"default","post_date_format_custom":"Y\/m\/d","show_post_category":"1","show_post_reading_time":"0","post_reading_time_wpm":"300","show_zoom_button":"0","zoom_button_out_step":"2","zoom_button_in_step":"3","show_post_tag":"1","show_prev_next_post":"1","show_popup_post":"1","number_popup_post":"1","show_author_box":"0","show_post_related":"0","show_inline_post_related":"0"}],"override_image_size":"0","image_override":[{"single_post_thumbnail_size":"crop-500","single_post_gallery_size":"crop-500"}],"trending_post":"0","trending_post_position":"meta","trending_post_label":"Trending","sponsored_post":"0","sponsored_post_label":"Sponsored by","sponsored_post_name":"","sponsored_post_url":"","sponsored_post_logo_enable":"0","sponsored_post_logo":"","sponsored_post_desc":"","disable_ad":"0"},"jnews_primary_category":{"id":"","hide":""},"jnews_override_bookmark_settings":[],"jnews_review":[],"enable_review":"","type":"","name":"","summary":"","brand":"","sku":"","good":[],"bad":[],"score_override":"","override_value":"","rating":[],"price":[],"jnews_post_split":[],"footnotes":""},"categories":[2],"tags":[12616,2578,9906],"class_list":["post-56672","post","type-post","status-publish","format-standard","has-post-thumbnail","hentry","category-news-politique","tag-chefs-de-missions-diplomatiques-et-consulaires","tag-election-presidentielle","tag-nabil-ammar"],"_links":{"self":[{"href":"https:\/\/www.africanchallenges.com\/index.php?rest_route=\/wp\/v2\/posts\/56672","targetHints":{"allow":["GET"]}}],"collection":[{"href":"https:\/\/www.africanchallenges.com\/index.php?rest_route=\/wp\/v2\/posts"}],"about":[{"href":"https:\/\/www.africanchallenges.com\/index.php?rest_route=\/wp\/v2\/types\/post"}],"author":[{"embeddable":true,"href":"https:\/\/www.africanchallenges.com\/index.php?rest_route=\/wp\/v2\/users\/4"}],"replies":[{"embeddable":true,"href":"https:\/\/www.africanchallenges.com\/index.php?rest_route=%2Fwp%2Fv2%2Fcomments&post=56672"}],"version-history":[{"count":1,"href":"https:\/\/www.africanchallenges.com\/index.php?rest_route=\/wp\/v2\/posts\/56672\/revisions"}],"predecessor-version":[{"id":56674,"href":"https:\/\/www.africanchallenges.com\/index.php?rest_route=\/wp\/v2\/posts\/56672\/revisions\/56674"}],"wp:featuredmedia":[{"embeddable":true,"href":"https:\/\/www.africanchallenges.com\/index.php?rest_route=\/wp\/v2\/media\/56673"}],"wp:attachment":[{"href":"https:\/\/www.africanchallenges.com\/index.php?rest_route=%2Fwp%2Fv2%2Fmedia&parent=56672"}],"wp:term":[{"taxonomy":"category","embeddable":true,"href":"https:\/\/www.africanchallenges.com\/index.php?rest_route=%2Fwp%2Fv2%2Fcategories&post=56672"},{"taxonomy":"post_tag","embeddable":true,"href":"https:\/\/www.africanchallenges.com\/index.php?rest_route=%2Fwp%2Fv2%2Ftags&post=56672"}],"curies":[{"name":"wp","href":"https:\/\/api.w.org\/{rel}","templated":true}]}}