{"id":56621,"date":"2024-07-16T00:50:13","date_gmt":"2024-07-15T23:50:13","guid":{"rendered":"https:\/\/www.africanchallenges.com\/?p=56621"},"modified":"2024-07-16T00:51:06","modified_gmt":"2024-07-15T23:51:06","slug":"tunisie-remise-des-diplomes-de-la-46e-session-de-lecole-detat-major","status":"publish","type":"post","link":"https:\/\/www.africanchallenges.com\/?p=56621","title":{"rendered":"Tunisie : Remise des dipl\u00f4mes de la 46e session de l\u2019\u00c9cole d\u2019\u00c9tat-Major"},"content":{"rendered":"\n<p class=\"wp-block-paragraph\">Le 12 juillet 2024, M. Imed Memmich, ministre de la D\u00e9fense nationale, a pr\u00e9sid\u00e9 la c\u00e9r\u00e9monie de remise des dipl\u00f4mes de la 46e session de l\u2019\u00c9cole d\u2019\u00c9tat-Major. Il a salu\u00e9 les officiers de l\u2019arm\u00e9e nationale et les \u00e9trangers des pays fr\u00e8res et amis pour leur r\u00e9ussite, leur adressant ses v\u0153ux de r\u00e9ussite et de brillance pour la suite de leur carri\u00e8re.<\/p>\n\n\n\n<p class=\"wp-block-paragraph\">Il a \u00e9galement exprim\u00e9 sa satisfaction quant aux r\u00e9sultats remarquables obtenus par l\u2019\u00c9cole d&rsquo;\u00c9tat-Major, saluant les efforts d\u00e9ploy\u00e9s par l&rsquo;\u00e9tat-major des arm\u00e9es, les int\u00e9r\u00eats communs, les cadres et les enseignants de l&rsquo;\u00e9cole pour am\u00e9liorer les conditions de formation et d\u00e9velopper des programmes \u00e9ducatifs afin de suivre le rythme des d\u00e9veloppements rapides dans le domaine.<\/p>\n\n\n\n<p class=\"wp-block-paragraph\">Il a mis en avant l&rsquo;importance de la formation au sein de l&rsquo;arm\u00e9e nationale en g\u00e9n\u00e9ral, et plus sp\u00e9cifiquement au sein de l&rsquo;\u00e9cole d&rsquo;\u00e9tat-major, qui repose principalement sur la pr\u00e9paration du cadre militaire le plus ad\u00e9quat afin de lui permettre d&rsquo;assumer ses fonctions au sein des unit\u00e9s, des d\u00e9partements ou du personnel de mani\u00e8re efficace, responsable et avec un fort sentiment patriotique pour mener \u00e0 bien sa mission sacr\u00e9e au service de la patrie et de la nation. <\/p>\n\n\n\n<p class=\"wp-block-paragraph\">Il a soulign\u00e9 la n\u00e9cessit\u00e9 pour les officiers en formation de se sp\u00e9cialiser dans divers domaines et de recevoir une formation approfondie sur les techniques d&rsquo;\u00e9tat-major et la gestion des op\u00e9rations, ainsi que sur l&rsquo;utilisation des armes et des \u00e9quipements, afin de renforcer leurs comp\u00e9tences, de les adapter et d&rsquo;am\u00e9liorer leurs performances pour suivre l&rsquo;\u00e9volution scientifique dans les domaines techniques et militaires.<\/p>\n","protected":false},"excerpt":{"rendered":"<p>Le 12 juillet 2024, M. Imed Memmich, ministre de la D\u00e9fense nationale, a pr\u00e9sid\u00e9 la c\u00e9r\u00e9monie de remise des dipl\u00f4mes de la 46e session de l\u2019\u00c9cole d\u2019\u00c9tat-Major. Il a salu\u00e9 les officiers de l\u2019arm\u00e9e nationale et les \u00e9trangers des pays fr\u00e8res et amis pour leur r\u00e9ussite, leur adressant ses v\u0153ux de r\u00e9ussite et de brillance [&hellip;]<\/p>\n","protected":false},"author":4,"featured_media":56622,"comment_status":"open","ping_status":"closed","sticky":false,"template":"","format":"standard","meta":{"content-type":"","jnews-multi-image_gallery":[],"jnews_single_post":{"subtitle":"","format":"standard","video":"","gallery":"","source_name":"","source_url":"","via_name":"","via_url":"","override_template":"0","override":[{"template":"1","single_blog_custom":"","parallax":"1","fullscreen":"1","layout":"right-sidebar","sidebar":"default-sidebar","second_sidebar":"default-sidebar","sticky_sidebar":"1","share_position":"top","share_float_style":"share-monocrhome","show_share_counter":"1","show_view_counter":"1","show_featured":"1","show_post_meta":"1","show_post_author":"1","show_post_author_image":"1","show_post_date":"1","post_date_format":"default","post_date_format_custom":"Y\/m\/d","show_post_category":"1","show_post_reading_time":"0","post_reading_time_wpm":"300","show_zoom_button":"0","zoom_button_out_step":"2","zoom_button_in_step":"3","show_post_tag":"1","show_prev_next_post":"1","show_popup_post":"1","number_popup_post":"1","show_author_box":"0","show_post_related":"0","show_inline_post_related":"0"}],"override_image_size":"0","image_override":[{"single_post_thumbnail_size":"crop-500","single_post_gallery_size":"crop-500"}],"trending_post":"0","trending_post_position":"meta","trending_post_label":"Trending","sponsored_post":"0","sponsored_post_label":"Sponsored by","sponsored_post_name":"","sponsored_post_url":"","sponsored_post_logo_enable":"0","sponsored_post_logo":"","sponsored_post_desc":"","disable_ad":"0"},"jnews_primary_category":{"id":"","hide":""},"jnews_override_bookmark_settings":[],"jnews_review":[],"enable_review":"","type":"","name":"","summary":"","brand":"","sku":"","good":[],"bad":[],"score_override":"","override_value":"","rating":[],"price":[],"jnews_post_split":[],"footnotes":""},"categories":[2],"tags":[3298,8736,1786,12601],"class_list":["post-56621","post","type-post","status-publish","format-standard","has-post-thumbnail","hentry","category-news-politique","tag-diplomes","tag-imed-memmich","tag-remise","tag-tunisie-remise-des-diplomes-de-la-46e-session-de-lecole-detat-major"],"_links":{"self":[{"href":"https:\/\/www.africanchallenges.com\/index.php?rest_route=\/wp\/v2\/posts\/56621","targetHints":{"allow":["GET"]}}],"collection":[{"href":"https:\/\/www.africanchallenges.com\/index.php?rest_route=\/wp\/v2\/posts"}],"about":[{"href":"https:\/\/www.africanchallenges.com\/index.php?rest_route=\/wp\/v2\/types\/post"}],"author":[{"embeddable":true,"href":"https:\/\/www.africanchallenges.com\/index.php?rest_route=\/wp\/v2\/users\/4"}],"replies":[{"embeddable":true,"href":"https:\/\/www.africanchallenges.com\/index.php?rest_route=%2Fwp%2Fv2%2Fcomments&post=56621"}],"version-history":[{"count":1,"href":"https:\/\/www.africanchallenges.com\/index.php?rest_route=\/wp\/v2\/posts\/56621\/revisions"}],"predecessor-version":[{"id":56623,"href":"https:\/\/www.africanchallenges.com\/index.php?rest_route=\/wp\/v2\/posts\/56621\/revisions\/56623"}],"wp:featuredmedia":[{"embeddable":true,"href":"https:\/\/www.africanchallenges.com\/index.php?rest_route=\/wp\/v2\/media\/56622"}],"wp:attachment":[{"href":"https:\/\/www.africanchallenges.com\/index.php?rest_route=%2Fwp%2Fv2%2Fmedia&parent=56621"}],"wp:term":[{"taxonomy":"category","embeddable":true,"href":"https:\/\/www.africanchallenges.com\/index.php?rest_route=%2Fwp%2Fv2%2Fcategories&post=56621"},{"taxonomy":"post_tag","embeddable":true,"href":"https:\/\/www.africanchallenges.com\/index.php?rest_route=%2Fwp%2Fv2%2Ftags&post=56621"}],"curies":[{"name":"wp","href":"https:\/\/api.w.org\/{rel}","templated":true}]}}