{"id":56610,"date":"2024-07-15T23:54:01","date_gmt":"2024-07-15T22:54:01","guid":{"rendered":"https:\/\/www.africanchallenges.com\/?p=56610"},"modified":"2024-07-16T00:00:14","modified_gmt":"2024-07-15T23:00:14","slug":"tuniise-le-ministre-de-la-defense-nationale-preside-la-ceremonie-de-remise-des-diplomes-de-la-nouvelle-promotion-dofficiers-de-lecole-de-laviation-de-borj-el-amri","status":"publish","type":"post","link":"https:\/\/www.africanchallenges.com\/?p=56610","title":{"rendered":"Tunisie : Le ministre de la D\u00e9fense nationale pr\u00e9side la c\u00e9r\u00e9monie de remise des dipl\u00f4mes de la nouvelle promotion d\u2019officiers de l\u2019\u00e9cole de l&rsquo;aviation de Borj El Amri"},"content":{"rendered":"\n<p class=\"wp-block-paragraph\">Le 11 juillet 2024, \u00e0 l\u2019\u00e9cole d\u2019aviation de Borj El Amri, le ministre de la D\u00e9fense nationale, M. Imed Memmich, a pr\u00e9sid\u00e9 la c\u00e9r\u00e9monie de remise des dipl\u00f4mes de la nouvelle promotion d\u2019officiers de l\u2019\u00e9cole, session \u00ab Taher Safar \u00bb. Il leur a remis les insignes de grade en pr\u00e9sence du ministre de l\u2019Enseignement sup\u00e9rieur et de la Recherche scientifique, des membres du Conseil supr\u00eame des arm\u00e9es et d&rsquo;un groupe de hauts cadres du minist\u00e8re du Transport et du minist\u00e8re de la D\u00e9fense nationale.<\/p>\n\n\n\n<p class=\"wp-block-paragraph\">Au cours d\u2019un discours prononc\u00e9 \u00e0 cette occasion, il a adress\u00e9 ses f\u00e9licitations aux r\u00e9cents dipl\u00f4m\u00e9s officiers, exprimant sa gratitude envers les enseignants, les superviseurs militaires et les responsables de l&rsquo;\u00c9cole d&rsquo;aviation de Borj El Amri pour leur pr\u00e9cieuse contribution aux excellents r\u00e9sultats obtenus au cours de cette ann\u00e9e acad\u00e9mique marqu\u00e9e par le d\u00e9vouement et la pers\u00e9v\u00e9rance.<\/p>\n\n\n\n<p class=\"wp-block-paragraph\">Le ministre de la D\u00e9fense nationale a exprim\u00e9 son soutien au renforcement des liens de coop\u00e9ration entre le minist\u00e8re de la D\u00e9fense nationale et les minist\u00e8res du Transport, de l&rsquo;Enseignement sup\u00e9rieur et de la Recherche scientifique. Il a salu\u00e9 la coordination \u00e9troite entre l&rsquo;\u00e9cole et les structures et institutions nationales des deux minist\u00e8res, en particulier dans le domaine de l&rsquo;\u00e9change d&rsquo;enseignants, de la mise \u00e0 jour des programmes, de la finalisation des projets pour tirer des le\u00e7ons et de l&rsquo;organisation de forums scientifiques communs. De plus, il a soulign\u00e9 l&rsquo;importance de poursuivre les efforts pour suivre le rythme des technologies de pointe dans les domaines de l&rsquo;aviation et de la recherche spatiale, de la robotique et de l&rsquo;ing\u00e9nierie de l&rsquo;intelligence artificielle, dans le cadre d&rsquo;une approche nationale et participative r\u00e9unissant les acteurs du domaine et unissant leurs efforts.<\/p>\n\n\n\n<p class=\"wp-block-paragraph\"> L&rsquo;\u00c9cole d&rsquo;aviation de Borj El Amri a investi, tout comme d&rsquo;autres institutions d&rsquo;enseignement et de formation militaire, dans la modernisation des domaines de formation afin de pr\u00e9parer un groupe d&rsquo;officiers poss\u00e9dant une solide base de connaissances et de comp\u00e9tences, impr\u00e9gn\u00e9s des valeurs de patriotisme et d&rsquo;altruisme, jusqu&rsquo;\u00e0 devenir des officiers capables de ma\u00eetriser et d&rsquo;adapter les technologies de pointe et de suivre le rythme des acquisitions modernes de l&rsquo;arm\u00e9e de l&rsquo;air. Il a salu\u00e9 leur engagement envers les principes du leadership militaire moderne, leur conf\u00e9rant ainsi le droit d&rsquo;assumer des responsabilit\u00e9s dans divers domaines, de contribuer \u00e0 la d\u00e9fense de la patrie, de prot\u00e9ger les acquis de son peuple et de participer \u00e0 son processus de d\u00e9veloppement, tout en \u00e9levant le statut de la Tunisie parmi les nations.<\/p>\n\n\n\n<p class=\"wp-block-paragraph\">Le ministre de la D\u00e9fense nationale a examin\u00e9 les projets de fin d&rsquo;\u00e9tudes des officiers et a assist\u00e9 \u00e0 un d\u00e9fil\u00e9 militaire terrestre et a\u00e9rien r\u00e9alis\u00e9 par des officiers et des \u00e9tudiants de l&rsquo;\u00e9cole d&rsquo;aviation de Borj El Amri.<\/p>\n\n\n\n<p class=\"wp-block-paragraph\"><strong>vid\u00e9o :<\/strong> <a href=\"https:\/\/defense.tn\/%d8%a7%d8%ae%d8%aa%d8%aa%d8%a7%d9%85-%d8%a7%d9%84%d8%b3%d9%86%d8%a9-%d8%a7%d9%84%d8%ac%d8%a7%d9%85%d8%b9%d9%8a%d8%a9-2023-2024-%d8%a8%d9%85%d8%af%d8%b1%d8%b3%d8%a9-%d8%a7%d9%84%d8%b7%d9%8a%d8%b1%d8%a7\">https:\/\/defense.tn\/%d8%a7%d8%ae%d8%aa%d8%aa%d8%a7%d9%85-%d8%a7%d9%84%d8%b3%d9%86%d8%a9-%d8%a7%d9%84%d8%ac%d8%a7%d9%85%d8%b9%d9%8a%d8%a9-2023-2024-%d8%a8%d9%85%d8%af%d8%b1%d8%b3%d8%a9-%d8%a7%d9%84%d8%b7%d9%8a%d8%b1%d8%a7<\/a><\/p>\n","protected":false},"excerpt":{"rendered":"<p>Le 11 juillet 2024, \u00e0 l\u2019\u00e9cole d\u2019aviation de Borj El Amri, le ministre de la D\u00e9fense nationale, M. Imed Memmich, a pr\u00e9sid\u00e9 la c\u00e9r\u00e9monie de remise des dipl\u00f4mes de la nouvelle promotion d\u2019officiers de l\u2019\u00e9cole, session \u00ab Taher Safar \u00bb. Il leur a remis les insignes de grade en pr\u00e9sence du ministre de l\u2019Enseignement sup\u00e9rieur [&hellip;]<\/p>\n","protected":false},"author":4,"featured_media":56611,"comment_status":"open","ping_status":"closed","sticky":false,"template":"","format":"standard","meta":{"content-type":"","jnews-multi-image_gallery":[],"jnews_single_post":{"subtitle":"","format":"standard","video":"","gallery":"","source_name":"","source_url":"","via_name":"","via_url":"","override_template":"0","override":[{"template":"1","single_blog_custom":"","parallax":"1","fullscreen":"1","layout":"right-sidebar","sidebar":"default-sidebar","second_sidebar":"default-sidebar","sticky_sidebar":"1","share_position":"top","share_float_style":"share-monocrhome","show_share_counter":"1","show_view_counter":"1","show_featured":"1","show_post_meta":"1","show_post_author":"1","show_post_author_image":"1","show_post_date":"1","post_date_format":"default","post_date_format_custom":"Y\/m\/d","show_post_category":"1","show_post_reading_time":"0","post_reading_time_wpm":"300","show_zoom_button":"0","zoom_button_out_step":"2","zoom_button_in_step":"3","show_post_tag":"1","show_prev_next_post":"1","show_popup_post":"1","number_popup_post":"1","show_author_box":"0","show_post_related":"0","show_inline_post_related":"0"}],"override_image_size":"0","image_override":[{"single_post_thumbnail_size":"crop-500","single_post_gallery_size":"crop-500"}],"trending_post":"0","trending_post_position":"meta","trending_post_label":"Trending","sponsored_post":"0","sponsored_post_label":"Sponsored by","sponsored_post_name":"","sponsored_post_url":"","sponsored_post_logo_enable":"0","sponsored_post_logo":"","sponsored_post_desc":"","disable_ad":"0"},"jnews_primary_category":{"id":"","hide":""},"jnews_override_bookmark_settings":[],"jnews_review":[],"enable_review":"","type":"","name":"","summary":"","brand":"","sku":"","good":[],"bad":[],"score_override":"","override_value":"","rating":[],"price":[],"jnews_post_split":[],"footnotes":""},"categories":[2],"tags":[229,3298,8736,12600],"class_list":["post-56610","post","type-post","status-publish","format-standard","has-post-thumbnail","hentry","category-news-politique","tag-ceremonie","tag-diplomes","tag-imed-memmich","tag-lecole-daviation-de-borj-el-amri"],"_links":{"self":[{"href":"https:\/\/www.africanchallenges.com\/index.php?rest_route=\/wp\/v2\/posts\/56610","targetHints":{"allow":["GET"]}}],"collection":[{"href":"https:\/\/www.africanchallenges.com\/index.php?rest_route=\/wp\/v2\/posts"}],"about":[{"href":"https:\/\/www.africanchallenges.com\/index.php?rest_route=\/wp\/v2\/types\/post"}],"author":[{"embeddable":true,"href":"https:\/\/www.africanchallenges.com\/index.php?rest_route=\/wp\/v2\/users\/4"}],"replies":[{"embeddable":true,"href":"https:\/\/www.africanchallenges.com\/index.php?rest_route=%2Fwp%2Fv2%2Fcomments&post=56610"}],"version-history":[{"count":6,"href":"https:\/\/www.africanchallenges.com\/index.php?rest_route=\/wp\/v2\/posts\/56610\/revisions"}],"predecessor-version":[{"id":56620,"href":"https:\/\/www.africanchallenges.com\/index.php?rest_route=\/wp\/v2\/posts\/56610\/revisions\/56620"}],"wp:featuredmedia":[{"embeddable":true,"href":"https:\/\/www.africanchallenges.com\/index.php?rest_route=\/wp\/v2\/media\/56611"}],"wp:attachment":[{"href":"https:\/\/www.africanchallenges.com\/index.php?rest_route=%2Fwp%2Fv2%2Fmedia&parent=56610"}],"wp:term":[{"taxonomy":"category","embeddable":true,"href":"https:\/\/www.africanchallenges.com\/index.php?rest_route=%2Fwp%2Fv2%2Fcategories&post=56610"},{"taxonomy":"post_tag","embeddable":true,"href":"https:\/\/www.africanchallenges.com\/index.php?rest_route=%2Fwp%2Fv2%2Ftags&post=56610"}],"curies":[{"name":"wp","href":"https:\/\/api.w.org\/{rel}","templated":true}]}}