{"id":56582,"date":"2024-07-11T01:11:10","date_gmt":"2024-07-11T00:11:10","guid":{"rendered":"https:\/\/www.africanchallenges.com\/?p=56582"},"modified":"2024-07-11T01:15:02","modified_gmt":"2024-07-11T00:15:02","slug":"tunisie-ceremonie-de-remise-des-diplomes-de-la-28eme-session-de-lecole-superieure-de-guerre","status":"publish","type":"post","link":"https:\/\/www.africanchallenges.com\/?p=56582","title":{"rendered":"Tunisie\u00a0: C\u00e9r\u00e9monie de remise des dipl\u00f4mes de la 28\u00e8me session de l\u2019Ecole Sup\u00e9rieure de Guerre"},"content":{"rendered":"\n<p class=\"wp-block-paragraph\">Le ministre de la D\u00e9fense nationale, M. Imed Memmich, a pr\u00e9sid\u00e9 le mercredi 10 juillet 2024, la c\u00e9r\u00e9monie de remise des dipl\u00f4mes de la 28\u00e8me session de l\u2019Ecole Sup\u00e9rieure Militaire. Il \u00e9tait accompagn\u00e9 des membres du Conseil supr\u00eame des arm\u00e9es, des ambassadeurs et charg\u00e9s d\u2019affaires de pays fr\u00e8res et amis, ainsi que des hauts cadres militaires et civils du minist\u00e8re.<\/p>\n\n\n\n<p class=\"wp-block-paragraph\">Le ministre de la D\u00e9fense nationale a exprim\u00e9 ses f\u00e9licitations aux officiers dipl\u00f4m\u00e9s de l\u2019arm\u00e9e nationale pour l\u2019obtention du certificat de l\u2019\u00c9cole militaire sup\u00e9rieure, ainsi qu&rsquo;aux officiers \u00e9trangers des pays fr\u00e8res et amis. Il leur a souhait\u00e9 \u00e0 tous davantage de succ\u00e8s dans la poursuite de leur carri\u00e8re et dans l&rsquo;accomplissement des t\u00e2ches et responsabilit\u00e9s qui leur seront confi\u00e9es. En cette occasion, il a \u00e9galement salu\u00e9 le soutien continu apport\u00e9 par cette ancienne institution  par les Etats Majors des trois arm\u00e9es et les services interarm\u00e9es pour remplir son r\u00f4le de formation dans les meilleures conditions. Il a soulign\u00e9 les efforts d\u00e9ploy\u00e9s par tous ses cadres afin de promouvoir son rayonnement \u00e0 l\u2019int\u00e9rieur et \u00e0 l\u2019ext\u00e9rieur du pays, notant dans ce contexte l\u2019ouverture de l\u2019\u00e9cole \u00e0 son environnement arabe, africain et r\u00e9gional \u00e0 travers la conclusion d\u2019accords de partenariat et de m\u00e9morandums d\u2019accord. Cela a fait de notre pays une destination pris\u00e9e pour les officiers des \u00e9coles militaires sup\u00e9rieures, gr\u00e2ce \u00e0 la grande confiance acquise par nos comp\u00e9tences militaires tunisiennes dans de nombreux pays.<\/p>\n\n\n\n<p class=\"wp-block-paragraph\">Le ministre de la D\u00e9fense nationale a \u00e9galement exprim\u00e9 la n\u00e9cessit\u00e9 de revoir la structure organisationnelle de l&rsquo;\u00c9cole militaire sup\u00e9rieure afin de s&rsquo;aligner avec la strat\u00e9gie du minist\u00e8re pour la prochaine d\u00e9cennie. Cela permettra de r\u00e9pondre aux normes internationales en mati\u00e8re d&rsquo;enseignement sup\u00e9rieur militaire et d&rsquo;\u00e9tablir un syst\u00e8me de qualit\u00e9 favorisant l&rsquo;atteinte des objectifs p\u00e9dagogiques fix\u00e9s pour la formation. Il a soulign\u00e9 l&rsquo;importance de l&rsquo;ouverture de l&rsquo;\u00e9cole \u00e0 son environnement acad\u00e9mique et universitaire, tant au niveau national qu&rsquo;international, ainsi que l&rsquo;adoption de la digitalisation pour faciliter l&rsquo;interaction et la communication p\u00e9dagogique entre les cadres de formation et les officiers en formation, approfondir la recherche et contribuer au d\u00e9veloppement du travail acad\u00e9mique.<\/p>\n","protected":false},"excerpt":{"rendered":"<p>Le ministre de la D\u00e9fense nationale, M. Imed Memmich, a pr\u00e9sid\u00e9 le mercredi 10 juillet 2024, la c\u00e9r\u00e9monie de remise des dipl\u00f4mes de la 28\u00e8me session de l\u2019Ecole Sup\u00e9rieure Militaire. Il \u00e9tait accompagn\u00e9 des membres du Conseil supr\u00eame des arm\u00e9es, des ambassadeurs et charg\u00e9s d\u2019affaires de pays fr\u00e8res et amis, ainsi que des hauts cadres [&hellip;]<\/p>\n","protected":false},"author":4,"featured_media":56583,"comment_status":"open","ping_status":"closed","sticky":false,"template":"","format":"standard","meta":{"content-type":"","jnews-multi-image_gallery":[],"jnews_single_post":{"subtitle":"","format":"standard","video":"","gallery":"","source_name":"","source_url":"","via_name":"","via_url":"","override_template":"0","override":[{"template":"1","single_blog_custom":"","parallax":"1","fullscreen":"1","layout":"right-sidebar","sidebar":"default-sidebar","second_sidebar":"default-sidebar","sticky_sidebar":"1","share_position":"top","share_float_style":"share-monocrhome","show_share_counter":"1","show_view_counter":"1","show_featured":"1","show_post_meta":"1","show_post_author":"1","show_post_author_image":"1","show_post_date":"1","post_date_format":"default","post_date_format_custom":"Y\/m\/d","show_post_category":"1","show_post_reading_time":"0","post_reading_time_wpm":"300","show_zoom_button":"0","zoom_button_out_step":"2","zoom_button_in_step":"3","show_post_tag":"1","show_prev_next_post":"1","show_popup_post":"1","number_popup_post":"1","show_author_box":"0","show_post_related":"0","show_inline_post_related":"0"}],"override_image_size":"0","image_override":[{"single_post_thumbnail_size":"crop-500","single_post_gallery_size":"crop-500"}],"trending_post":"0","trending_post_position":"meta","trending_post_label":"Trending","sponsored_post":"0","sponsored_post_label":"Sponsored by","sponsored_post_name":"","sponsored_post_url":"","sponsored_post_logo_enable":"0","sponsored_post_logo":"","sponsored_post_desc":"","disable_ad":"0"},"jnews_primary_category":{"id":"","hide":""},"jnews_override_bookmark_settings":[],"jnews_review":[],"enable_review":"","type":"","name":"","summary":"","brand":"","sku":"","good":[],"bad":[],"score_override":"","override_value":"","rating":[],"price":[],"jnews_post_split":[],"footnotes":""},"categories":[2],"tags":[229,3298,12594,1786],"class_list":["post-56582","post","type-post","status-publish","format-standard","has-post-thumbnail","hentry","category-news-politique","tag-ceremonie","tag-diplomes","tag-lecole-superieure-de-guerre","tag-remise"],"_links":{"self":[{"href":"https:\/\/www.africanchallenges.com\/index.php?rest_route=\/wp\/v2\/posts\/56582","targetHints":{"allow":["GET"]}}],"collection":[{"href":"https:\/\/www.africanchallenges.com\/index.php?rest_route=\/wp\/v2\/posts"}],"about":[{"href":"https:\/\/www.africanchallenges.com\/index.php?rest_route=\/wp\/v2\/types\/post"}],"author":[{"embeddable":true,"href":"https:\/\/www.africanchallenges.com\/index.php?rest_route=\/wp\/v2\/users\/4"}],"replies":[{"embeddable":true,"href":"https:\/\/www.africanchallenges.com\/index.php?rest_route=%2Fwp%2Fv2%2Fcomments&post=56582"}],"version-history":[{"count":2,"href":"https:\/\/www.africanchallenges.com\/index.php?rest_route=\/wp\/v2\/posts\/56582\/revisions"}],"predecessor-version":[{"id":56585,"href":"https:\/\/www.africanchallenges.com\/index.php?rest_route=\/wp\/v2\/posts\/56582\/revisions\/56585"}],"wp:featuredmedia":[{"embeddable":true,"href":"https:\/\/www.africanchallenges.com\/index.php?rest_route=\/wp\/v2\/media\/56583"}],"wp:attachment":[{"href":"https:\/\/www.africanchallenges.com\/index.php?rest_route=%2Fwp%2Fv2%2Fmedia&parent=56582"}],"wp:term":[{"taxonomy":"category","embeddable":true,"href":"https:\/\/www.africanchallenges.com\/index.php?rest_route=%2Fwp%2Fv2%2Fcategories&post=56582"},{"taxonomy":"post_tag","embeddable":true,"href":"https:\/\/www.africanchallenges.com\/index.php?rest_route=%2Fwp%2Fv2%2Ftags&post=56582"}],"curies":[{"name":"wp","href":"https:\/\/api.w.org\/{rel}","templated":true}]}}