{"id":56545,"date":"2024-07-10T21:24:59","date_gmt":"2024-07-10T20:24:59","guid":{"rendered":"https:\/\/www.africanchallenges.com\/?p=56545"},"modified":"2024-07-10T21:25:38","modified_gmt":"2024-07-10T20:25:38","slug":"la-france-exprime-sa-vive-preoccupation-concernant-les-frappes-israeliennes-contre-des-ecoles-abritant-des-deplaces-a-gaza","status":"publish","type":"post","link":"https:\/\/www.africanchallenges.com\/?p=56545","title":{"rendered":"La France exprime sa vive pr\u00e9occupation concernant les frappes isra\u00e9liennes contre des \u00e9coles abritant des d\u00e9plac\u00e9s \u00e0 Gaza"},"content":{"rendered":"\n<p class=\"wp-block-paragraph\">\u00ab&nbsp;La France exprime sa vive pr\u00e9occupation concernant les informations faisant \u00e9tat de plusieurs frappes isra\u00e9liennes contre des \u00e9coles abritant des d\u00e9plac\u00e9s \u00e0 Gaza, dont une \u00e9cole de l\u2019UNRWA et une \u00e9cole rattach\u00e9e au Patriarcat latin de J\u00e9rusalem. La frappe men\u00e9e hier sur l\u2019\u00e9cole Al-Awda, et qui a fait plusieurs morts, est la troisi\u00e8me ciblant une \u00e9cole de d\u00e9plac\u00e9s depuis samedi dernier. Nous appelons \u00e0 ce que toute la lumi\u00e8re soit faite sur ces frappes.<\/p>\n\n\n\n<p class=\"wp-block-paragraph\">Il est inacceptable que des \u00e9coles, a fortiori abritant des populations civiles d\u00e9plac\u00e9es par les combats, soient cibl\u00e9es. Nous appelons Isra\u00ebl \u00e0 tout mettre en \u0153uvre pour prot\u00e9ger les civils dans la conduite des op\u00e9rations militaires et pleinement respecter le droit international humanitaire, notamment les principes de proportionnalit\u00e9 et de distinction.<\/p>\n\n\n\n<p class=\"wp-block-paragraph\">Face \u00e0 l\u2019urgence humanitaire absolue \u00e0 Gaza, la France appelle \u00e0 un cessez-le-feu imm\u00e9diat et durable qui seul permettra la protection des populations civiles, la lib\u00e9ration des otages et l\u2019entr\u00e9e massive de l\u2019aide humanitaire par tous les points d\u2019acc\u00e8s \u00e0 la bande de Gaza&nbsp;\u00bb.<\/p>\n","protected":false},"excerpt":{"rendered":"<p>\u00ab&nbsp;La France exprime sa vive pr\u00e9occupation concernant les informations faisant \u00e9tat de plusieurs frappes isra\u00e9liennes contre des \u00e9coles abritant des d\u00e9plac\u00e9s \u00e0 Gaza, dont une \u00e9cole de l\u2019UNRWA et une \u00e9cole rattach\u00e9e au Patriarcat latin de J\u00e9rusalem. La frappe men\u00e9e hier sur l\u2019\u00e9cole Al-Awda, et qui a fait plusieurs morts, est la troisi\u00e8me ciblant une [&hellip;]<\/p>\n","protected":false},"author":4,"featured_media":52014,"comment_status":"open","ping_status":"closed","sticky":false,"template":"","format":"standard","meta":{"content-type":"","jnews-multi-image_gallery":[],"jnews_single_post":{"subtitle":"","format":"standard","video":"","gallery":"","source_name":"","source_url":"","via_name":"","via_url":"","override_template":"0","override":[{"template":"1","single_blog_custom":"","parallax":"1","fullscreen":"1","layout":"right-sidebar","sidebar":"default-sidebar","second_sidebar":"default-sidebar","sticky_sidebar":"1","share_position":"top","share_float_style":"share-monocrhome","show_share_counter":"1","show_view_counter":"1","show_featured":"1","show_post_meta":"1","show_post_author":"1","show_post_author_image":"1","show_post_date":"1","post_date_format":"default","post_date_format_custom":"Y\/m\/d","show_post_category":"1","show_post_reading_time":"0","post_reading_time_wpm":"300","show_zoom_button":"0","zoom_button_out_step":"2","zoom_button_in_step":"3","show_post_tag":"1","show_prev_next_post":"1","show_popup_post":"1","number_popup_post":"1","show_author_box":"0","show_post_related":"0","show_inline_post_related":"0"}],"override_image_size":"0","image_override":[{"single_post_thumbnail_size":"crop-500","single_post_gallery_size":"crop-500"}],"trending_post":"0","trending_post_position":"meta","trending_post_label":"Trending","sponsored_post":"0","sponsored_post_label":"Sponsored by","sponsored_post_name":"","sponsored_post_url":"","sponsored_post_logo_enable":"0","sponsored_post_logo":"","sponsored_post_desc":"","disable_ad":"0"},"jnews_primary_category":{"id":"","hide":""},"jnews_override_bookmark_settings":[],"jnews_review":[],"enable_review":"","type":"","name":"","summary":"","brand":"","sku":"","good":[],"bad":[],"score_override":"","override_value":"","rating":[],"price":[],"jnews_post_split":[],"footnotes":""},"categories":[2],"tags":[245,11509,11022,12586,11508],"class_list":["post-56545","post","type-post","status-publish","format-standard","has-post-thumbnail","hentry","category-news-politique","tag-france","tag-frappes-israeliennes","tag-gaza","tag-la-france-exprime-sa-vive-preoccupation-concernant-les-frappes-israeliennes-contre-des-ecoles-abritant-des-deplaces-a-gaza","tag-preoccupation"],"_links":{"self":[{"href":"https:\/\/www.africanchallenges.com\/index.php?rest_route=\/wp\/v2\/posts\/56545","targetHints":{"allow":["GET"]}}],"collection":[{"href":"https:\/\/www.africanchallenges.com\/index.php?rest_route=\/wp\/v2\/posts"}],"about":[{"href":"https:\/\/www.africanchallenges.com\/index.php?rest_route=\/wp\/v2\/types\/post"}],"author":[{"embeddable":true,"href":"https:\/\/www.africanchallenges.com\/index.php?rest_route=\/wp\/v2\/users\/4"}],"replies":[{"embeddable":true,"href":"https:\/\/www.africanchallenges.com\/index.php?rest_route=%2Fwp%2Fv2%2Fcomments&post=56545"}],"version-history":[{"count":1,"href":"https:\/\/www.africanchallenges.com\/index.php?rest_route=\/wp\/v2\/posts\/56545\/revisions"}],"predecessor-version":[{"id":56546,"href":"https:\/\/www.africanchallenges.com\/index.php?rest_route=\/wp\/v2\/posts\/56545\/revisions\/56546"}],"wp:featuredmedia":[{"embeddable":true,"href":"https:\/\/www.africanchallenges.com\/index.php?rest_route=\/wp\/v2\/media\/52014"}],"wp:attachment":[{"href":"https:\/\/www.africanchallenges.com\/index.php?rest_route=%2Fwp%2Fv2%2Fmedia&parent=56545"}],"wp:term":[{"taxonomy":"category","embeddable":true,"href":"https:\/\/www.africanchallenges.com\/index.php?rest_route=%2Fwp%2Fv2%2Fcategories&post=56545"},{"taxonomy":"post_tag","embeddable":true,"href":"https:\/\/www.africanchallenges.com\/index.php?rest_route=%2Fwp%2Fv2%2Ftags&post=56545"}],"curies":[{"name":"wp","href":"https:\/\/api.w.org\/{rel}","templated":true}]}}