{"id":56516,"date":"2024-07-09T13:06:44","date_gmt":"2024-07-09T12:06:44","guid":{"rendered":"https:\/\/www.africanchallenges.com\/?p=56516"},"modified":"2024-07-09T13:35:04","modified_gmt":"2024-07-09T12:35:04","slug":"tunisie-deces-de-lancien-ministre-hedi-mhenni-a-lage-de-81-ans","status":"publish","type":"post","link":"https:\/\/www.africanchallenges.com\/?p=56516","title":{"rendered":"Tunisie : D\u00e9c\u00e8s de l&rsquo;ancien ministre, H\u00e9di Mhenni \u00e0 l&rsquo;\u00e2ge de 81 ans"},"content":{"rendered":"\n<p class=\"wp-block-paragraph\">L&rsquo;ancien ministre H\u00e9di Mhenni est d\u00e9c\u00e9d\u00e9 le mardi 9 juillet 2024 \u00e0 l&rsquo;\u00e2ge de 81 ans. Originaire de Sayada, H\u00e9di Mhenni agr\u00e9g\u00e9 en m\u00e9decine pr\u00e9ventive, option p\u00e9diatrie, il entame sa carri\u00e8re professionnelle en 1976 en qualit\u00e9 d&rsquo;assistant hospitalo-universitaire puis comme ma\u00eetre de conf\u00e9rences, \u00e0 partir de juillet 1980, et comme professeur de l&rsquo;enseignement sup\u00e9rieur \u00e0 partir de 1987. Il a particip\u00e9 au lancement du projet Tunisie-OMS de m\u00e9decine int\u00e9gr\u00e9e \u00e0 B\u00e9ja avant d&rsquo;\u00eatre affect\u00e9 \u00e0 l&rsquo;Institut de l&rsquo;enfance de Tunis o\u00f9 il a collabor\u00e9 \u00e0 la promotion de la p\u00e9diatrie pr\u00e9ventive et sociale. En d\u00e9cembre 1986, il &nbsp;est devenu PDG de l&rsquo;Office national de la famille et de la population.<\/p>\n\n\n\n<p class=\"wp-block-paragraph\">Il a d\u00e9but\u00e9 sa carri\u00e8re politique en 1990 en devenant secr\u00e9taire d&rsquo;\u00c9tat aupr\u00e8s du ministre de la Sant\u00e9. L&rsquo;ann\u00e9e suivante, il a \u00e9t\u00e9 nomm\u00e9 recteur de l&rsquo;Universit\u00e9 de Tunis 2, puis secr\u00e9taire d&rsquo;\u00c9tat aupr\u00e8s du Premier ministre charg\u00e9 de la recherche scientifique et de la technologie.<\/p>\n\n\n\n<p class=\"wp-block-paragraph\">En 1992, H\u00e9di Mhenni a \u00e9t\u00e9 nomm\u00e9 ministre de la Sant\u00e9, puis a chang\u00e9 de portefeuille pour prendre celui des Affaires sociales, puis de l&rsquo;Int\u00e9rieur, et enfin de la D\u00e9fense nationale, poste qu&rsquo;il a occup\u00e9 jusqu&rsquo;\u00e0 sa nomination au poste de secr\u00e9taire g\u00e9n\u00e9ral du Rassemblement constitutionnel d\u00e9mocratique (RCD) en 2005.<\/p>\n\n\n\n<p class=\"wp-block-paragraph\">Il a ensuite \u00e9t\u00e9 nomm\u00e9 ministre-conseiller \u00e0 la pr\u00e9sidence de la R\u00e9publique charg\u00e9 des affaires politiques et r\u00e9gionales. Il a \u00e9galement \u00e9t\u00e9 membre de la Chambre des conseillers.<\/p>\n\n\n\n<p class=\"wp-block-paragraph\">Paix \u00e0 son \u00e2me.<\/p>\n","protected":false},"excerpt":{"rendered":"<p>L&rsquo;ancien ministre H\u00e9di Mhenni est d\u00e9c\u00e9d\u00e9 le mardi 9 juillet 2024 \u00e0 l&rsquo;\u00e2ge de 81 ans. Originaire de Sayada, H\u00e9di Mhenni agr\u00e9g\u00e9 en m\u00e9decine pr\u00e9ventive, option p\u00e9diatrie, il entame sa carri\u00e8re professionnelle en 1976 en qualit\u00e9 d&rsquo;assistant hospitalo-universitaire puis comme ma\u00eetre de conf\u00e9rences, \u00e0 partir de juillet 1980, et comme professeur de l&rsquo;enseignement sup\u00e9rieur \u00e0 [&hellip;]<\/p>\n","protected":false},"author":4,"featured_media":56518,"comment_status":"open","ping_status":"closed","sticky":false,"template":"","format":"standard","meta":{"content-type":"","jnews-multi-image_gallery":[],"jnews_single_post":{"subtitle":"","format":"standard","video":"","gallery":"","source_name":"","source_url":"","via_name":"","via_url":"","override_template":"0","override":[{"template":"1","single_blog_custom":"","parallax":"1","fullscreen":"1","layout":"right-sidebar","sidebar":"default-sidebar","second_sidebar":"default-sidebar","sticky_sidebar":"1","share_position":"top","share_float_style":"share-monocrhome","show_share_counter":"1","show_view_counter":"1","show_featured":"1","show_post_meta":"1","show_post_author":"1","show_post_author_image":"1","show_post_date":"1","post_date_format":"default","post_date_format_custom":"Y\/m\/d","show_post_category":"1","show_post_reading_time":"0","post_reading_time_wpm":"300","show_zoom_button":"0","zoom_button_out_step":"2","zoom_button_in_step":"3","show_post_tag":"1","show_prev_next_post":"1","show_popup_post":"1","number_popup_post":"1","show_author_box":"0","show_post_related":"0","show_inline_post_related":"0"}],"override_image_size":"0","image_override":[{"single_post_thumbnail_size":"crop-500","single_post_gallery_size":"crop-500"}],"trending_post":"0","trending_post_position":"meta","trending_post_label":"Trending","sponsored_post":"0","sponsored_post_label":"Sponsored by","sponsored_post_name":"","sponsored_post_url":"","sponsored_post_logo_enable":"0","sponsored_post_logo":"","sponsored_post_desc":"","disable_ad":"0"},"jnews_primary_category":{"id":"","hide":""},"jnews_override_bookmark_settings":[],"jnews_review":[],"enable_review":"","type":"","name":"","summary":"","brand":"","sku":"","good":[],"bad":[],"score_override":"","override_value":"","rating":[],"price":[],"jnews_post_split":[],"footnotes":""},"categories":[2],"tags":[2019,7480],"class_list":["post-56516","post","type-post","status-publish","format-standard","has-post-thumbnail","hentry","category-news-politique","tag-deces","tag-ministre"],"_links":{"self":[{"href":"https:\/\/www.africanchallenges.com\/index.php?rest_route=\/wp\/v2\/posts\/56516","targetHints":{"allow":["GET"]}}],"collection":[{"href":"https:\/\/www.africanchallenges.com\/index.php?rest_route=\/wp\/v2\/posts"}],"about":[{"href":"https:\/\/www.africanchallenges.com\/index.php?rest_route=\/wp\/v2\/types\/post"}],"author":[{"embeddable":true,"href":"https:\/\/www.africanchallenges.com\/index.php?rest_route=\/wp\/v2\/users\/4"}],"replies":[{"embeddable":true,"href":"https:\/\/www.africanchallenges.com\/index.php?rest_route=%2Fwp%2Fv2%2Fcomments&post=56516"}],"version-history":[{"count":2,"href":"https:\/\/www.africanchallenges.com\/index.php?rest_route=\/wp\/v2\/posts\/56516\/revisions"}],"predecessor-version":[{"id":56520,"href":"https:\/\/www.africanchallenges.com\/index.php?rest_route=\/wp\/v2\/posts\/56516\/revisions\/56520"}],"wp:featuredmedia":[{"embeddable":true,"href":"https:\/\/www.africanchallenges.com\/index.php?rest_route=\/wp\/v2\/media\/56518"}],"wp:attachment":[{"href":"https:\/\/www.africanchallenges.com\/index.php?rest_route=%2Fwp%2Fv2%2Fmedia&parent=56516"}],"wp:term":[{"taxonomy":"category","embeddable":true,"href":"https:\/\/www.africanchallenges.com\/index.php?rest_route=%2Fwp%2Fv2%2Fcategories&post=56516"},{"taxonomy":"post_tag","embeddable":true,"href":"https:\/\/www.africanchallenges.com\/index.php?rest_route=%2Fwp%2Fv2%2Ftags&post=56516"}],"curies":[{"name":"wp","href":"https:\/\/api.w.org\/{rel}","templated":true}]}}