{"id":56380,"date":"2024-07-04T15:10:51","date_gmt":"2024-07-04T14:10:51","guid":{"rendered":"https:\/\/www.africanchallenges.com\/?p=56380"},"modified":"2024-07-04T15:19:04","modified_gmt":"2024-07-04T14:19:04","slug":"son-excellence-dr-hilal-bin-abdullah-al-senani-ambassadeur-du-sultanat-doman-en-tunisie-adresse-ses-felicitations-au-sultanat-doman-et-a-la-tunisie-pour-les-prix-decernes-lors-de-la-24e-edition","status":"publish","type":"post","link":"https:\/\/www.africanchallenges.com\/?p=56380","title":{"rendered":"Son Excellence Dr. Hilal bin Abdullah Al-Senani, Ambassadeur du Sultanat d&rsquo;Oman en Tunisie adresse ses f\u00e9licitations au Sultanat d&rsquo;Oman et \u00e0 la Tunisie pour les prix d\u00e9cern\u00e9s lors de la 24e \u00e9dition du Festival arabe de la radio et de la t\u00e9l\u00e9vision"},"content":{"rendered":"\n<p class=\"wp-block-paragraph\"><strong>-Par Dr. Hilal bin Abdullah Al-Senani, Ambassadeur du Sultanat d&rsquo;Oman en Tunisie-<\/strong><\/p>\n\n\n\n<p class=\"wp-block-paragraph\"><\/p>\n\n\n\n<p class=\"wp-block-paragraph\">A la cl\u00f4ture des activit\u00e9s de la 24e \u00e9dition du Festival arabe de la radio et de la t\u00e9l\u00e9vision, qui s\u2019est d\u00e9roul\u00e9 en R\u00e9publique tunisienne du 26 au 29 juin 2024, je tiens \u00e0 adresser mes f\u00e9licitations et mes b\u00e9n\u00e9dictions \u00e0 la famille des m\u00e9dias omanais, tunisiens et arabes, ainsi qu\u2019\u00e0 l&rsquo;Union de radiodiffusion des \u00c9tats arabes (ASBU)et \u00e0 son Directeur G\u00e9n\u00e9ral, Son Excellence l\u2019Ing\u00e9nieur Abdul Rahim Suleiman, pour leur haut niveau m\u00e9diatique qui suit le rythme du d\u00e9veloppement des m\u00e9dias au niveau international de pr\u00e9paration, de formation et de cr\u00e9ation d\u2019une comp\u00e9tition de haute qualit\u00e9 conforme aux objectifs pour lesquels l\u2019Union a \u00e9t\u00e9 cr\u00e9\u00e9e.<\/p>\n\n\n\n<p class=\"wp-block-paragraph\">Je profite de cette occasion pour f\u00e9liciter ma d\u00e9l\u00e9gation pour son bon niveau dans le festival et pour avoir remport\u00e9 dix prix, repr\u00e9sent\u00e9s par deux prix pour la t\u00e9l\u00e9vision dans les concours d\u2019\u00e9change t\u00e9l\u00e9vis\u00e9, deux prix pour la radio du Sultanat d\u2019Oman dans le programme d\u2019\u00e9change radiophonique, trois prix pour la radio du Sultanat d\u2019Oman dans les concours principaux, un prix pour la t\u00e9l\u00e9vision dans le concours principal et deux prix pour la radio priv\u00e9e \u00ab Al Wesal \u00bb dans les concours parall\u00e8les d\u2019une mani\u00e8re qui r\u00e9pond dans la forme et le contenu aux visions, aux cultures, aux principes et \u00e0 l\u2019esprit de citoyennet\u00e9.<\/p>\n\n\n\n<p class=\"wp-block-paragraph\">Je f\u00e9licite \u00e9galement le sacre de la R\u00e9publique tunisienne, repr\u00e9sent\u00e9e par le secteur des m\u00e9dias publics et priv\u00e9s, avec six prix.<\/p>\n\n\n\n<p class=\"wp-block-paragraph\">Nous voudrions mentionner ici le niveau de coop\u00e9ration existant et distingu\u00e9 entre les deux pays fr\u00e8res, en particulier dans le domaine de l\u2019\u00e9change d\u2019informations, de la formation et de la r\u00e9habilitation.<\/p>\n\n\n\n<p class=\"wp-block-paragraph\">Avec la permission d\u2019Allah, les institutions m\u00e9diatiques continueront \u00e0 promouvoir davantage d\u2019int\u00e9r\u00eats arabes communs, conform\u00e9ment aux visions nationales visant \u00e0 r\u00e9aliser un d\u00e9veloppement global pour le citoyen arabe.<\/p>\n\n\n\n<p class=\"wp-block-paragraph\">Je tiens \u00e9galement \u00e0 f\u00e9liciter la R\u00e9publique tunisienne pour son succ\u00e8s, repr\u00e9sent\u00e9e par le secteur des m\u00e9dias publics et priv\u00e9s, qui a remport\u00e9 six prix.<\/p>\n\n\n\n<p class=\"wp-block-paragraph\">Il convient de souligner le niveau de coop\u00e9ration exceptionnel entre les deux pays fr\u00e8res, en particulier dans le domaine de l&rsquo;\u00e9change d&rsquo;informations, de la formation et de la r\u00e9habilitation.<\/p>\n\n\n\n<p class=\"wp-block-paragraph\">Avec la volont\u00e9 d&rsquo;Allah, les institutions m\u00e9diatiques continueront \u00e0 promouvoir les int\u00e9r\u00eats communs arabes, en accord avec les visions nationales visant \u00e0 r\u00e9aliser un d\u00e9veloppement global pour le citoyen arabe.<\/p>\n","protected":false},"excerpt":{"rendered":"<p>-Par Dr. Hilal bin Abdullah Al-Senani, Ambassadeur du Sultanat d&rsquo;Oman en Tunisie- A la cl\u00f4ture des activit\u00e9s de la 24e \u00e9dition du Festival arabe de la radio et de la t\u00e9l\u00e9vision, qui s\u2019est d\u00e9roul\u00e9 en R\u00e9publique tunisienne du 26 au 29 juin 2024, je tiens \u00e0 adresser mes f\u00e9licitations et mes b\u00e9n\u00e9dictions \u00e0 la famille [&hellip;]<\/p>\n","protected":false},"author":4,"featured_media":56381,"comment_status":"open","ping_status":"closed","sticky":false,"template":"","format":"standard","meta":{"content-type":"","jnews-multi-image_gallery":[],"jnews_single_post":{"subtitle":"","format":"standard","video":"","gallery":"","source_name":"","source_url":"","via_name":"","via_url":"","override_template":"0","override":[{"template":"1","single_blog_custom":"","parallax":"1","fullscreen":"1","layout":"right-sidebar","sidebar":"default-sidebar","second_sidebar":"default-sidebar","sticky_sidebar":"1","share_position":"top","share_float_style":"share-monocrhome","show_share_counter":"1","show_view_counter":"1","show_featured":"1","show_post_meta":"1","show_post_author":"1","show_post_author_image":"1","show_post_date":"1","post_date_format":"default","post_date_format_custom":"Y\/m\/d","show_post_category":"1","show_post_reading_time":"0","post_reading_time_wpm":"300","show_zoom_button":"0","zoom_button_out_step":"2","zoom_button_in_step":"3","show_post_tag":"1","show_prev_next_post":"1","show_popup_post":"1","number_popup_post":"1","show_author_box":"0","show_post_related":"0","show_inline_post_related":"0"}],"override_image_size":"0","image_override":[{"single_post_thumbnail_size":"crop-500","single_post_gallery_size":"crop-500"}],"trending_post":"0","trending_post_position":"meta","trending_post_label":"Trending","sponsored_post":"0","sponsored_post_label":"Sponsored by","sponsored_post_name":"","sponsored_post_url":"","sponsored_post_logo_enable":"0","sponsored_post_logo":"","sponsored_post_desc":"","disable_ad":"0"},"jnews_primary_category":{"id":"","hide":""},"jnews_override_bookmark_settings":[],"jnews_review":[],"enable_review":"","type":"","name":"","summary":"","brand":"","sku":"","good":[],"bad":[],"score_override":"","override_value":"","rating":[],"price":[],"jnews_post_split":[],"footnotes":""},"categories":[2],"tags":[3809,3233,12005,829,9955,54],"class_list":["post-56380","post","type-post","status-publish","format-standard","has-post-thumbnail","hentry","category-news-politique","tag-felicitations","tag-festival-arabe-de-la-radio-et-de-la-television","tag-hilal-bin-abdullah-al-senani","tag-prix","tag-sultanat-doman","tag-tunisie"],"_links":{"self":[{"href":"https:\/\/www.africanchallenges.com\/index.php?rest_route=\/wp\/v2\/posts\/56380","targetHints":{"allow":["GET"]}}],"collection":[{"href":"https:\/\/www.africanchallenges.com\/index.php?rest_route=\/wp\/v2\/posts"}],"about":[{"href":"https:\/\/www.africanchallenges.com\/index.php?rest_route=\/wp\/v2\/types\/post"}],"author":[{"embeddable":true,"href":"https:\/\/www.africanchallenges.com\/index.php?rest_route=\/wp\/v2\/users\/4"}],"replies":[{"embeddable":true,"href":"https:\/\/www.africanchallenges.com\/index.php?rest_route=%2Fwp%2Fv2%2Fcomments&post=56380"}],"version-history":[{"count":2,"href":"https:\/\/www.africanchallenges.com\/index.php?rest_route=\/wp\/v2\/posts\/56380\/revisions"}],"predecessor-version":[{"id":56383,"href":"https:\/\/www.africanchallenges.com\/index.php?rest_route=\/wp\/v2\/posts\/56380\/revisions\/56383"}],"wp:featuredmedia":[{"embeddable":true,"href":"https:\/\/www.africanchallenges.com\/index.php?rest_route=\/wp\/v2\/media\/56381"}],"wp:attachment":[{"href":"https:\/\/www.africanchallenges.com\/index.php?rest_route=%2Fwp%2Fv2%2Fmedia&parent=56380"}],"wp:term":[{"taxonomy":"category","embeddable":true,"href":"https:\/\/www.africanchallenges.com\/index.php?rest_route=%2Fwp%2Fv2%2Fcategories&post=56380"},{"taxonomy":"post_tag","embeddable":true,"href":"https:\/\/www.africanchallenges.com\/index.php?rest_route=%2Fwp%2Fv2%2Ftags&post=56380"}],"curies":[{"name":"wp","href":"https:\/\/api.w.org\/{rel}","templated":true}]}}