{"id":56357,"date":"2024-07-04T12:47:09","date_gmt":"2024-07-04T11:47:09","guid":{"rendered":"https:\/\/www.africanchallenges.com\/?p=56357"},"modified":"2024-07-04T13:34:59","modified_gmt":"2024-07-04T12:34:59","slug":"tunisie-sous-le-theme-visit-tunisia-lambassade-des-etats-unis-damerique-en-tunisie-commemore-le-248e-anniversaire-de-lindependance-des-etats-unis","status":"publish","type":"post","link":"https:\/\/www.africanchallenges.com\/?p=56357","title":{"rendered":"Tunisie : Sous le th\u00e8me \u00ab\u00a0Visit Tunisia\u00a0\u00bb, l\u2019Ambassade des \u00c9tats-Unis d&rsquo;Am\u00e9rique en Tunisie comm\u00e9more le 248e anniversaire de l\u2019ind\u00e9pendance des \u00c9tats-Unis"},"content":{"rendered":"\n<p class=\"wp-block-paragraph\">L&rsquo;ambassade des \u00c9tats-Unis d&rsquo;Am\u00e9rique en Tunisie a comm\u00e9mor\u00e9 dans la soir\u00e9e du 3 juillet 2024, le 248e anniversaire de la signature de la d\u00e9claration d&rsquo;ind\u00e9pendance des \u00c9tats-Unis d&rsquo;Am\u00e9rique, datant du 4 juillet 1776.<\/p>\n\n\n\n<p class=\"wp-block-paragraph\">La c\u00e9r\u00e9monie qui s&rsquo;est d\u00e9roul\u00e9e \u00e0 l&rsquo;ambassade a rassembl\u00e9 l&rsquo;\u00e9lite politique, \u00e9conomique et m\u00e9diatique du pays, ainsi que de nombreux  amis et partenaires tunisiens et internationaux.<\/p>\n\n\n\n<p class=\"wp-block-paragraph\">Son Excellence Joey Hood, ambassadeur des Etats-Unis en Tunisie, et son \u00e9pouse, Anne Lompo, ont \u00e9t\u00e9 les h\u00f4tes de la r\u00e9ception annuelle de l\u2019ambassade. Ils y ont accueilli notamment le ministre tunisien des Affaires \u00e9trang\u00e8res, Monsieur Nabil Ammar, et la ministre tunisienne des Finances, Madame Sihem Boughdiri Nemsia.<\/p>\n\n\n\n<p class=\"wp-block-paragraph\">Le th\u00e8me de la soir\u00e9e, \u00a0\u00bb Visit Tunisia \u00ab\u00a0, met en lumi\u00e8re les liens interpersonnels qui sont au c\u0153ur de 227 ans d&rsquo;amiti\u00e9, de commerce et de coop\u00e9ration entre les \u00c9tats-Unis et la Tunisie.<\/p>\n\n\n\n<p class=\"wp-block-paragraph\">Dans son discours \u00e0 l&rsquo;occasion de cet \u00e9v\u00e9nement, l&rsquo;ambassadeur Hood a d\u00e9clar\u00e9\u202f:\u202f\u00ab\u202fDepuis plus de 200 ans, les Am\u00e9ricains visitent la Tunisie et acqui\u00e8rent un grand respect pour la diversit\u00e9 et l&rsquo;esprit d&rsquo;entreprise de la soci\u00e9t\u00e9 tunisienne.\u00a0 L&rsquo;ann\u00e9e derni\u00e8re, un nombre record de 30 000 Am\u00e9ricains ont visit\u00e9 ce pays, soit une augmentation de pr\u00e8s de 30 % par rapport \u00e0 2019, stimulant de la sorte l&rsquo;\u00e9conomie locale partout o\u00f9 ils sont all\u00e9s.\u00a0 Il s&rsquo;agissait notamment de femmes et d&rsquo;hommes d&rsquo;affaires promouvant le commerce et l&rsquo;investissement, d&rsquo;\u00e9tudiants renfor\u00e7ant les \u00e9changes \u00e9ducatifs et de touristes approfondissant la compr\u00e9hension mutuelle.<\/p>\n\n\n\n<p class=\"wp-block-paragraph\"><\/p>\n\n\n\n<figure class=\"wp-block-image size-full\"><img fetchpriority=\"high\" decoding=\"async\" width=\"615\" height=\"429\" src=\"https:\/\/www.africanchallenges.com\/wp-content\/uploads\/2024\/07\/hood.jpg\" alt=\"\" class=\"wp-image-56363\" srcset=\"https:\/\/www.africanchallenges.com\/wp-content\/uploads\/2024\/07\/hood.jpg 615w, https:\/\/www.africanchallenges.com\/wp-content\/uploads\/2024\/07\/hood-300x209.jpg 300w\" sizes=\"(max-width: 615px) 100vw, 615px\" \/><\/figure>\n\n\n\n<p class=\"wp-block-paragraph\">Nous restons d\u00e9termin\u00e9s \u00e0 cr\u00e9er des opportunit\u00e9s pour approfondir cette compr\u00e9hension, notamment par le biais de notre initiative \u00ab\u00a0Visit Tunisia\u00a0\u00bb, qui investit plus de 60 millions de dinars pour aider les petites et moyennes entreprises \u00e0 d\u00e9velopper le tourisme au-del\u00e0 des bateaux de croisi\u00e8re et des plages, afin que les Am\u00e9ricains, et bien d&rsquo;autres, puissent d\u00e9couvrir beaucoup plus de ce que la Tunisie a \u00e0 offrir.\u202f\u00bb<\/p>\n\n\n\n<p class=\"wp-block-paragraph\">L&rsquo;ambassadeur Hood a \u00e9galement soulign\u00e9 : \u00ab\u202fLe partenariat qui lie nos deux pays consiste autant \u00e0 investir dans l&rsquo;avenir qu&rsquo;\u00e0 c\u00e9l\u00e9brer la culture et les traditions.\u00a0 Depuis mon arriv\u00e9e en Tunisie, j&rsquo;ai eu beaucoup de joie \u00e0 parcourir le pays pour rencontrer plusieurs gouverneurs, \u00e9changer avec des entrepreneurs et des propri\u00e9taires d&rsquo;entreprises, interagir avec la soci\u00e9t\u00e9 civile et discuter avec des jeunes et des leaders \u00e9mergents.\u202f\u00bb\u00a0<\/p>\n\n\n\n<p class=\"wp-block-paragraph\"> Il a \u00e9galement not\u00e9\u202f: \u00ab\u202fLes Am\u00e9ricains et les Tunisiens collaborent au quotidien afin de promouvoir la prosp\u00e9rit\u00e9 \u00e9conomique, d&rsquo;\u00e9largir l&rsquo;acc\u00e8s aux soins de sant\u00e9, d&rsquo;exporter la s\u00e9curit\u00e9 au niveau de la r\u00e9gion, d&rsquo;am\u00e9liorer l&rsquo;\u00e9ducation, de pr\u00e9server le patrimoine culturel et bien d&rsquo;autres domaines encore.\u00a0 Que ce soit par des partenariats dans le domaine du commerce et de l&rsquo;investissement ou par une collaboration en mati\u00e8re de s\u00e9curit\u00e9 et de d\u00e9fense, l&rsquo;amiti\u00e9 entre les \u00c9tats-Unis et la Tunisie est florissante.\u202f\u00bb<\/p>\n\n\n\n<figure class=\"wp-block-embed is-type-video is-provider-youtube wp-block-embed-youtube wp-embed-aspect-4-3 wp-has-aspect-ratio\"><div class=\"wp-block-embed__wrapper\">\n<div class=\"jeg_video_container jeg_video_content\"><iframe title=\"Discours S.e. Joey Hood, ambassadeur des Etats-Unis \u00e0 Tunis\" width=\"500\" height=\"375\" src=\"https:\/\/www.youtube.com\/embed\/KmO_nXg4TEE?feature=oembed\" frameborder=\"0\" allow=\"accelerometer; autoplay; clipboard-write; encrypted-media; gyroscope; picture-in-picture; web-share\" referrerpolicy=\"strict-origin-when-cross-origin\" allowfullscreen><\/iframe><\/div>\n<\/div><\/figure>\n\n\n\n<p class=\"wp-block-paragraph\">De son c\u00f4t\u00e9, le ministre tunisien des Affaires \u00e9trang\u00e8res, Monsieur Nabil Ammar a exprim\u00e9 sa gratitude envers l\u2019Ambassadeur Hood et son \u00e9pouse pour leur aimable invitation \u00e0 participer \u00e0 cette occasion glorieuse.<\/p>\n\n\n\n<p class=\"wp-block-paragraph\">Au nom du Gouvernement tunisien, il a transmis ses f\u00e9licitations les plus chaleureuses et ses v\u0153ux de progr\u00e8s et de prosp\u00e9rit\u00e9 \u00e0 l\u2019USA, ainsi qu\u2019au peuple am\u00e9ricain. Il a soulign\u00e9 que la Tunisie et les \u00c9tats-Unis d\u2019Am\u00e9rique sont des partenaires de longue date, et a rappel\u00e9 la reconnaissance des Tunisiens envers l\u2019aide apport\u00e9e par les \u00c9tats-Unis imm\u00e9diatement apr\u00e8s l\u2019ind\u00e9pendance. Ces relations solides reposent sur des valeurs fondamentales telles que l\u2019ind\u00e9pendance, la souverainet\u00e9 nationale, le respect mutuel des choix nationaux, le respect des symboles nationaux, les libert\u00e9s priv\u00e9es et publiques, la primaut\u00e9 du droit sans discrimination, le respect de l\u2019esprit de la Charte des Nations Unies, ainsi que la promotion du multilat\u00e9ralisme et du dialogue pour favoriser la paix, la stabilit\u00e9, la justice, la coop\u00e9ration et la prosp\u00e9rit\u00e9 \u00e0 l\u2019\u00e9chelle mondiale.<\/p>\n\n\n\n<figure class=\"wp-block-image size-full\"><img decoding=\"async\" width=\"615\" height=\"410\" src=\"https:\/\/www.africanchallenges.com\/wp-content\/uploads\/2024\/07\/Nabil-Ammar.jpg\" alt=\"\" class=\"wp-image-56365\" srcset=\"https:\/\/www.africanchallenges.com\/wp-content\/uploads\/2024\/07\/Nabil-Ammar.jpg 615w, https:\/\/www.africanchallenges.com\/wp-content\/uploads\/2024\/07\/Nabil-Ammar-300x200.jpg 300w\" sizes=\"(max-width: 615px) 100vw, 615px\" \/><\/figure>\n\n\n\n<p class=\"wp-block-paragraph\"><\/p>\n\n\n\n<p class=\"wp-block-paragraph\">\u00ab&nbsp;Nous nous engageons \u00e0 poursuivre le d\u00e9veloppement de nos relations sur ces bases, dans un monde en proie \u00e0 des changements majeurs et parfois fondamentaux, et confront\u00e9 \u00e0 des d\u00e9fis tr\u00e8s s\u00e9rieux en termes de crises et de guerres internationales, de cr\u00e9dibilit\u00e9 de la l\u00e9gitimit\u00e9 internationale et de durabilit\u00e9 de notre plan\u00e8te.<\/p>\n\n\n\n<p class=\"wp-block-paragraph\">En tant que partenaires, et plus encore en tant que partenaires de longue date, nous pouvons avoir des points de vue diff\u00e9rents sur de nombreuses questions. Cependant, un dialogue franc, transparent et ouvert est le seul moyen de se rapprocher et d\u2019atteindre l\u2019int\u00e9r\u00eat commun \u00e0 long terme.<\/p>\n\n\n\n<p class=\"wp-block-paragraph\">Cette ann\u00e9e, nos deux pays ont eu l\u2019occasion de discuter \u00e0 diff\u00e9rents niveaux des questions les plus importantes, en particulier des questions internationales. La qualit\u00e9 de ce dialogue \u00e9tait \u00e9lev\u00e9e. Nous vous remercions pour cela, ainsi que pour toute la compr\u00e9hension dont vous avez fait preuve.&nbsp;\u00bb<\/p>\n\n\n\n<p class=\"wp-block-paragraph\">Il a affirm\u00e9 que la lutte contre le colonialisme, le racisme, la libert\u00e9 et la justice pour tous les peuples sans distinction de race ou de religion est profond\u00e9ment ancr\u00e9e dans notre partenariat bilat\u00e9ral. Il est essentiel que cela demeure un pilier fondamental de nos relations ! \u00c9loignons-nous des consid\u00e9rations \u00e9conomiques \u00e0 court terme ou des agendas politiques injustes, guid\u00e9s uniquement par la logique de la force militaire !<\/p>\n\n\n\n<figure class=\"wp-block-embed is-type-video is-provider-youtube wp-block-embed-youtube wp-embed-aspect-16-9 wp-has-aspect-ratio\"><div class=\"wp-block-embed__wrapper\">\n<div class=\"jeg_video_container jeg_video_content\"><iframe title=\"M.Nabil Ammar, ministre des Affaires Etrang\u00e8res, de la Migration et des Tunisiens \u00e0 l&#039;Etranger\" width=\"500\" height=\"281\" src=\"https:\/\/www.youtube.com\/embed\/aEjdPRzN2vQ?feature=oembed\" frameborder=\"0\" allow=\"accelerometer; autoplay; clipboard-write; encrypted-media; gyroscope; picture-in-picture; web-share\" referrerpolicy=\"strict-origin-when-cross-origin\" allowfullscreen><\/iframe><\/div>\n<\/div><\/figure>\n\n\n\n<p class=\"wp-block-paragraph\">\u00ab&nbsp;Il est de notre devoir, en termes de responsabilit\u00e9 humanitaire, historique et politique, d&rsquo;\u00eatre francs avec tous nos partenaires et amis, et de demander clairement et haut et fort la fin imm\u00e9diate du g\u00e9nocide auquel le peuple palestinien est confront\u00e9, ainsi que de lui permettre d&rsquo;exercer tous ses droits historiques et politiques sans aucune restriction. Ce n&rsquo;est pas impossible. C&rsquo;est dans l&rsquo;int\u00e9r\u00eat de tous. Il est de notre devoir d&rsquo;y parvenir, et nous devrons tous rendre des comptes aux g\u00e9n\u00e9rations actuelles et futures pour les cons\u00e9quences tragiques de ce qui est n\u00e9glig\u00e9 aujourd&rsquo;hui, malgr\u00e9 l&rsquo;horreur \u00e0 laquelle nous assistons chaque jour, ainsi que de ce qui reste dissimul\u00e9&#8230; Mais seulement pour l&rsquo;instant !&nbsp;\u00bb<\/p>\n\n\n\n<p class=\"wp-block-paragraph\">Le ministre tunisien a soulign\u00e9 l&rsquo;importance des opportunit\u00e9s de commerce et d&rsquo;investissement entre la Tunisie et les \u00c9tats-Unis. Il a salu\u00e9 l&rsquo;engagement de l&rsquo;Ambassadeur et a exprim\u00e9 sa volont\u00e9 de travailler ensemble pour renforcer davantage ces relations \u00e9conomiques bilat\u00e9rales. De plus, il a mentionn\u00e9 la participation de Tunisiens talentueux au forum national des comp\u00e9tences tunisiennes \u00e0 l&rsquo;\u00e9tranger (6-7 ao\u00fbt)., soulignant l&rsquo;importance de les impliquer dans des relations \u00e9conomiques plus avanc\u00e9es avec leurs homologues am\u00e9ricains.<\/p>\n\n\n\n<p class=\"wp-block-paragraph\"><\/p>\n\n\n\n<figure class=\"wp-block-image size-full\"><img decoding=\"async\" width=\"615\" height=\"277\" src=\"https:\/\/www.africanchallenges.com\/wp-content\/uploads\/2024\/07\/usa3.jpg\" alt=\"\" class=\"wp-image-56361\" srcset=\"https:\/\/www.africanchallenges.com\/wp-content\/uploads\/2024\/07\/usa3.jpg 615w, https:\/\/www.africanchallenges.com\/wp-content\/uploads\/2024\/07\/usa3-300x135.jpg 300w\" sizes=\"(max-width: 615px) 100vw, 615px\" \/><\/figure>\n","protected":false},"excerpt":{"rendered":"<p>L&rsquo;ambassade des \u00c9tats-Unis d&rsquo;Am\u00e9rique en Tunisie a comm\u00e9mor\u00e9 dans la soir\u00e9e du 3 juillet 2024, le 248e anniversaire de la signature de la d\u00e9claration d&rsquo;ind\u00e9pendance des \u00c9tats-Unis d&rsquo;Am\u00e9rique, datant du 4 juillet 1776. La c\u00e9r\u00e9monie qui s&rsquo;est d\u00e9roul\u00e9e \u00e0 l&rsquo;ambassade a rassembl\u00e9 l&rsquo;\u00e9lite politique, \u00e9conomique et m\u00e9diatique du pays, ainsi que de nombreux amis et [&hellip;]<\/p>\n","protected":false},"author":3,"featured_media":56359,"comment_status":"open","ping_status":"closed","sticky":false,"template":"","format":"standard","meta":{"content-type":"","jnews-multi-image_gallery":[],"jnews_single_post":{"subtitle":"","format":"standard","video":"","gallery":"","source_name":"","source_url":"","via_name":"","via_url":"","override_template":"0","override":[{"template":"1","single_blog_custom":"","parallax":"1","fullscreen":"1","layout":"right-sidebar","sidebar":"default-sidebar","second_sidebar":"default-sidebar","sticky_sidebar":"1","share_position":"top","share_float_style":"share-monocrhome","show_share_counter":"1","show_view_counter":"1","show_featured":"1","show_post_meta":"1","show_post_author":"1","show_post_author_image":"1","show_post_date":"1","post_date_format":"default","post_date_format_custom":"Y\/m\/d","show_post_category":"1","show_post_reading_time":"0","post_reading_time_wpm":"300","show_zoom_button":"0","zoom_button_out_step":"2","zoom_button_in_step":"3","show_post_tag":"1","show_prev_next_post":"1","show_popup_post":"1","number_popup_post":"1","show_author_box":"0","show_post_related":"0","show_inline_post_related":"0"}],"override_image_size":"0","image_override":[{"single_post_thumbnail_size":"crop-500","single_post_gallery_size":"crop-500"}],"trending_post":"0","trending_post_position":"meta","trending_post_label":"Trending","sponsored_post":"0","sponsored_post_label":"Sponsored by","sponsored_post_name":"","sponsored_post_url":"","sponsored_post_logo_enable":"0","sponsored_post_logo":"","sponsored_post_desc":"","disable_ad":"0"},"jnews_primary_category":{"id":"","hide":""},"jnews_override_bookmark_settings":[],"jnews_review":[],"enable_review":"","type":"","name":"","summary":"","brand":"","sku":"","good":[],"bad":[],"score_override":"","override_value":"","rating":[],"price":[],"jnews_post_split":[],"footnotes":""},"categories":[2],"tags":[12532,209,8564,5534],"class_list":["post-56357","post","type-post","status-publish","format-standard","has-post-thumbnail","hentry","category-news-politique","tag-ambassade-des-etats-unis-damerique-en-tunisie","tag-anniversaire","tag-etats-unis-damerique","tag-independance"],"_links":{"self":[{"href":"https:\/\/www.africanchallenges.com\/index.php?rest_route=\/wp\/v2\/posts\/56357","targetHints":{"allow":["GET"]}}],"collection":[{"href":"https:\/\/www.africanchallenges.com\/index.php?rest_route=\/wp\/v2\/posts"}],"about":[{"href":"https:\/\/www.africanchallenges.com\/index.php?rest_route=\/wp\/v2\/types\/post"}],"author":[{"embeddable":true,"href":"https:\/\/www.africanchallenges.com\/index.php?rest_route=\/wp\/v2\/users\/3"}],"replies":[{"embeddable":true,"href":"https:\/\/www.africanchallenges.com\/index.php?rest_route=%2Fwp%2Fv2%2Fcomments&post=56357"}],"version-history":[{"count":11,"href":"https:\/\/www.africanchallenges.com\/index.php?rest_route=\/wp\/v2\/posts\/56357\/revisions"}],"predecessor-version":[{"id":56373,"href":"https:\/\/www.africanchallenges.com\/index.php?rest_route=\/wp\/v2\/posts\/56357\/revisions\/56373"}],"wp:featuredmedia":[{"embeddable":true,"href":"https:\/\/www.africanchallenges.com\/index.php?rest_route=\/wp\/v2\/media\/56359"}],"wp:attachment":[{"href":"https:\/\/www.africanchallenges.com\/index.php?rest_route=%2Fwp%2Fv2%2Fmedia&parent=56357"}],"wp:term":[{"taxonomy":"category","embeddable":true,"href":"https:\/\/www.africanchallenges.com\/index.php?rest_route=%2Fwp%2Fv2%2Fcategories&post=56357"},{"taxonomy":"post_tag","embeddable":true,"href":"https:\/\/www.africanchallenges.com\/index.php?rest_route=%2Fwp%2Fv2%2Ftags&post=56357"}],"curies":[{"name":"wp","href":"https:\/\/api.w.org\/{rel}","templated":true}]}}