{"id":56306,"date":"2024-07-02T14:24:25","date_gmt":"2024-07-02T13:24:25","guid":{"rendered":"https:\/\/www.africanchallenges.com\/?p=56306"},"modified":"2024-07-02T16:17:55","modified_gmt":"2024-07-02T15:17:55","slug":"la-tunisie-accelere-son-integration-a-lechelle-africaine","status":"publish","type":"post","link":"https:\/\/www.africanchallenges.com\/?p=56306","title":{"rendered":"La Tunisie acc\u00e9l\u00e8re son int\u00e9gration \u00e0 l\u2019\u00e9chelle africaine"},"content":{"rendered":"\n<p class=\"wp-block-paragraph\">\u201cLa Tunisie a cr\u00e9\u00e9, depuis mars 2023, un comit\u00e9 national charg\u00e9 de suivre les n\u00e9gociations dans le cadre de la Zone de libre-\u00e9change continentale africaine (ZLECAF), et mettre en application les conditions n\u00e9cessaires \u00e0 sa mise en place\u201d, a indiqu\u00e9 la ministre du Commerce et du D\u00e9veloppement des exportations, Kalthoum Ben Rejab, lundi, lors d\u2019une entrevue avec le secr\u00e9taire g\u00e9n\u00e9ral de la ZLECAF, Wamkele Mene Elle estime que ceci prouve \u201cla volont\u00e9 de la Tunisie d\u2019acc\u00e9l\u00e9rer son int\u00e9gration \u00e0 l\u2019\u00e9chelle africaine\u201d.<\/p>\n\n\n\n<p class=\"wp-block-paragraph\">En ce qui concerne l\u2019initiative du commerce orient\u00e9, la ministre a rappel\u00e9 que la Tunisie a \u00e9t\u00e9 l\u2019un des premiers pays africains \u00e0 b\u00e9n\u00e9ficier des avantages diff\u00e9rentiels au niveau continental, \u00e9tant donn\u00e9 que les services des douanes et les chambres de commerce ont adopt\u00e9 le certificat d\u2019origine \u201cZLECAF\u201d, soulignant que 93 transactions d\u2019exportation ont \u00e9t\u00e9 r\u00e9alis\u00e9es, jusque-l\u00e0, dans ce cadre.<\/p>\n\n\n\n<p class=\"wp-block-paragraph\">Ben Rejab a mis l\u2019accent, aussi, sur les initiatives lanc\u00e9es par la Tunisie, en vue de renforcer son int\u00e9gration \u00e0 l\u2019\u00e9chelle continentale, dont la cr\u00e9ation du Centre africain pour le commerce num\u00e9rique. Elle a fait remarquer \u00e0 ce sujet que la Tunisie propose d\u2019accueillir le si\u00e8ge du Centre africain pour la protection des droits de propri\u00e9t\u00e9 intellectuelle.<\/p>\n\n\n\n<p class=\"wp-block-paragraph\">Elle a cit\u00e9 au nombre des projets n\u00e9cessitant un soutien financier et technique de la part du Secr\u00e9tariat g\u00e9n\u00e9ral de la ZLECAF et du reste des bailleurs de fonds africains, le corridor commercial continental tuniso-libyen vers les pays d\u2019Afrique subsaharienne, qui a \u00e9t\u00e9 lanc\u00e9 officiellement, en ao\u00fbt 2023.<\/p>\n\n\n\n<p class=\"wp-block-paragraph\">L\u2019entretien avec le secr\u00e9taire g\u00e9n\u00e9ral de la ZLECAF a aussi permis d\u2019\u00e9voquer le projet du corridor continental tuniso-libyen vers les pays d\u2019Afrique Subsaharienne, un projet d\u2019une priorit\u00e9 nationale et strat\u00e9gique. Le point de d\u00e9part du projet sera la zone franche des activit\u00e9s commerciales et logistiques entre \u201cBen Guerdane\u201d et le poste frontalier de \u201cRas Jedir\u201d, le portail de l\u2019Afrique et le plus grand passage terrestre du continent. Ce corridor reliera la Tunisie et la Libye \u00e0 6 pays africains sans littoral, tels que le Niger, le Tchad, le Mali, le Burkina Faso et la Centrafrique.<\/p>\n\n\n\n<p class=\"wp-block-paragraph\">Le secr\u00e9taire g\u00e9n\u00e9ral de la ZLECAF, Wamkele Mene a mis en exergue le r\u00f4le pionnier de la Tunisie dans l\u2019acc\u00e9l\u00e9ration de l\u2019int\u00e9gration r\u00e9gionale et dans la cr\u00e9ation d\u2019un march\u00e9 africain unifi\u00e9 dans les plus bref d\u00e9lais.<br>Il a \u00e9galement salu\u00e9 l\u2019adh\u00e9sion de la Tunisie \u00e0 initiative de commerce guid\u00e9 lanc\u00e9 dans le cadre de la concr\u00e9tisation de l\u2019accord de la ZLECAF, mettant en exergue les \u00e9tapes et les efforts d\u00e9ploy\u00e9s par le pays pour renforcer sa pr\u00e9sence commerciale dans les diff\u00e9rents pays africains et soutenir la r\u00e9gion.<\/p>\n\n\n\n<p class=\"wp-block-paragraph\">Il a soulign\u00e9 que le secr\u00e9tariat g\u00e9n\u00e9ral soutiendrait tous les projets et les initiatives pr\u00e9sent\u00e9s par la ministre du Commerce et du d\u00e9veloppement des exportations, estimant qu\u2019ils sont importants pour la mise en place de la ZLECAF et la r\u00e9alisation du bien-\u00eatre pour tous les peuples africains.<\/p>\n\n\n\n<p class=\"wp-block-paragraph\"><strong>Avec TAP<\/strong><\/p>\n","protected":false},"excerpt":{"rendered":"<p>\u201cLa Tunisie a cr\u00e9\u00e9, depuis mars 2023, un comit\u00e9 national charg\u00e9 de suivre les n\u00e9gociations dans le cadre de la Zone de libre-\u00e9change continentale africaine (ZLECAF), et mettre en application les conditions n\u00e9cessaires \u00e0 sa mise en place\u201d, a indiqu\u00e9 la ministre du Commerce et du D\u00e9veloppement des exportations, Kalthoum Ben Rejab, lundi, lors d\u2019une [&hellip;]<\/p>\n","protected":false},"author":4,"featured_media":56312,"comment_status":"open","ping_status":"closed","sticky":false,"template":"","format":"standard","meta":{"content-type":"","jnews-multi-image_gallery":[],"jnews_single_post":{"subtitle":"","format":"standard","video":"","gallery":"","source_name":"","source_url":"","via_name":"","via_url":"","override_template":"0","override":[{"template":"1","single_blog_custom":"","parallax":"1","fullscreen":"1","layout":"right-sidebar","sidebar":"default-sidebar","second_sidebar":"default-sidebar","sticky_sidebar":"1","share_position":"top","share_float_style":"share-monocrhome","show_share_counter":"1","show_view_counter":"1","show_featured":"1","show_post_meta":"1","show_post_author":"1","show_post_author_image":"1","show_post_date":"1","post_date_format":"default","post_date_format_custom":"Y\/m\/d","show_post_category":"1","show_post_reading_time":"0","post_reading_time_wpm":"300","show_zoom_button":"0","zoom_button_out_step":"2","zoom_button_in_step":"3","show_post_tag":"1","show_prev_next_post":"1","show_popup_post":"1","number_popup_post":"1","show_author_box":"0","show_post_related":"0","show_inline_post_related":"0"}],"override_image_size":"0","image_override":[{"single_post_thumbnail_size":"crop-500","single_post_gallery_size":"crop-500"}],"trending_post":"0","trending_post_position":"meta","trending_post_label":"Trending","sponsored_post":"0","sponsored_post_label":"Sponsored by","sponsored_post_name":"","sponsored_post_url":"","sponsored_post_logo_enable":"0","sponsored_post_logo":"","sponsored_post_desc":"","disable_ad":"0"},"jnews_primary_category":{"id":"","hide":""},"jnews_override_bookmark_settings":[],"jnews_review":[],"enable_review":"","type":"","name":"","summary":"","brand":"","sku":"","good":[],"bad":[],"score_override":"","override_value":"","rating":[],"price":[],"jnews_post_split":[],"footnotes":""},"categories":[43,73],"tags":[1080,12507,54,4994],"class_list":["post-56306","post","type-post","status-publish","format-standard","has-post-thumbnail","hentry","category-eco-business","category-eco","tag-integration","tag-lechelle-africaine","tag-tunisie","tag-zlecaf"],"_links":{"self":[{"href":"https:\/\/www.africanchallenges.com\/index.php?rest_route=\/wp\/v2\/posts\/56306","targetHints":{"allow":["GET"]}}],"collection":[{"href":"https:\/\/www.africanchallenges.com\/index.php?rest_route=\/wp\/v2\/posts"}],"about":[{"href":"https:\/\/www.africanchallenges.com\/index.php?rest_route=\/wp\/v2\/types\/post"}],"author":[{"embeddable":true,"href":"https:\/\/www.africanchallenges.com\/index.php?rest_route=\/wp\/v2\/users\/4"}],"replies":[{"embeddable":true,"href":"https:\/\/www.africanchallenges.com\/index.php?rest_route=%2Fwp%2Fv2%2Fcomments&post=56306"}],"version-history":[{"count":1,"href":"https:\/\/www.africanchallenges.com\/index.php?rest_route=\/wp\/v2\/posts\/56306\/revisions"}],"predecessor-version":[{"id":56307,"href":"https:\/\/www.africanchallenges.com\/index.php?rest_route=\/wp\/v2\/posts\/56306\/revisions\/56307"}],"wp:featuredmedia":[{"embeddable":true,"href":"https:\/\/www.africanchallenges.com\/index.php?rest_route=\/wp\/v2\/media\/56312"}],"wp:attachment":[{"href":"https:\/\/www.africanchallenges.com\/index.php?rest_route=%2Fwp%2Fv2%2Fmedia&parent=56306"}],"wp:term":[{"taxonomy":"category","embeddable":true,"href":"https:\/\/www.africanchallenges.com\/index.php?rest_route=%2Fwp%2Fv2%2Fcategories&post=56306"},{"taxonomy":"post_tag","embeddable":true,"href":"https:\/\/www.africanchallenges.com\/index.php?rest_route=%2Fwp%2Fv2%2Ftags&post=56306"}],"curies":[{"name":"wp","href":"https:\/\/api.w.org\/{rel}","templated":true}]}}