{"id":55937,"date":"2024-06-21T13:32:14","date_gmt":"2024-06-21T12:32:14","guid":{"rendered":"https:\/\/www.africanchallenges.com\/?p=55937"},"modified":"2024-06-21T13:33:09","modified_gmt":"2024-06-21T12:33:09","slug":"tunisie-le-chef-de-letat-appelle-a-reviser-le-code-du-travail-et-a-mettre-fin-aux-contrats-dinterim-et-aux-contrats-a-duree-determinee","status":"publish","type":"post","link":"https:\/\/www.africanchallenges.com\/?p=55937","title":{"rendered":"Tunisie : Le chef de l&rsquo;Etat  appelle \u00e0 r\u00e9viser le Code du travail et \u00e0 mettre fin aux contrats d&rsquo;int\u00e9rim et aux contrats \u00e0 dur\u00e9e d\u00e9termin\u00e9e"},"content":{"rendered":"\n<p class=\"wp-block-paragraph\">Lors d&rsquo;une r\u00e9union qui s&rsquo;est tenue hier jeudi 20 juin 2024 au palais de Carthage, le pr\u00e9sident de la R\u00e9publique, Ka\u00efs Sa\u00efed, a \u00e9t\u00e9 inform\u00e9 par le ministre des Affaires sociales, Kamel Madouri, des r\u00e9sultats de la participation de la Tunisie aux r\u00e9unions de l&rsquo;Organisation internationale du travail (OIT).<\/p>\n\n\n\n<p class=\"wp-block-paragraph\">Le pr\u00e9sident Sa\u00efed a r\u00e9it\u00e9r\u00e9, lors de cette occasion, son appel \u00e0 r\u00e9viser le Code du travail et \u00e0 mettre fin aux contrats d&rsquo;int\u00e9rim et aux contrats \u00e0 dur\u00e9e d\u00e9termin\u00e9e. Il a soulign\u00e9 que ces r\u00e9formes visent \u00e0 garantir les droits des travailleurs et \u00e0 les sortir de situations inacceptables qui ne reposent pas sur la justice sociale et ne pr\u00e9servent pas leur dignit\u00e9.<\/p>\n\n\n\n<p class=\"wp-block-paragraph\">Le chef de l&rsquo;\u00c9tat a insist\u00e9 sur la n\u00e9cessit\u00e9 de rompre d\u00e9finitivement avec le pass\u00e9 en r\u00e9visant plusieurs l\u00e9gislations concernant la r\u00e9mun\u00e9ration, les relations de travail, la retraite et l&rsquo;assurance maladie. L&rsquo;objectif est d&rsquo;assurer \u00e0 chaque citoyen des conditions de vie dignes, qu&rsquo;il soit en activit\u00e9 ou \u00e0 la retraite. Le pr\u00e9sident Sa\u00efed a d\u00e9clar\u00e9 que si certaines dispositions l\u00e9gislatives ou r\u00e9glementaires emp\u00eachent aujourd&rsquo;hui la r\u00e9alisation de la justice sociale, il est du devoir national et de l&rsquo;\u00c9tat de les revoir dans les plus brefs d\u00e9lais.<\/p>\n","protected":false},"excerpt":{"rendered":"<p>Lors d&rsquo;une r\u00e9union qui s&rsquo;est tenue hier jeudi 20 juin 2024 au palais de Carthage, le pr\u00e9sident de la R\u00e9publique, Ka\u00efs Sa\u00efed, a \u00e9t\u00e9 inform\u00e9 par le ministre des Affaires sociales, Kamel Madouri, des r\u00e9sultats de la participation de la Tunisie aux r\u00e9unions de l&rsquo;Organisation internationale du travail (OIT). Le pr\u00e9sident Sa\u00efed a r\u00e9it\u00e9r\u00e9, lors [&hellip;]<\/p>\n","protected":false},"author":4,"featured_media":55938,"comment_status":"open","ping_status":"closed","sticky":false,"template":"","format":"standard","meta":{"content-type":"","jnews-multi-image_gallery":[],"jnews_single_post":{"subtitle":"","format":"standard","video":"","gallery":"","source_name":"","source_url":"","via_name":"","via_url":"","override_template":"0","override":[{"template":"1","single_blog_custom":"","parallax":"1","fullscreen":"1","layout":"right-sidebar","sidebar":"default-sidebar","second_sidebar":"default-sidebar","sticky_sidebar":"1","share_position":"top","share_float_style":"share-monocrhome","show_share_counter":"1","show_view_counter":"1","show_featured":"1","show_post_meta":"1","show_post_author":"1","show_post_author_image":"1","show_post_date":"1","post_date_format":"default","post_date_format_custom":"Y\/m\/d","show_post_category":"1","show_post_reading_time":"0","post_reading_time_wpm":"300","show_zoom_button":"0","zoom_button_out_step":"2","zoom_button_in_step":"3","show_post_tag":"1","show_prev_next_post":"1","show_popup_post":"1","number_popup_post":"1","show_author_box":"0","show_post_related":"0","show_inline_post_related":"0"}],"override_image_size":"0","image_override":[{"single_post_thumbnail_size":"crop-500","single_post_gallery_size":"crop-500"}],"trending_post":"0","trending_post_position":"meta","trending_post_label":"Trending","sponsored_post":"0","sponsored_post_label":"Sponsored by","sponsored_post_name":"","sponsored_post_url":"","sponsored_post_logo_enable":"0","sponsored_post_logo":"","sponsored_post_desc":"","disable_ad":"0"},"jnews_primary_category":{"id":"","hide":""},"jnews_override_bookmark_settings":[],"jnews_review":[],"enable_review":"","type":"","name":"","summary":"","brand":"","sku":"","good":[],"bad":[],"score_override":"","override_value":"","rating":[],"price":[],"jnews_post_split":[],"footnotes":""},"categories":[2],"tags":[12429,12430,3694,9732,1797],"class_list":["post-55937","post","type-post","status-publish","format-standard","has-post-thumbnail","hentry","category-news-politique","tag-code-du-travail","tag-contrats-dinterim","tag-kais-saied","tag-kamel-madouri","tag-reunion"],"_links":{"self":[{"href":"https:\/\/www.africanchallenges.com\/index.php?rest_route=\/wp\/v2\/posts\/55937","targetHints":{"allow":["GET"]}}],"collection":[{"href":"https:\/\/www.africanchallenges.com\/index.php?rest_route=\/wp\/v2\/posts"}],"about":[{"href":"https:\/\/www.africanchallenges.com\/index.php?rest_route=\/wp\/v2\/types\/post"}],"author":[{"embeddable":true,"href":"https:\/\/www.africanchallenges.com\/index.php?rest_route=\/wp\/v2\/users\/4"}],"replies":[{"embeddable":true,"href":"https:\/\/www.africanchallenges.com\/index.php?rest_route=%2Fwp%2Fv2%2Fcomments&post=55937"}],"version-history":[{"count":1,"href":"https:\/\/www.africanchallenges.com\/index.php?rest_route=\/wp\/v2\/posts\/55937\/revisions"}],"predecessor-version":[{"id":55939,"href":"https:\/\/www.africanchallenges.com\/index.php?rest_route=\/wp\/v2\/posts\/55937\/revisions\/55939"}],"wp:featuredmedia":[{"embeddable":true,"href":"https:\/\/www.africanchallenges.com\/index.php?rest_route=\/wp\/v2\/media\/55938"}],"wp:attachment":[{"href":"https:\/\/www.africanchallenges.com\/index.php?rest_route=%2Fwp%2Fv2%2Fmedia&parent=55937"}],"wp:term":[{"taxonomy":"category","embeddable":true,"href":"https:\/\/www.africanchallenges.com\/index.php?rest_route=%2Fwp%2Fv2%2Fcategories&post=55937"},{"taxonomy":"post_tag","embeddable":true,"href":"https:\/\/www.africanchallenges.com\/index.php?rest_route=%2Fwp%2Fv2%2Ftags&post=55937"}],"curies":[{"name":"wp","href":"https:\/\/api.w.org\/{rel}","templated":true}]}}