{"id":55905,"date":"2024-06-20T15:07:53","date_gmt":"2024-06-20T14:07:53","guid":{"rendered":"https:\/\/www.africanchallenges.com\/?p=55905"},"modified":"2024-06-20T15:07:54","modified_gmt":"2024-06-20T14:07:54","slug":"belgique-la-deuxieme-edition-des-assises-europeennes-du-journalisme-sous-le-theme-li-a-les-medias-leurope-et-moi-le-journalisme-europeen-au-defi-de-lintelligence-artificielle-d","status":"publish","type":"post","link":"https:\/\/www.africanchallenges.com\/?p=55905","title":{"rendered":"Belgique : La deuxi\u00e8me \u00e9dition des Assises Europ\u00e9ennes du Journalisme sous le th\u00e8me \u00ab\u00a0L&rsquo;I.A, les m\u00e9dias, l&rsquo;Europe et moi : le journalisme europ\u00e9en au d\u00e9fi de l\u2019Intelligence Artificielle\u00a0\u00bb, du 20 au 22 novembre \u00e0 Bruxelles"},"content":{"rendered":"\n<p class=\"wp-block-paragraph\">\u00ab <strong>L&rsquo;I.A, les m\u00e9dias, l&rsquo;Europe et moi <em>: le journalisme europ\u00e9en au d\u00e9fi de l\u2019Intelligence Artificielle <\/em><\/strong>\u00bb : c\u2019est le th\u00e8me de la deuxi\u00e8me \u00e9dition des <strong>Assises Europ\u00e9ennes du Journalisme <\/strong>qui se tiendra du 20 au 22 novembre \u00e0 Bruxelles.<\/p>\n\n\n\n<p class=\"wp-block-paragraph\">Co-organis\u00e9 par l\u2019<strong>IHECS<\/strong><strong> <\/strong>et <strong>Journalisme<\/strong><strong> &amp; Citoyennet\u00e9<\/strong>, l\u2019\u00e9v\u00e9nement, ouvert au public, r\u00e9unira des professionnel\u00b7les de l&rsquo;information, journalistes, dirigeant\u00b7es, universitaires, \u00e9tudiant\u00b7es et enseignant\u00b7es, venu\u00b7es des 27 pays de l&rsquo;Union europ\u00e9enne, pour r\u00e9fl\u00e9chir aux conditions d&rsquo;un journalisme de qualit\u00e9 en Europe.<\/p>\n\n\n\n<p class=\"wp-block-paragraph\">Au programme de cette deuxi\u00e8me \u00e9dition \u00e0 Bruxelles : comment les r\u00e9dactions europ\u00e9ennes s&rsquo;adaptent \u00e0 l&rsquo;IA ? Quels moyens pour s&rsquo;unir et adapter leurs mod\u00e8les \u00e9conomiques dans l&rsquo;\u00e9volution du m\u00e9tier ? Quelles avanc\u00e9es pour l&rsquo;\u00e9ducation aux m\u00e9dias et \u00e0 l&rsquo;information ? Cette 2\u00e8me \u00e9dition s&rsquo;int\u00e9ressera \u00e9galement \u00e0 des questions d&rsquo;ordre plus g\u00e9n\u00e9ral telle que le traitement journalistique de la guerre &#8211; en Europe et au-del\u00e0 de ses fronti\u00e8res, &#8211; celui de l\u2019urgence climatique, des migrations et des menaces qui touchent aujourd&rsquo;hui la libert\u00e9 de la presse et le journalisme en Europe.<\/p>\n\n\n\n<p class=\"wp-block-paragraph\"><em>Les Assises Europ\u00e9ennes du Journalisme de Bruxelles portent l\u2019ambition de devenir le rendez- vous biannuel majeur o\u00f9 les professionnel\u00b7les de l\u2019information peuvent d\u00e9battre des enjeux de leurs m\u00e9tiers avec les publics, les universitaires, les jeunes g\u00e9n\u00e9rations, le monde politique et \u00e9conomique, la soci\u00e9t\u00e9 civile. Elles viennent enrichir les Assises du Journalisme qui se tiennent en France, depuis 2007, et \u00e0 Tunis, depuis 2018, \u00e0 l\u2019initiative de Journalisme &amp; Citoyennet\u00e9.<\/em><\/p>\n\n\n\n<p class=\"wp-block-paragraph\"><em>D\u00e9couvrez les grandes lignes du programme : <\/em><a href=\"https:\/\/journalisme.com\/assises-de-bruxelles\/rendez-vous-dans-5-mois-a-bruxelles\/\"><em>https:\/\/journalisme.com\/assises-de-<\/em><\/a><em> <\/em><a href=\"https:\/\/journalisme.com\/assises-de-bruxelles\/rendez-vous-dans-5-mois-a-bruxelles\/\"><em>bruxelles\/rendez-vous-dans-5-mois-a-bruxelles\/<\/em><\/a><\/p>\n","protected":false},"excerpt":{"rendered":"<p>\u00ab L&rsquo;I.A, les m\u00e9dias, l&rsquo;Europe et moi : le journalisme europ\u00e9en au d\u00e9fi de l\u2019Intelligence Artificielle \u00bb : c\u2019est le th\u00e8me de la deuxi\u00e8me \u00e9dition des Assises Europ\u00e9ennes du Journalisme qui se tiendra du 20 au 22 novembre \u00e0 Bruxelles. Co-organis\u00e9 par l\u2019IHECS et Journalisme &amp; Citoyennet\u00e9, l\u2019\u00e9v\u00e9nement, ouvert au public, r\u00e9unira des professionnel\u00b7les de [&hellip;]<\/p>\n","protected":false},"author":4,"featured_media":55906,"comment_status":"open","ping_status":"closed","sticky":false,"template":"","format":"standard","meta":{"content-type":"","jnews-multi-image_gallery":[],"jnews_single_post":{"subtitle":"","format":"standard","video":"","gallery":"","source_name":"","source_url":"","via_name":"","via_url":"","override_template":"0","override":[{"template":"1","single_blog_custom":"","parallax":"1","fullscreen":"1","layout":"right-sidebar","sidebar":"default-sidebar","second_sidebar":"default-sidebar","sticky_sidebar":"1","share_position":"top","share_float_style":"share-monocrhome","show_share_counter":"1","show_view_counter":"1","show_featured":"1","show_post_meta":"1","show_post_author":"1","show_post_author_image":"1","show_post_date":"1","post_date_format":"default","post_date_format_custom":"Y\/m\/d","show_post_category":"1","show_post_reading_time":"0","post_reading_time_wpm":"300","show_zoom_button":"0","zoom_button_out_step":"2","zoom_button_in_step":"3","show_post_tag":"1","show_prev_next_post":"1","show_popup_post":"1","number_popup_post":"1","show_author_box":"0","show_post_related":"0","show_inline_post_related":"0"}],"override_image_size":"0","image_override":[{"single_post_thumbnail_size":"crop-500","single_post_gallery_size":"crop-500"}],"trending_post":"0","trending_post_position":"meta","trending_post_label":"Trending","sponsored_post":"0","sponsored_post_label":"Sponsored by","sponsored_post_name":"","sponsored_post_url":"","sponsored_post_logo_enable":"0","sponsored_post_logo":"","sponsored_post_desc":"","disable_ad":"0"},"jnews_primary_category":{"id":"","hide":""},"jnews_override_bookmark_settings":[],"jnews_review":[],"enable_review":"","type":"","name":"","summary":"","brand":"","sku":"","good":[],"bad":[],"score_override":"","override_value":"","rating":[],"price":[],"jnews_post_split":[],"footnotes":""},"categories":[6],"tags":[12426,8479,6067,12427,1218,94],"class_list":["post-55905","post","type-post","status-publish","format-standard","has-post-thumbnail","hentry","category-world","tag-assises-europeennes-du-journalisme","tag-bruxelles","tag-europe","tag-i-a","tag-journalisme","tag-medias"],"_links":{"self":[{"href":"https:\/\/www.africanchallenges.com\/index.php?rest_route=\/wp\/v2\/posts\/55905","targetHints":{"allow":["GET"]}}],"collection":[{"href":"https:\/\/www.africanchallenges.com\/index.php?rest_route=\/wp\/v2\/posts"}],"about":[{"href":"https:\/\/www.africanchallenges.com\/index.php?rest_route=\/wp\/v2\/types\/post"}],"author":[{"embeddable":true,"href":"https:\/\/www.africanchallenges.com\/index.php?rest_route=\/wp\/v2\/users\/4"}],"replies":[{"embeddable":true,"href":"https:\/\/www.africanchallenges.com\/index.php?rest_route=%2Fwp%2Fv2%2Fcomments&post=55905"}],"version-history":[{"count":1,"href":"https:\/\/www.africanchallenges.com\/index.php?rest_route=\/wp\/v2\/posts\/55905\/revisions"}],"predecessor-version":[{"id":55907,"href":"https:\/\/www.africanchallenges.com\/index.php?rest_route=\/wp\/v2\/posts\/55905\/revisions\/55907"}],"wp:featuredmedia":[{"embeddable":true,"href":"https:\/\/www.africanchallenges.com\/index.php?rest_route=\/wp\/v2\/media\/55906"}],"wp:attachment":[{"href":"https:\/\/www.africanchallenges.com\/index.php?rest_route=%2Fwp%2Fv2%2Fmedia&parent=55905"}],"wp:term":[{"taxonomy":"category","embeddable":true,"href":"https:\/\/www.africanchallenges.com\/index.php?rest_route=%2Fwp%2Fv2%2Fcategories&post=55905"},{"taxonomy":"post_tag","embeddable":true,"href":"https:\/\/www.africanchallenges.com\/index.php?rest_route=%2Fwp%2Fv2%2Ftags&post=55905"}],"curies":[{"name":"wp","href":"https:\/\/api.w.org\/{rel}","templated":true}]}}